{"id":2301,"date":"2023-09-01T12:33:50","date_gmt":"2023-09-01T12:33:50","guid":{"rendered":"https:\/\/avcw.org\/non-classifiee\/azaz-commemoration-du-10eme-anniversaire-du-massacre-chimique-de-la-ghouta\/"},"modified":"2024-03-05T22:27:56","modified_gmt":"2024-03-05T22:27:56","slug":"azaz-commemoration-du-10eme-anniversaire-du-massacre-chimique-de-la-ghouta","status":"publish","type":"post","link":"https:\/\/avcw.org\/fr\/galerie\/azaz-commemoration-du-10eme-anniversaire-du-massacre-chimique-de-la-ghouta\/","title":{"rendered":"Azaz : Comm\u00e9moration du 10\u00e8me anniversaire du massacre chimique de la Ghouta"},"content":{"rendered":"\n<p><br\/>\u00c0 l&rsquo;occasion du dixi\u00e8me anniversaire du massacre chimique dans la Ghouta, les conseils locaux de la ville d&rsquo;Azaz ont organis\u00e9 un rassemblement en solidarit\u00e9 avec les victimes des armes chimiques en Syrie.  <\/p>\n\n<figure class=\"wp-block-gallery has-nested-images columns-1 is-cropped wp-block-gallery-1 is-layout-flex wp-block-gallery-is-layout-flex\">\n<figure class=\"wp-block-image size-full\"><a href=\"https:\/\/avcw.org\/wp-content\/uploads\/2023\/09\/solidarity_azaz_16.webp\"><img fetchpriority=\"high\" decoding=\"async\" width=\"2048\" height=\"1794\" data-id=\"1206\" src=\"https:\/\/avcw.org\/wp-content\/uploads\/2023\/09\/solidarity_azaz_16.webp\" alt=\"\" class=\"wp-image-1206\" srcset=\"\/\/avcw.org\/wp-content\/uploads\/2023\/09\/solidarity_azaz_16.webp 2048w, \/\/avcw.org\/wp-content\/uploads\/2023\/09\/solidarity_azaz_16-300x263.webp 300w, \/\/avcw.org\/wp-content\/uploads\/2023\/09\/solidarity_azaz_16-1024x897.webp 1024w, \/\/avcw.org\/wp-content\/uploads\/2023\/09\/solidarity_azaz_16-768x673.webp 768w, \/\/avcw.org\/wp-content\/uploads\/2023\/09\/solidarity_azaz_16-1536x1346.webp 1536w\" sizes=\"(max-width: 2048px) 100vw, 2048px\" \/><\/a><\/figure>\n\n\n\n<figure class=\"wp-block-image size-full\"><a href=\"https:\/\/avcw.org\/wp-content\/uploads\/2023\/09\/solidarity_azaz_15.webp\"><img decoding=\"async\" width=\"1857\" height=\"2048\" data-id=\"1205\" src=\"https:\/\/avcw.org\/wp-content\/uploads\/2023\/09\/solidarity_azaz_15.webp\" alt=\"\" class=\"wp-image-1205\" srcset=\"\/\/avcw.org\/wp-content\/uploads\/2023\/09\/solidarity_azaz_15.webp 1857w, \/\/avcw.org\/wp-content\/uploads\/2023\/09\/solidarity_azaz_15-272x300.webp 272w, \/\/avcw.org\/wp-content\/uploads\/2023\/09\/solidarity_azaz_15-929x1024.webp 929w, \/\/avcw.org\/wp-content\/uploads\/2023\/09\/solidarity_azaz_15-768x847.webp 768w, \/\/avcw.org\/wp-content\/uploads\/2023\/09\/solidarity_azaz_15-1393x1536.webp 1393w\" sizes=\"(max-width: 1857px) 100vw, 1857px\" \/><\/a><\/figure>\n\n\n\n<figure class=\"wp-block-image size-full\"><a href=\"https:\/\/avcw.org\/wp-content\/uploads\/2023\/09\/solidarity_azaz_13.webp\"><img decoding=\"async\" width=\"2048\" height=\"1675\" data-id=\"1204\" src=\"https:\/\/avcw.org\/wp-content\/uploads\/2023\/09\/solidarity_azaz_13.webp\" alt=\"\" class=\"wp-image-1204\" srcset=\"\/\/avcw.org\/wp-content\/uploads\/2023\/09\/solidarity_azaz_13.webp 2048w, \/\/avcw.org\/wp-content\/uploads\/2023\/09\/solidarity_azaz_13-300x245.webp 300w, \/\/avcw.org\/wp-content\/uploads\/2023\/09\/solidarity_azaz_13-1024x838.webp 1024w, \/\/avcw.org\/wp-content\/uploads\/2023\/09\/solidarity_azaz_13-768x628.webp 768w, \/\/avcw.org\/wp-content\/uploads\/2023\/09\/solidarity_azaz_13-1536x1256.webp 1536w\" sizes=\"(max-width: 2048px) 100vw, 2048px\" \/><\/a><\/figure>\n\n\n\n<figure class=\"wp-block-image size-full\"><a href=\"https:\/\/avcw.org\/wp-content\/uploads\/2023\/09\/solidarity_azaz_14.webp\"><img loading=\"lazy\" decoding=\"async\" width=\"2048\" height=\"1302\" data-id=\"1203\" src=\"https:\/\/avcw.org\/wp-content\/uploads\/2023\/09\/solidarity_azaz_14.webp\" alt=\"\" class=\"wp-image-1203\" srcset=\"\/\/avcw.org\/wp-content\/uploads\/2023\/09\/solidarity_azaz_14.webp 2048w, \/\/avcw.org\/wp-content\/uploads\/2023\/09\/solidarity_azaz_14-300x191.webp 300w, \/\/avcw.org\/wp-content\/uploads\/2023\/09\/solidarity_azaz_14-1024x651.webp 1024w, \/\/avcw.org\/wp-content\/uploads\/2023\/09\/solidarity_azaz_14-768x488.webp 768w, \/\/avcw.org\/wp-content\/uploads\/2023\/09\/solidarity_azaz_14-1536x977.webp 1536w\" sizes=\"(max-width: 2048px) 100vw, 2048px\" \/><\/a><\/figure>\n\n\n\n<figure class=\"wp-block-image size-full\"><a href=\"https:\/\/avcw.org\/wp-content\/uploads\/2023\/09\/solidarity_azaz_12.webp\"><img loading=\"lazy\" decoding=\"async\" width=\"1491\" height=\"2048\" data-id=\"1202\" src=\"https:\/\/avcw.org\/wp-content\/uploads\/2023\/09\/solidarity_azaz_12.webp\" alt=\"\" class=\"wp-image-1202\" srcset=\"\/\/avcw.org\/wp-content\/uploads\/2023\/09\/solidarity_azaz_12.webp 1491w, \/\/avcw.org\/wp-content\/uploads\/2023\/09\/solidarity_azaz_12-218x300.webp 218w, \/\/avcw.org\/wp-content\/uploads\/2023\/09\/solidarity_azaz_12-746x1024.webp 746w, \/\/avcw.org\/wp-content\/uploads\/2023\/09\/solidarity_azaz_12-768x1055.webp 768w, \/\/avcw.org\/wp-content\/uploads\/2023\/09\/solidarity_azaz_12-1118x1536.webp 1118w\" sizes=\"(max-width: 1491px) 100vw, 1491px\" \/><\/a><\/figure>\n\n\n\n<figure class=\"wp-block-image size-full\"><a href=\"https:\/\/avcw.org\/wp-content\/uploads\/2023\/09\/solidarity_azaz_11.webp\"><img loading=\"lazy\" decoding=\"async\" width=\"2048\" height=\"1225\" data-id=\"1201\" src=\"https:\/\/avcw.org\/wp-content\/uploads\/2023\/09\/solidarity_azaz_11.webp\" alt=\"\" class=\"wp-image-1201\" srcset=\"\/\/avcw.org\/wp-content\/uploads\/2023\/09\/solidarity_azaz_11.webp 2048w, \/\/avcw.org\/wp-content\/uploads\/2023\/09\/solidarity_azaz_11-300x179.webp 300w, \/\/avcw.org\/wp-content\/uploads\/2023\/09\/solidarity_azaz_11-1024x613.webp 1024w, \/\/avcw.org\/wp-content\/uploads\/2023\/09\/solidarity_azaz_11-768x459.webp 768w, \/\/avcw.org\/wp-content\/uploads\/2023\/09\/solidarity_azaz_11-1536x919.webp 1536w\" sizes=\"(max-width: 2048px) 100vw, 2048px\" \/><\/a><\/figure>\n<\/figure>\n","protected":false},"excerpt":{"rendered":"<p>\u00c0 l&rsquo;occasion du dixi\u00e8me anniversaire du massacre chimique dans la Ghouta, les conseils locaux de la ville d&rsquo;Azaz ont organis\u00e9 un rassemblement en solidarit\u00e9 avec les victimes des armes chimiques en Syrie.   <\/p>\n","protected":false},"author":1,"featured_media":2304,"comment_status":"open","ping_status":"closed","sticky":false,"template":"","format":"standard","meta":{"footnotes":""},"categories":[48],"tags":[],"class_list":["post-2301","post","type-post","status-publish","format-standard","has-post-thumbnail","hentry","category-galerie"],"yoast_head":"<!-- This site is optimized with the Yoast SEO plugin v27.5 - https:\/\/yoast.com\/product\/yoast-seo-wordpress\/ -->\n<title>Azaz : Comm\u00e9moration du 10\u00e8me anniversaire du massacre chimique de la Ghouta - Association of Victims of Chemical Weapons<\/title>\n<meta name=\"robots\" content=\"index, follow, max-snippet:-1, max-image-preview:large, max-video-preview:-1\" \/>\n<link rel=\"canonical\" href=\"https:\/\/avcw.org\/fr\/galerie\/azaz-commemoration-du-10eme-anniversaire-du-massacre-chimique-de-la-ghouta\/\" \/>\n<meta property=\"og:locale\" content=\"fr_FR\" \/>\n<meta property=\"og:type\" content=\"article\" \/>\n<meta property=\"og:title\" content=\"Azaz : Comm\u00e9moration du 10\u00e8me anniversaire du massacre chimique de la Ghouta - Association of Victims of Chemical Weapons\" \/>\n<meta property=\"og:description\" content=\"\u00c0 l&#039;occasion du dixi\u00e8me anniversaire du massacre chimique dans la Ghouta, les conseils locaux de la ville d&#039;Azaz ont organis\u00e9 un rassemblement en solidarit\u00e9 avec les victimes des armes chimiques en Syrie.\" \/>\n<meta property=\"og:url\" content=\"https:\/\/avcw.org\/fr\/galerie\/azaz-commemoration-du-10eme-anniversaire-du-massacre-chimique-de-la-ghouta\/\" \/>\n<meta property=\"og:site_name\" content=\"Association of Victims of Chemical Weapons\" \/>\n<meta property=\"article:publisher\" content=\"https:\/\/www.facebook.com\/AVCW.NGO\/\" \/>\n<meta property=\"article:published_time\" content=\"2023-09-01T12:33:50+00:00\" \/>\n<meta property=\"article:modified_time\" content=\"2024-03-05T22:27:56+00:00\" \/>\n<meta property=\"og:image\" content=\"https:\/\/avcw.org\/wp-content\/uploads\/2023\/09\/solidarity_azaz_14.webp\" \/>\n\t<meta property=\"og:image:width\" content=\"2048\" \/>\n\t<meta property=\"og:image:height\" content=\"1302\" \/>\n\t<meta property=\"og:image:type\" content=\"image\/webp\" \/>\n<meta name=\"author\" content=\"surround\" \/>\n<meta name=\"twitter:card\" content=\"summary_large_image\" \/>\n<meta name=\"twitter:creator\" content=\"@avcw_org\" \/>\n<meta name=\"twitter:site\" content=\"@avcw_org\" \/>\n<meta name=\"twitter:label1\" content=\"\u00c9crit par\" \/>\n\t<meta name=\"twitter:data1\" content=\"surround\" \/>\n<script type=\"application\/ld+json\" class=\"yoast-schema-graph\">{\"@context\":\"https:\\\/\\\/schema.org\",\"@graph\":[{\"@type\":\"Article\",\"@id\":\"https:\\\/\\\/avcw.org\\\/fr\\\/galerie\\\/azaz-commemoration-du-10eme-anniversaire-du-massacre-chimique-de-la-ghouta\\\/#article\",\"isPartOf\":{\"@id\":\"https:\\\/\\\/avcw.org\\\/fr\\\/galerie\\\/azaz-commemoration-du-10eme-anniversaire-du-massacre-chimique-de-la-ghouta\\\/\"},\"author\":{\"name\":\"surround\",\"@id\":\"https:\\\/\\\/avcw.org\\\/#\\\/schema\\\/person\\\/b3476fa296fba9be4d80a28ffca93f5e\"},\"headline\":\"Azaz : Comm\u00e9moration du 10\u00e8me anniversaire du massacre chimique de la Ghouta\",\"datePublished\":\"2023-09-01T12:33:50+00:00\",\"dateModified\":\"2024-03-05T22:27:56+00:00\",\"mainEntityOfPage\":{\"@id\":\"https:\\\/\\\/avcw.org\\\/fr\\\/galerie\\\/azaz-commemoration-du-10eme-anniversaire-du-massacre-chimique-de-la-ghouta\\\/\"},\"wordCount\":46,\"commentCount\":0,\"publisher\":{\"@id\":\"https:\\\/\\\/avcw.org\\\/#organization\"},\"image\":{\"@id\":\"https:\\\/\\\/avcw.org\\\/fr\\\/galerie\\\/azaz-commemoration-du-10eme-anniversaire-du-massacre-chimique-de-la-ghouta\\\/#primaryimage\"},\"thumbnailUrl\":\"https:\\\/\\\/avcw.org\\\/wp-content\\\/uploads\\\/2023\\\/09\\\/solidarity_azaz_14.webp\",\"articleSection\":[\"Galerie\"],\"inLanguage\":\"fr-FR\",\"potentialAction\":[{\"@type\":\"CommentAction\",\"name\":\"Comment\",\"target\":[\"https:\\\/\\\/avcw.org\\\/fr\\\/galerie\\\/azaz-commemoration-du-10eme-anniversaire-du-massacre-chimique-de-la-ghouta\\\/#respond\"]}]},{\"@type\":\"WebPage\",\"@id\":\"https:\\\/\\\/avcw.org\\\/fr\\\/galerie\\\/azaz-commemoration-du-10eme-anniversaire-du-massacre-chimique-de-la-ghouta\\\/\",\"url\":\"https:\\\/\\\/avcw.org\\\/fr\\\/galerie\\\/azaz-commemoration-du-10eme-anniversaire-du-massacre-chimique-de-la-ghouta\\\/\",\"name\":\"Azaz : Comm\u00e9moration du 10\u00e8me anniversaire du massacre chimique de la Ghouta - Association of Victims of Chemical Weapons\",\"isPartOf\":{\"@id\":\"https:\\\/\\\/avcw.org\\\/#website\"},\"primaryImageOfPage\":{\"@id\":\"https:\\\/\\\/avcw.org\\\/fr\\\/galerie\\\/azaz-commemoration-du-10eme-anniversaire-du-massacre-chimique-de-la-ghouta\\\/#primaryimage\"},\"image\":{\"@id\":\"https:\\\/\\\/avcw.org\\\/fr\\\/galerie\\\/azaz-commemoration-du-10eme-anniversaire-du-massacre-chimique-de-la-ghouta\\\/#primaryimage\"},\"thumbnailUrl\":\"https:\\\/\\\/avcw.org\\\/wp-content\\\/uploads\\\/2023\\\/09\\\/solidarity_azaz_14.webp\",\"datePublished\":\"2023-09-01T12:33:50+00:00\",\"dateModified\":\"2024-03-05T22:27:56+00:00\",\"breadcrumb\":{\"@id\":\"https:\\\/\\\/avcw.org\\\/fr\\\/galerie\\\/azaz-commemoration-du-10eme-anniversaire-du-massacre-chimique-de-la-ghouta\\\/#breadcrumb\"},\"inLanguage\":\"fr-FR\",\"potentialAction\":[{\"@type\":\"ReadAction\",\"target\":[\"https:\\\/\\\/avcw.org\\\/fr\\\/galerie\\\/azaz-commemoration-du-10eme-anniversaire-du-massacre-chimique-de-la-ghouta\\\/\"]}]},{\"@type\":\"ImageObject\",\"inLanguage\":\"fr-FR\",\"@id\":\"https:\\\/\\\/avcw.org\\\/fr\\\/galerie\\\/azaz-commemoration-du-10eme-anniversaire-du-massacre-chimique-de-la-ghouta\\\/#primaryimage\",\"url\":\"https:\\\/\\\/avcw.org\\\/wp-content\\\/uploads\\\/2023\\\/09\\\/solidarity_azaz_14.webp\",\"contentUrl\":\"https:\\\/\\\/avcw.org\\\/wp-content\\\/uploads\\\/2023\\\/09\\\/solidarity_azaz_14.webp\",\"width\":2048,\"height\":1302},{\"@type\":\"BreadcrumbList\",\"@id\":\"https:\\\/\\\/avcw.org\\\/fr\\\/galerie\\\/azaz-commemoration-du-10eme-anniversaire-du-massacre-chimique-de-la-ghouta\\\/#breadcrumb\",\"itemListElement\":[{\"@type\":\"ListItem\",\"position\":1,\"name\":\"Home\",\"item\":\"https:\\\/\\\/avcw.org\\\/\"},{\"@type\":\"ListItem\",\"position\":2,\"name\":\"Azaz : Comm\u00e9moration du 10\u00e8me anniversaire du massacre chimique de la Ghouta\"}]},{\"@type\":\"WebSite\",\"@id\":\"https:\\\/\\\/avcw.org\\\/#website\",\"url\":\"https:\\\/\\\/avcw.org\\\/\",\"name\":\"Association of Victims of Chemical Weapons\",\"description\":\"\",\"publisher\":{\"@id\":\"https:\\\/\\\/avcw.org\\\/#organization\"},\"potentialAction\":[{\"@type\":\"SearchAction\",\"target\":{\"@type\":\"EntryPoint\",\"urlTemplate\":\"https:\\\/\\\/avcw.org\\\/?s={search_term_string}\"},\"query-input\":{\"@type\":\"PropertyValueSpecification\",\"valueRequired\":true,\"valueName\":\"search_term_string\"}}],\"inLanguage\":\"fr-FR\"},{\"@type\":\"Organization\",\"@id\":\"https:\\\/\\\/avcw.org\\\/#organization\",\"name\":\"Association of Victims of Chemical Weapons\",\"url\":\"https:\\\/\\\/avcw.org\\\/\",\"logo\":{\"@type\":\"ImageObject\",\"inLanguage\":\"fr-FR\",\"@id\":\"https:\\\/\\\/avcw.org\\\/#\\\/schema\\\/logo\\\/image\\\/\",\"url\":\"https:\\\/\\\/avcw.org\\\/wp-content\\\/uploads\\\/2023\\\/07\\\/cropped-signal-2023-07-03-144739_002.jpg\",\"contentUrl\":\"https:\\\/\\\/avcw.org\\\/wp-content\\\/uploads\\\/2023\\\/07\\\/cropped-signal-2023-07-03-144739_002.jpg\",\"width\":512,\"height\":512,\"caption\":\"Association of Victims of Chemical Weapons\"},\"image\":{\"@id\":\"https:\\\/\\\/avcw.org\\\/#\\\/schema\\\/logo\\\/image\\\/\"},\"sameAs\":[\"https:\\\/\\\/www.facebook.com\\\/AVCW.NGO\\\/\",\"https:\\\/\\\/x.com\\\/avcw_org\",\"https:\\\/\\\/www.youtube.com\\\/@avcw2013\",\"https:\\\/\\\/www.instagram.com\\\/avcw_org\\\/\"]},{\"@type\":\"Person\",\"@id\":\"https:\\\/\\\/avcw.org\\\/#\\\/schema\\\/person\\\/b3476fa296fba9be4d80a28ffca93f5e\",\"name\":\"surround\",\"image\":{\"@type\":\"ImageObject\",\"inLanguage\":\"fr-FR\",\"@id\":\"https:\\\/\\\/secure.gravatar.com\\\/avatar\\\/3aa39b4a8dc3a55febf7c9498cc5df0b3007386896275110c56938375c6cb42d?s=96&d=mm&r=g\",\"url\":\"https:\\\/\\\/secure.gravatar.com\\\/avatar\\\/3aa39b4a8dc3a55febf7c9498cc5df0b3007386896275110c56938375c6cb42d?s=96&d=mm&r=g\",\"contentUrl\":\"https:\\\/\\\/secure.gravatar.com\\\/avatar\\\/3aa39b4a8dc3a55febf7c9498cc5df0b3007386896275110c56938375c6cb42d?s=96&d=mm&r=g\",\"caption\":\"surround\"},\"sameAs\":[\"https:\\\/\\\/avcw.org\"],\"url\":\"https:\\\/\\\/avcw.org\\\/fr\\\/author\\\/surround\\\/\"}]}<\/script>\n<!-- \/ Yoast SEO plugin. -->","yoast_head_json":{"title":"Azaz : Comm\u00e9moration du 10\u00e8me anniversaire du massacre chimique de la Ghouta - Association of Victims of Chemical Weapons","robots":{"index":"index","follow":"follow","max-snippet":"max-snippet:-1","max-image-preview":"max-image-preview:large","max-video-preview":"max-video-preview:-1"},"canonical":"https:\/\/avcw.org\/fr\/galerie\/azaz-commemoration-du-10eme-anniversaire-du-massacre-chimique-de-la-ghouta\/","og_locale":"fr_FR","og_type":"article","og_title":"Azaz : Comm\u00e9moration du 10\u00e8me anniversaire du massacre chimique de la Ghouta - Association of Victims of Chemical Weapons","og_description":"\u00c0 l'occasion du dixi\u00e8me anniversaire du massacre chimique dans la Ghouta, les conseils locaux de la ville d'Azaz ont organis\u00e9 un rassemblement en solidarit\u00e9 avec les victimes des armes chimiques en Syrie.","og_url":"https:\/\/avcw.org\/fr\/galerie\/azaz-commemoration-du-10eme-anniversaire-du-massacre-chimique-de-la-ghouta\/","og_site_name":"Association of Victims of Chemical Weapons","article_publisher":"https:\/\/www.facebook.com\/AVCW.NGO\/","article_published_time":"2023-09-01T12:33:50+00:00","article_modified_time":"2024-03-05T22:27:56+00:00","og_image":[{"width":2048,"height":1302,"url":"https:\/\/avcw.org\/wp-content\/uploads\/2023\/09\/solidarity_azaz_14.webp","type":"image\/webp"}],"author":"surround","twitter_card":"summary_large_image","twitter_creator":"@avcw_org","twitter_site":"@avcw_org","twitter_misc":{"\u00c9crit par":"surround"},"schema":{"@context":"https:\/\/schema.org","@graph":[{"@type":"Article","@id":"https:\/\/avcw.org\/fr\/galerie\/azaz-commemoration-du-10eme-anniversaire-du-massacre-chimique-de-la-ghouta\/#article","isPartOf":{"@id":"https:\/\/avcw.org\/fr\/galerie\/azaz-commemoration-du-10eme-anniversaire-du-massacre-chimique-de-la-ghouta\/"},"author":{"name":"surround","@id":"https:\/\/avcw.org\/#\/schema\/person\/b3476fa296fba9be4d80a28ffca93f5e"},"headline":"Azaz : Comm\u00e9moration du 10\u00e8me anniversaire du massacre chimique de la Ghouta","datePublished":"2023-09-01T12:33:50+00:00","dateModified":"2024-03-05T22:27:56+00:00","mainEntityOfPage":{"@id":"https:\/\/avcw.org\/fr\/galerie\/azaz-commemoration-du-10eme-anniversaire-du-massacre-chimique-de-la-ghouta\/"},"wordCount":46,"commentCount":0,"publisher":{"@id":"https:\/\/avcw.org\/#organization"},"image":{"@id":"https:\/\/avcw.org\/fr\/galerie\/azaz-commemoration-du-10eme-anniversaire-du-massacre-chimique-de-la-ghouta\/#primaryimage"},"thumbnailUrl":"https:\/\/avcw.org\/wp-content\/uploads\/2023\/09\/solidarity_azaz_14.webp","articleSection":["Galerie"],"inLanguage":"fr-FR","potentialAction":[{"@type":"CommentAction","name":"Comment","target":["https:\/\/avcw.org\/fr\/galerie\/azaz-commemoration-du-10eme-anniversaire-du-massacre-chimique-de-la-ghouta\/#respond"]}]},{"@type":"WebPage","@id":"https:\/\/avcw.org\/fr\/galerie\/azaz-commemoration-du-10eme-anniversaire-du-massacre-chimique-de-la-ghouta\/","url":"https:\/\/avcw.org\/fr\/galerie\/azaz-commemoration-du-10eme-anniversaire-du-massacre-chimique-de-la-ghouta\/","name":"Azaz : Comm\u00e9moration du 10\u00e8me anniversaire du massacre chimique de la Ghouta - Association of Victims of Chemical Weapons","isPartOf":{"@id":"https:\/\/avcw.org\/#website"},"primaryImageOfPage":{"@id":"https:\/\/avcw.org\/fr\/galerie\/azaz-commemoration-du-10eme-anniversaire-du-massacre-chimique-de-la-ghouta\/#primaryimage"},"image":{"@id":"https:\/\/avcw.org\/fr\/galerie\/azaz-commemoration-du-10eme-anniversaire-du-massacre-chimique-de-la-ghouta\/#primaryimage"},"thumbnailUrl":"https:\/\/avcw.org\/wp-content\/uploads\/2023\/09\/solidarity_azaz_14.webp","datePublished":"2023-09-01T12:33:50+00:00","dateModified":"2024-03-05T22:27:56+00:00","breadcrumb":{"@id":"https:\/\/avcw.org\/fr\/galerie\/azaz-commemoration-du-10eme-anniversaire-du-massacre-chimique-de-la-ghouta\/#breadcrumb"},"inLanguage":"fr-FR","potentialAction":[{"@type":"ReadAction","target":["https:\/\/avcw.org\/fr\/galerie\/azaz-commemoration-du-10eme-anniversaire-du-massacre-chimique-de-la-ghouta\/"]}]},{"@type":"ImageObject","inLanguage":"fr-FR","@id":"https:\/\/avcw.org\/fr\/galerie\/azaz-commemoration-du-10eme-anniversaire-du-massacre-chimique-de-la-ghouta\/#primaryimage","url":"https:\/\/avcw.org\/wp-content\/uploads\/2023\/09\/solidarity_azaz_14.webp","contentUrl":"https:\/\/avcw.org\/wp-content\/uploads\/2023\/09\/solidarity_azaz_14.webp","width":2048,"height":1302},{"@type":"BreadcrumbList","@id":"https:\/\/avcw.org\/fr\/galerie\/azaz-commemoration-du-10eme-anniversaire-du-massacre-chimique-de-la-ghouta\/#breadcrumb","itemListElement":[{"@type":"ListItem","position":1,"name":"Home","item":"https:\/\/avcw.org\/"},{"@type":"ListItem","position":2,"name":"Azaz : Comm\u00e9moration du 10\u00e8me anniversaire du massacre chimique de la Ghouta"}]},{"@type":"WebSite","@id":"https:\/\/avcw.org\/#website","url":"https:\/\/avcw.org\/","name":"Association of Victims of Chemical Weapons","description":"","publisher":{"@id":"https:\/\/avcw.org\/#organization"},"potentialAction":[{"@type":"SearchAction","target":{"@type":"EntryPoint","urlTemplate":"https:\/\/avcw.org\/?s={search_term_string}"},"query-input":{"@type":"PropertyValueSpecification","valueRequired":true,"valueName":"search_term_string"}}],"inLanguage":"fr-FR"},{"@type":"Organization","@id":"https:\/\/avcw.org\/#organization","name":"Association of Victims of Chemical Weapons","url":"https:\/\/avcw.org\/","logo":{"@type":"ImageObject","inLanguage":"fr-FR","@id":"https:\/\/avcw.org\/#\/schema\/logo\/image\/","url":"https:\/\/avcw.org\/wp-content\/uploads\/2023\/07\/cropped-signal-2023-07-03-144739_002.jpg","contentUrl":"https:\/\/avcw.org\/wp-content\/uploads\/2023\/07\/cropped-signal-2023-07-03-144739_002.jpg","width":512,"height":512,"caption":"Association of Victims of Chemical Weapons"},"image":{"@id":"https:\/\/avcw.org\/#\/schema\/logo\/image\/"},"sameAs":["https:\/\/www.facebook.com\/AVCW.NGO\/","https:\/\/x.com\/avcw_org","https:\/\/www.youtube.com\/@avcw2013","https:\/\/www.instagram.com\/avcw_org\/"]},{"@type":"Person","@id":"https:\/\/avcw.org\/#\/schema\/person\/b3476fa296fba9be4d80a28ffca93f5e","name":"surround","image":{"@type":"ImageObject","inLanguage":"fr-FR","@id":"https:\/\/secure.gravatar.com\/avatar\/3aa39b4a8dc3a55febf7c9498cc5df0b3007386896275110c56938375c6cb42d?s=96&d=mm&r=g","url":"https:\/\/secure.gravatar.com\/avatar\/3aa39b4a8dc3a55febf7c9498cc5df0b3007386896275110c56938375c6cb42d?s=96&d=mm&r=g","contentUrl":"https:\/\/secure.gravatar.com\/avatar\/3aa39b4a8dc3a55febf7c9498cc5df0b3007386896275110c56938375c6cb42d?s=96&d=mm&r=g","caption":"surround"},"sameAs":["https:\/\/avcw.org"],"url":"https:\/\/avcw.org\/fr\/author\/surround\/"}]}},"_links":{"self":[{"href":"https:\/\/avcw.org\/fr\/wp-json\/wp\/v2\/posts\/2301","targetHints":{"allow":["GET"]}}],"collection":[{"href":"https:\/\/avcw.org\/fr\/wp-json\/wp\/v2\/posts"}],"about":[{"href":"https:\/\/avcw.org\/fr\/wp-json\/wp\/v2\/types\/post"}],"author":[{"embeddable":true,"href":"https:\/\/avcw.org\/fr\/wp-json\/wp\/v2\/users\/1"}],"replies":[{"embeddable":true,"href":"https:\/\/avcw.org\/fr\/wp-json\/wp\/v2\/comments?post=2301"}],"version-history":[{"count":3,"href":"https:\/\/avcw.org\/fr\/wp-json\/wp\/v2\/posts\/2301\/revisions"}],"predecessor-version":[{"id":2310,"href":"https:\/\/avcw.org\/fr\/wp-json\/wp\/v2\/posts\/2301\/revisions\/2310"}],"wp:featuredmedia":[{"embeddable":true,"href":"https:\/\/avcw.org\/fr\/wp-json\/wp\/v2\/media\/2304"}],"wp:attachment":[{"href":"https:\/\/avcw.org\/fr\/wp-json\/wp\/v2\/media?parent=2301"}],"wp:term":[{"taxonomy":"category","embeddable":true,"href":"https:\/\/avcw.org\/fr\/wp-json\/wp\/v2\/categories?post=2301"},{"taxonomy":"post_tag","embeddable":true,"href":"https:\/\/avcw.org\/fr\/wp-json\/wp\/v2\/tags?post=2301"}],"curies":[{"name":"wp","href":"https:\/\/api.w.org\/{rel}","templated":true}]}}