{"id":2311,"date":"2023-08-23T08:07:07","date_gmt":"2023-08-23T08:07:07","guid":{"rendered":"https:\/\/avcw.org\/non-classifiee\/une-decennie-sest-ecoulee-depuis-la-mort-par-suffocation\/"},"modified":"2024-03-05T22:31:03","modified_gmt":"2024-03-05T22:31:03","slug":"une-decennie-sest-ecoulee-depuis-la-mort-par-suffocation","status":"publish","type":"post","link":"https:\/\/avcw.org\/fr\/galerie\/une-decennie-sest-ecoulee-depuis-la-mort-par-suffocation\/","title":{"rendered":"Une d\u00e9cennie s&rsquo;est \u00e9coul\u00e9e depuis la mort par suffocation."},"content":{"rendered":"\n<p>Dix ans se sont \u00e9coul\u00e9s depuis le plus grand massacre chimique de notre \u00e9poque, et pourtant le responsable reste libre.  <br\/>Plus de 1 400 victimes ont suffoqu\u00e9 cette nuit-l\u00e0. <br\/>Commise par le r\u00e9gime de Bachar el-Assad dans la Ghouta orientale, des gorges ont \u00e9t\u00e9 \u00e9touff\u00e9es de sang-froid, des yeux se sont \u00e9teints, et les \u00e9chos de leurs g\u00e9missements continuent de hanter les meurtriers, implorant vengeance et justice.       <\/p>\n\n<iframe width=\"560\" height=\"410\" src=\"https:\/\/www.youtube.com\/embed\/fyqBD1VR9TY?si=kIAaYxgv6j6-ytr3\" title=\"YouTube video player\" frameborder=\"0\" allow=\"accelerometer; autoplay; clipboard-write; encrypted-media; gyroscope; picture-in-picture; web-share\" allowfullscreen=\"\"><\/iframe>\n","protected":false},"excerpt":{"rendered":"<p>Dans la froideur impitoyable, des gens ont perdu leur souffle et leur regard s&rsquo;est \u00e9teint. Leurs cris de douleur hantent toujours ceux qui les ont fait souffrir, demandant r\u00e9paration et justice.     <\/p>\n","protected":false},"author":1,"featured_media":2312,"comment_status":"open","ping_status":"closed","sticky":false,"template":"","format":"standard","meta":{"footnotes":""},"categories":[48],"tags":[],"class_list":["post-2311","post","type-post","status-publish","format-standard","has-post-thumbnail","hentry","category-galerie"],"yoast_head":"<!-- This site is optimized with the Yoast SEO plugin v27.5 - https:\/\/yoast.com\/product\/yoast-seo-wordpress\/ -->\n<title>Une d\u00e9cennie s&#039;est \u00e9coul\u00e9e depuis la mort par suffocation. - Association of Victims of Chemical Weapons<\/title>\n<meta name=\"robots\" content=\"index, follow, max-snippet:-1, max-image-preview:large, max-video-preview:-1\" \/>\n<link rel=\"canonical\" href=\"https:\/\/avcw.org\/fr\/galerie\/une-decennie-sest-ecoulee-depuis-la-mort-par-suffocation\/\" \/>\n<meta property=\"og:locale\" content=\"fr_FR\" \/>\n<meta property=\"og:type\" content=\"article\" \/>\n<meta property=\"og:title\" content=\"Une d\u00e9cennie s&#039;est \u00e9coul\u00e9e depuis la mort par suffocation. - Association of Victims of Chemical Weapons\" \/>\n<meta property=\"og:description\" content=\"Dans la froideur impitoyable, des gens ont perdu leur souffle et leur regard s&#039;est \u00e9teint. Leurs cris de douleur hantent toujours ceux qui les ont fait souffrir, demandant r\u00e9paration et justice.\" \/>\n<meta property=\"og:url\" content=\"https:\/\/avcw.org\/fr\/galerie\/une-decennie-sest-ecoulee-depuis-la-mort-par-suffocation\/\" \/>\n<meta property=\"og:site_name\" content=\"Association of Victims of Chemical Weapons\" \/>\n<meta property=\"article:publisher\" content=\"https:\/\/www.facebook.com\/AVCW.NGO\/\" \/>\n<meta property=\"article:published_time\" content=\"2023-08-23T08:07:07+00:00\" \/>\n<meta property=\"article:modified_time\" content=\"2024-03-05T22:31:03+00:00\" \/>\n<meta property=\"og:image\" content=\"https:\/\/avcw.org\/wp-content\/uploads\/2023\/08\/gallery_01.webp\" \/>\n\t<meta property=\"og:image:width\" content=\"1600\" \/>\n\t<meta property=\"og:image:height\" content=\"670\" \/>\n\t<meta property=\"og:image:type\" content=\"image\/webp\" \/>\n<meta name=\"author\" content=\"surround\" \/>\n<meta name=\"twitter:card\" content=\"summary_large_image\" \/>\n<meta name=\"twitter:creator\" content=\"@avcw_org\" \/>\n<meta name=\"twitter:site\" content=\"@avcw_org\" \/>\n<meta name=\"twitter:label1\" content=\"\u00c9crit par\" \/>\n\t<meta name=\"twitter:data1\" content=\"surround\" \/>\n<script type=\"application\/ld+json\" class=\"yoast-schema-graph\">{\"@context\":\"https:\\\/\\\/schema.org\",\"@graph\":[{\"@type\":\"Article\",\"@id\":\"https:\\\/\\\/avcw.org\\\/fr\\\/galerie\\\/une-decennie-sest-ecoulee-depuis-la-mort-par-suffocation\\\/#article\",\"isPartOf\":{\"@id\":\"https:\\\/\\\/avcw.org\\\/fr\\\/galerie\\\/une-decennie-sest-ecoulee-depuis-la-mort-par-suffocation\\\/\"},\"author\":{\"name\":\"surround\",\"@id\":\"https:\\\/\\\/avcw.org\\\/#\\\/schema\\\/person\\\/b3476fa296fba9be4d80a28ffca93f5e\"},\"headline\":\"Une d\u00e9cennie s&rsquo;est \u00e9coul\u00e9e depuis la mort par suffocation.\",\"datePublished\":\"2023-08-23T08:07:07+00:00\",\"dateModified\":\"2024-03-05T22:31:03+00:00\",\"mainEntityOfPage\":{\"@id\":\"https:\\\/\\\/avcw.org\\\/fr\\\/galerie\\\/une-decennie-sest-ecoulee-depuis-la-mort-par-suffocation\\\/\"},\"wordCount\":81,\"commentCount\":0,\"publisher\":{\"@id\":\"https:\\\/\\\/avcw.org\\\/#organization\"},\"image\":{\"@id\":\"https:\\\/\\\/avcw.org\\\/fr\\\/galerie\\\/une-decennie-sest-ecoulee-depuis-la-mort-par-suffocation\\\/#primaryimage\"},\"thumbnailUrl\":\"https:\\\/\\\/avcw.org\\\/wp-content\\\/uploads\\\/2023\\\/08\\\/gallery_01.webp\",\"articleSection\":[\"Galerie\"],\"inLanguage\":\"fr-FR\",\"potentialAction\":[{\"@type\":\"CommentAction\",\"name\":\"Comment\",\"target\":[\"https:\\\/\\\/avcw.org\\\/fr\\\/galerie\\\/une-decennie-sest-ecoulee-depuis-la-mort-par-suffocation\\\/#respond\"]}]},{\"@type\":\"WebPage\",\"@id\":\"https:\\\/\\\/avcw.org\\\/fr\\\/galerie\\\/une-decennie-sest-ecoulee-depuis-la-mort-par-suffocation\\\/\",\"url\":\"https:\\\/\\\/avcw.org\\\/fr\\\/galerie\\\/une-decennie-sest-ecoulee-depuis-la-mort-par-suffocation\\\/\",\"name\":\"Une d\u00e9cennie s'est \u00e9coul\u00e9e depuis la mort par suffocation. - Association of Victims of Chemical Weapons\",\"isPartOf\":{\"@id\":\"https:\\\/\\\/avcw.org\\\/#website\"},\"primaryImageOfPage\":{\"@id\":\"https:\\\/\\\/avcw.org\\\/fr\\\/galerie\\\/une-decennie-sest-ecoulee-depuis-la-mort-par-suffocation\\\/#primaryimage\"},\"image\":{\"@id\":\"https:\\\/\\\/avcw.org\\\/fr\\\/galerie\\\/une-decennie-sest-ecoulee-depuis-la-mort-par-suffocation\\\/#primaryimage\"},\"thumbnailUrl\":\"https:\\\/\\\/avcw.org\\\/wp-content\\\/uploads\\\/2023\\\/08\\\/gallery_01.webp\",\"datePublished\":\"2023-08-23T08:07:07+00:00\",\"dateModified\":\"2024-03-05T22:31:03+00:00\",\"breadcrumb\":{\"@id\":\"https:\\\/\\\/avcw.org\\\/fr\\\/galerie\\\/une-decennie-sest-ecoulee-depuis-la-mort-par-suffocation\\\/#breadcrumb\"},\"inLanguage\":\"fr-FR\",\"potentialAction\":[{\"@type\":\"ReadAction\",\"target\":[\"https:\\\/\\\/avcw.org\\\/fr\\\/galerie\\\/une-decennie-sest-ecoulee-depuis-la-mort-par-suffocation\\\/\"]}]},{\"@type\":\"ImageObject\",\"inLanguage\":\"fr-FR\",\"@id\":\"https:\\\/\\\/avcw.org\\\/fr\\\/galerie\\\/une-decennie-sest-ecoulee-depuis-la-mort-par-suffocation\\\/#primaryimage\",\"url\":\"https:\\\/\\\/avcw.org\\\/wp-content\\\/uploads\\\/2023\\\/08\\\/gallery_01.webp\",\"contentUrl\":\"https:\\\/\\\/avcw.org\\\/wp-content\\\/uploads\\\/2023\\\/08\\\/gallery_01.webp\",\"width\":1600,\"height\":670},{\"@type\":\"BreadcrumbList\",\"@id\":\"https:\\\/\\\/avcw.org\\\/fr\\\/galerie\\\/une-decennie-sest-ecoulee-depuis-la-mort-par-suffocation\\\/#breadcrumb\",\"itemListElement\":[{\"@type\":\"ListItem\",\"position\":1,\"name\":\"Home\",\"item\":\"https:\\\/\\\/avcw.org\\\/\"},{\"@type\":\"ListItem\",\"position\":2,\"name\":\"Une d\u00e9cennie s&rsquo;est \u00e9coul\u00e9e depuis la mort par suffocation.\"}]},{\"@type\":\"WebSite\",\"@id\":\"https:\\\/\\\/avcw.org\\\/#website\",\"url\":\"https:\\\/\\\/avcw.org\\\/\",\"name\":\"Association of Victims of Chemical Weapons\",\"description\":\"\",\"publisher\":{\"@id\":\"https:\\\/\\\/avcw.org\\\/#organization\"},\"potentialAction\":[{\"@type\":\"SearchAction\",\"target\":{\"@type\":\"EntryPoint\",\"urlTemplate\":\"https:\\\/\\\/avcw.org\\\/?s={search_term_string}\"},\"query-input\":{\"@type\":\"PropertyValueSpecification\",\"valueRequired\":true,\"valueName\":\"search_term_string\"}}],\"inLanguage\":\"fr-FR\"},{\"@type\":\"Organization\",\"@id\":\"https:\\\/\\\/avcw.org\\\/#organization\",\"name\":\"Association of Victims of Chemical Weapons\",\"url\":\"https:\\\/\\\/avcw.org\\\/\",\"logo\":{\"@type\":\"ImageObject\",\"inLanguage\":\"fr-FR\",\"@id\":\"https:\\\/\\\/avcw.org\\\/#\\\/schema\\\/logo\\\/image\\\/\",\"url\":\"https:\\\/\\\/avcw.org\\\/wp-content\\\/uploads\\\/2023\\\/07\\\/cropped-signal-2023-07-03-144739_002.jpg\",\"contentUrl\":\"https:\\\/\\\/avcw.org\\\/wp-content\\\/uploads\\\/2023\\\/07\\\/cropped-signal-2023-07-03-144739_002.jpg\",\"width\":512,\"height\":512,\"caption\":\"Association of Victims of Chemical Weapons\"},\"image\":{\"@id\":\"https:\\\/\\\/avcw.org\\\/#\\\/schema\\\/logo\\\/image\\\/\"},\"sameAs\":[\"https:\\\/\\\/www.facebook.com\\\/AVCW.NGO\\\/\",\"https:\\\/\\\/x.com\\\/avcw_org\",\"https:\\\/\\\/www.youtube.com\\\/@avcw2013\",\"https:\\\/\\\/www.instagram.com\\\/avcw_org\\\/\"]},{\"@type\":\"Person\",\"@id\":\"https:\\\/\\\/avcw.org\\\/#\\\/schema\\\/person\\\/b3476fa296fba9be4d80a28ffca93f5e\",\"name\":\"surround\",\"image\":{\"@type\":\"ImageObject\",\"inLanguage\":\"fr-FR\",\"@id\":\"https:\\\/\\\/secure.gravatar.com\\\/avatar\\\/3aa39b4a8dc3a55febf7c9498cc5df0b3007386896275110c56938375c6cb42d?s=96&d=mm&r=g\",\"url\":\"https:\\\/\\\/secure.gravatar.com\\\/avatar\\\/3aa39b4a8dc3a55febf7c9498cc5df0b3007386896275110c56938375c6cb42d?s=96&d=mm&r=g\",\"contentUrl\":\"https:\\\/\\\/secure.gravatar.com\\\/avatar\\\/3aa39b4a8dc3a55febf7c9498cc5df0b3007386896275110c56938375c6cb42d?s=96&d=mm&r=g\",\"caption\":\"surround\"},\"sameAs\":[\"https:\\\/\\\/avcw.org\"],\"url\":\"https:\\\/\\\/avcw.org\\\/fr\\\/author\\\/surround\\\/\"}]}<\/script>\n<!-- \/ Yoast SEO plugin. -->","yoast_head_json":{"title":"Une d\u00e9cennie s'est \u00e9coul\u00e9e depuis la mort par suffocation. - Association of Victims of Chemical Weapons","robots":{"index":"index","follow":"follow","max-snippet":"max-snippet:-1","max-image-preview":"max-image-preview:large","max-video-preview":"max-video-preview:-1"},"canonical":"https:\/\/avcw.org\/fr\/galerie\/une-decennie-sest-ecoulee-depuis-la-mort-par-suffocation\/","og_locale":"fr_FR","og_type":"article","og_title":"Une d\u00e9cennie s'est \u00e9coul\u00e9e depuis la mort par suffocation. - Association of Victims of Chemical Weapons","og_description":"Dans la froideur impitoyable, des gens ont perdu leur souffle et leur regard s'est \u00e9teint. Leurs cris de douleur hantent toujours ceux qui les ont fait souffrir, demandant r\u00e9paration et justice.","og_url":"https:\/\/avcw.org\/fr\/galerie\/une-decennie-sest-ecoulee-depuis-la-mort-par-suffocation\/","og_site_name":"Association of Victims of Chemical Weapons","article_publisher":"https:\/\/www.facebook.com\/AVCW.NGO\/","article_published_time":"2023-08-23T08:07:07+00:00","article_modified_time":"2024-03-05T22:31:03+00:00","og_image":[{"width":1600,"height":670,"url":"https:\/\/avcw.org\/wp-content\/uploads\/2023\/08\/gallery_01.webp","type":"image\/webp"}],"author":"surround","twitter_card":"summary_large_image","twitter_creator":"@avcw_org","twitter_site":"@avcw_org","twitter_misc":{"\u00c9crit par":"surround"},"schema":{"@context":"https:\/\/schema.org","@graph":[{"@type":"Article","@id":"https:\/\/avcw.org\/fr\/galerie\/une-decennie-sest-ecoulee-depuis-la-mort-par-suffocation\/#article","isPartOf":{"@id":"https:\/\/avcw.org\/fr\/galerie\/une-decennie-sest-ecoulee-depuis-la-mort-par-suffocation\/"},"author":{"name":"surround","@id":"https:\/\/avcw.org\/#\/schema\/person\/b3476fa296fba9be4d80a28ffca93f5e"},"headline":"Une d\u00e9cennie s&rsquo;est \u00e9coul\u00e9e depuis la mort par suffocation.","datePublished":"2023-08-23T08:07:07+00:00","dateModified":"2024-03-05T22:31:03+00:00","mainEntityOfPage":{"@id":"https:\/\/avcw.org\/fr\/galerie\/une-decennie-sest-ecoulee-depuis-la-mort-par-suffocation\/"},"wordCount":81,"commentCount":0,"publisher":{"@id":"https:\/\/avcw.org\/#organization"},"image":{"@id":"https:\/\/avcw.org\/fr\/galerie\/une-decennie-sest-ecoulee-depuis-la-mort-par-suffocation\/#primaryimage"},"thumbnailUrl":"https:\/\/avcw.org\/wp-content\/uploads\/2023\/08\/gallery_01.webp","articleSection":["Galerie"],"inLanguage":"fr-FR","potentialAction":[{"@type":"CommentAction","name":"Comment","target":["https:\/\/avcw.org\/fr\/galerie\/une-decennie-sest-ecoulee-depuis-la-mort-par-suffocation\/#respond"]}]},{"@type":"WebPage","@id":"https:\/\/avcw.org\/fr\/galerie\/une-decennie-sest-ecoulee-depuis-la-mort-par-suffocation\/","url":"https:\/\/avcw.org\/fr\/galerie\/une-decennie-sest-ecoulee-depuis-la-mort-par-suffocation\/","name":"Une d\u00e9cennie s'est \u00e9coul\u00e9e depuis la mort par suffocation. - Association of Victims of Chemical Weapons","isPartOf":{"@id":"https:\/\/avcw.org\/#website"},"primaryImageOfPage":{"@id":"https:\/\/avcw.org\/fr\/galerie\/une-decennie-sest-ecoulee-depuis-la-mort-par-suffocation\/#primaryimage"},"image":{"@id":"https:\/\/avcw.org\/fr\/galerie\/une-decennie-sest-ecoulee-depuis-la-mort-par-suffocation\/#primaryimage"},"thumbnailUrl":"https:\/\/avcw.org\/wp-content\/uploads\/2023\/08\/gallery_01.webp","datePublished":"2023-08-23T08:07:07+00:00","dateModified":"2024-03-05T22:31:03+00:00","breadcrumb":{"@id":"https:\/\/avcw.org\/fr\/galerie\/une-decennie-sest-ecoulee-depuis-la-mort-par-suffocation\/#breadcrumb"},"inLanguage":"fr-FR","potentialAction":[{"@type":"ReadAction","target":["https:\/\/avcw.org\/fr\/galerie\/une-decennie-sest-ecoulee-depuis-la-mort-par-suffocation\/"]}]},{"@type":"ImageObject","inLanguage":"fr-FR","@id":"https:\/\/avcw.org\/fr\/galerie\/une-decennie-sest-ecoulee-depuis-la-mort-par-suffocation\/#primaryimage","url":"https:\/\/avcw.org\/wp-content\/uploads\/2023\/08\/gallery_01.webp","contentUrl":"https:\/\/avcw.org\/wp-content\/uploads\/2023\/08\/gallery_01.webp","width":1600,"height":670},{"@type":"BreadcrumbList","@id":"https:\/\/avcw.org\/fr\/galerie\/une-decennie-sest-ecoulee-depuis-la-mort-par-suffocation\/#breadcrumb","itemListElement":[{"@type":"ListItem","position":1,"name":"Home","item":"https:\/\/avcw.org\/"},{"@type":"ListItem","position":2,"name":"Une d\u00e9cennie s&rsquo;est \u00e9coul\u00e9e depuis la mort par suffocation."}]},{"@type":"WebSite","@id":"https:\/\/avcw.org\/#website","url":"https:\/\/avcw.org\/","name":"Association of Victims of Chemical Weapons","description":"","publisher":{"@id":"https:\/\/avcw.org\/#organization"},"potentialAction":[{"@type":"SearchAction","target":{"@type":"EntryPoint","urlTemplate":"https:\/\/avcw.org\/?s={search_term_string}"},"query-input":{"@type":"PropertyValueSpecification","valueRequired":true,"valueName":"search_term_string"}}],"inLanguage":"fr-FR"},{"@type":"Organization","@id":"https:\/\/avcw.org\/#organization","name":"Association of Victims of Chemical Weapons","url":"https:\/\/avcw.org\/","logo":{"@type":"ImageObject","inLanguage":"fr-FR","@id":"https:\/\/avcw.org\/#\/schema\/logo\/image\/","url":"https:\/\/avcw.org\/wp-content\/uploads\/2023\/07\/cropped-signal-2023-07-03-144739_002.jpg","contentUrl":"https:\/\/avcw.org\/wp-content\/uploads\/2023\/07\/cropped-signal-2023-07-03-144739_002.jpg","width":512,"height":512,"caption":"Association of Victims of Chemical Weapons"},"image":{"@id":"https:\/\/avcw.org\/#\/schema\/logo\/image\/"},"sameAs":["https:\/\/www.facebook.com\/AVCW.NGO\/","https:\/\/x.com\/avcw_org","https:\/\/www.youtube.com\/@avcw2013","https:\/\/www.instagram.com\/avcw_org\/"]},{"@type":"Person","@id":"https:\/\/avcw.org\/#\/schema\/person\/b3476fa296fba9be4d80a28ffca93f5e","name":"surround","image":{"@type":"ImageObject","inLanguage":"fr-FR","@id":"https:\/\/secure.gravatar.com\/avatar\/3aa39b4a8dc3a55febf7c9498cc5df0b3007386896275110c56938375c6cb42d?s=96&d=mm&r=g","url":"https:\/\/secure.gravatar.com\/avatar\/3aa39b4a8dc3a55febf7c9498cc5df0b3007386896275110c56938375c6cb42d?s=96&d=mm&r=g","contentUrl":"https:\/\/secure.gravatar.com\/avatar\/3aa39b4a8dc3a55febf7c9498cc5df0b3007386896275110c56938375c6cb42d?s=96&d=mm&r=g","caption":"surround"},"sameAs":["https:\/\/avcw.org"],"url":"https:\/\/avcw.org\/fr\/author\/surround\/"}]}},"_links":{"self":[{"href":"https:\/\/avcw.org\/fr\/wp-json\/wp\/v2\/posts\/2311","targetHints":{"allow":["GET"]}}],"collection":[{"href":"https:\/\/avcw.org\/fr\/wp-json\/wp\/v2\/posts"}],"about":[{"href":"https:\/\/avcw.org\/fr\/wp-json\/wp\/v2\/types\/post"}],"author":[{"embeddable":true,"href":"https:\/\/avcw.org\/fr\/wp-json\/wp\/v2\/users\/1"}],"replies":[{"embeddable":true,"href":"https:\/\/avcw.org\/fr\/wp-json\/wp\/v2\/comments?post=2311"}],"version-history":[{"count":1,"href":"https:\/\/avcw.org\/fr\/wp-json\/wp\/v2\/posts\/2311\/revisions"}],"predecessor-version":[{"id":2313,"href":"https:\/\/avcw.org\/fr\/wp-json\/wp\/v2\/posts\/2311\/revisions\/2313"}],"wp:featuredmedia":[{"embeddable":true,"href":"https:\/\/avcw.org\/fr\/wp-json\/wp\/v2\/media\/2312"}],"wp:attachment":[{"href":"https:\/\/avcw.org\/fr\/wp-json\/wp\/v2\/media?parent=2311"}],"wp:term":[{"taxonomy":"category","embeddable":true,"href":"https:\/\/avcw.org\/fr\/wp-json\/wp\/v2\/categories?post=2311"},{"taxonomy":"post_tag","embeddable":true,"href":"https:\/\/avcw.org\/fr\/wp-json\/wp\/v2\/tags?post=2311"}],"curies":[{"name":"wp","href":"https:\/\/api.w.org\/{rel}","templated":true}]}}