{"id":2314,"date":"2023-09-01T12:13:11","date_gmt":"2023-09-01T12:13:11","guid":{"rendered":"https:\/\/avcw.org\/non-classifiee\/idlib-commemoration-du-10eme-anniversaire-du-massacre-chimique\/"},"modified":"2024-03-05T22:32:22","modified_gmt":"2024-03-05T22:32:22","slug":"idlib-commemoration-du-10eme-anniversaire-du-massacre-chimique","status":"publish","type":"post","link":"https:\/\/avcw.org\/fr\/galerie\/idlib-commemoration-du-10eme-anniversaire-du-massacre-chimique\/","title":{"rendered":"Idlib : Comm\u00e9moration du 10\u00e8me anniversaire du massacre chimique"},"content":{"rendered":"\n<p><br\/>Un aper\u00e7u du rassemblement solidaire organis\u00e9 par des activistes syriens \u00e0 Idlib, comm\u00e9morant le 10\u00e8me anniversaire du massacre chimique perp\u00e9tr\u00e9 par le r\u00e9gime syrien dans les Ghouta orientales et occidentales de Damas le 21 ao\u00fbt 2013. Ce rassemblement visait \u00e0 honorer la m\u00e9moire des victimes, \u00e0 r\u00e9affirmer l\u2019importance capitale de la justice et de la reddition des comptes et \u00e0 garantir qu&rsquo;une telle atrocit\u00e9 contre l&rsquo;humanit\u00e9 ne se reproduise plus. Le rassemblement a eu lieu sur les marches du parc public \u00e0 Idlib, organis\u00e9 par la D\u00e9fense Civile Syrienne, \u00e9galement connue sous le nom de \u00ab\u00a0Casques Blancs\u00a0\u00bb.     <\/p>\n\n<p><\/p>\n\n<figure class=\"wp-block-gallery has-nested-images columns-1 wp-block-gallery-1 is-layout-flex wp-block-gallery-is-layout-flex\">\n<figure class=\"wp-block-image size-full\"><a href=\"https:\/\/avcw.org\/wp-content\/uploads\/2023\/09\/solidarity-Azaz_09.webp\"><img fetchpriority=\"high\" decoding=\"async\" width=\"2048\" height=\"1153\" data-id=\"1192\" src=\"https:\/\/avcw.org\/wp-content\/uploads\/2023\/09\/solidarity-Azaz_09.webp\" alt=\"\" class=\"wp-image-1192\" srcset=\"\/\/avcw.org\/wp-content\/uploads\/2023\/09\/solidarity-Azaz_09.webp 2048w, \/\/avcw.org\/wp-content\/uploads\/2023\/09\/solidarity-Azaz_09-300x169.webp 300w, \/\/avcw.org\/wp-content\/uploads\/2023\/09\/solidarity-Azaz_09-1024x577.webp 1024w, \/\/avcw.org\/wp-content\/uploads\/2023\/09\/solidarity-Azaz_09-768x432.webp 768w, \/\/avcw.org\/wp-content\/uploads\/2023\/09\/solidarity-Azaz_09-1536x865.webp 1536w\" sizes=\"(max-width: 2048px) 100vw, 2048px\" \/><\/a><\/figure>\n\n\n\n<figure class=\"wp-block-image size-full\"><a href=\"https:\/\/avcw.org\/wp-content\/uploads\/2023\/09\/solidarity-Azaz_01.webp\"><img decoding=\"async\" width=\"2048\" height=\"1153\" data-id=\"1191\" src=\"https:\/\/avcw.org\/wp-content\/uploads\/2023\/09\/solidarity-Azaz_01.webp\" alt=\"\" class=\"wp-image-1191\" srcset=\"\/\/avcw.org\/wp-content\/uploads\/2023\/09\/solidarity-Azaz_01.webp 2048w, \/\/avcw.org\/wp-content\/uploads\/2023\/09\/solidarity-Azaz_01-300x169.webp 300w, \/\/avcw.org\/wp-content\/uploads\/2023\/09\/solidarity-Azaz_01-1024x577.webp 1024w, \/\/avcw.org\/wp-content\/uploads\/2023\/09\/solidarity-Azaz_01-768x432.webp 768w, \/\/avcw.org\/wp-content\/uploads\/2023\/09\/solidarity-Azaz_01-1536x865.webp 1536w\" sizes=\"(max-width: 2048px) 100vw, 2048px\" \/><\/a><\/figure>\n\n\n\n<figure class=\"wp-block-image size-full\"><a href=\"https:\/\/avcw.org\/wp-content\/uploads\/2023\/09\/solidarity-Azaz_05.webp\"><img decoding=\"async\" width=\"2048\" height=\"1153\" data-id=\"1190\" src=\"https:\/\/avcw.org\/wp-content\/uploads\/2023\/09\/solidarity-Azaz_05.webp\" alt=\"\" class=\"wp-image-1190\" srcset=\"\/\/avcw.org\/wp-content\/uploads\/2023\/09\/solidarity-Azaz_05.webp 2048w, \/\/avcw.org\/wp-content\/uploads\/2023\/09\/solidarity-Azaz_05-300x169.webp 300w, \/\/avcw.org\/wp-content\/uploads\/2023\/09\/solidarity-Azaz_05-1024x577.webp 1024w, \/\/avcw.org\/wp-content\/uploads\/2023\/09\/solidarity-Azaz_05-768x432.webp 768w, \/\/avcw.org\/wp-content\/uploads\/2023\/09\/solidarity-Azaz_05-1536x865.webp 1536w\" sizes=\"(max-width: 2048px) 100vw, 2048px\" \/><\/a><\/figure>\n\n\n\n<figure class=\"wp-block-image size-full\"><a href=\"https:\/\/avcw.org\/wp-content\/uploads\/2023\/09\/solidarity-Azaz_08.webp\"><img loading=\"lazy\" decoding=\"async\" width=\"1920\" height=\"1080\" data-id=\"1189\" src=\"https:\/\/avcw.org\/wp-content\/uploads\/2023\/09\/solidarity-Azaz_08.webp\" alt=\"\" class=\"wp-image-1189\" srcset=\"\/\/avcw.org\/wp-content\/uploads\/2023\/09\/solidarity-Azaz_08.webp 1920w, \/\/avcw.org\/wp-content\/uploads\/2023\/09\/solidarity-Azaz_08-300x169.webp 300w, \/\/avcw.org\/wp-content\/uploads\/2023\/09\/solidarity-Azaz_08-1024x576.webp 1024w, \/\/avcw.org\/wp-content\/uploads\/2023\/09\/solidarity-Azaz_08-768x432.webp 768w, \/\/avcw.org\/wp-content\/uploads\/2023\/09\/solidarity-Azaz_08-1536x864.webp 1536w\" sizes=\"(max-width: 1920px) 100vw, 1920px\" \/><\/a><\/figure>\n\n\n\n<figure class=\"wp-block-image size-full\"><a href=\"https:\/\/avcw.org\/wp-content\/uploads\/2023\/09\/solidarity-Azaz_07.webp\"><img loading=\"lazy\" decoding=\"async\" width=\"2048\" height=\"1153\" data-id=\"1188\" src=\"https:\/\/avcw.org\/wp-content\/uploads\/2023\/09\/solidarity-Azaz_07.webp\" alt=\"\" class=\"wp-image-1188\" srcset=\"\/\/avcw.org\/wp-content\/uploads\/2023\/09\/solidarity-Azaz_07.webp 2048w, \/\/avcw.org\/wp-content\/uploads\/2023\/09\/solidarity-Azaz_07-300x169.webp 300w, \/\/avcw.org\/wp-content\/uploads\/2023\/09\/solidarity-Azaz_07-1024x577.webp 1024w, \/\/avcw.org\/wp-content\/uploads\/2023\/09\/solidarity-Azaz_07-768x432.webp 768w, \/\/avcw.org\/wp-content\/uploads\/2023\/09\/solidarity-Azaz_07-1536x865.webp 1536w\" sizes=\"(max-width: 2048px) 100vw, 2048px\" \/><\/a><\/figure>\n\n\n\n<figure class=\"wp-block-image size-full\"><a href=\"https:\/\/avcw.org\/wp-content\/uploads\/2023\/09\/solidarity-Azaz_02.webp\"><img loading=\"lazy\" decoding=\"async\" width=\"2048\" height=\"1153\" data-id=\"1187\" src=\"https:\/\/avcw.org\/wp-content\/uploads\/2023\/09\/solidarity-Azaz_02.webp\" alt=\"\" class=\"wp-image-1187\" srcset=\"\/\/avcw.org\/wp-content\/uploads\/2023\/09\/solidarity-Azaz_02.webp 2048w, \/\/avcw.org\/wp-content\/uploads\/2023\/09\/solidarity-Azaz_02-300x169.webp 300w, \/\/avcw.org\/wp-content\/uploads\/2023\/09\/solidarity-Azaz_02-1024x577.webp 1024w, \/\/avcw.org\/wp-content\/uploads\/2023\/09\/solidarity-Azaz_02-768x432.webp 768w, \/\/avcw.org\/wp-content\/uploads\/2023\/09\/solidarity-Azaz_02-1536x865.webp 1536w\" sizes=\"(max-width: 2048px) 100vw, 2048px\" \/><\/a><\/figure>\n\n\n\n<figure class=\"wp-block-image size-full\"><a href=\"https:\/\/avcw.org\/wp-content\/uploads\/2023\/09\/solidarity-Azaz_10.webp\"><img loading=\"lazy\" decoding=\"async\" width=\"2048\" height=\"1153\" data-id=\"1186\" src=\"https:\/\/avcw.org\/wp-content\/uploads\/2023\/09\/solidarity-Azaz_10.webp\" alt=\"\" class=\"wp-image-1186\" srcset=\"\/\/avcw.org\/wp-content\/uploads\/2023\/09\/solidarity-Azaz_10.webp 2048w, \/\/avcw.org\/wp-content\/uploads\/2023\/09\/solidarity-Azaz_10-300x169.webp 300w, \/\/avcw.org\/wp-content\/uploads\/2023\/09\/solidarity-Azaz_10-1024x577.webp 1024w, \/\/avcw.org\/wp-content\/uploads\/2023\/09\/solidarity-Azaz_10-768x432.webp 768w, \/\/avcw.org\/wp-content\/uploads\/2023\/09\/solidarity-Azaz_10-1536x865.webp 1536w\" sizes=\"(max-width: 2048px) 100vw, 2048px\" \/><\/a><\/figure>\n\n\n\n<figure class=\"wp-block-image size-full\"><a href=\"https:\/\/avcw.org\/wp-content\/uploads\/2023\/09\/solidarity-Azaz_06.webp\"><img loading=\"lazy\" decoding=\"async\" width=\"2048\" height=\"1153\" data-id=\"1185\" src=\"https:\/\/avcw.org\/wp-content\/uploads\/2023\/09\/solidarity-Azaz_06.webp\" alt=\"\" class=\"wp-image-1185\" srcset=\"\/\/avcw.org\/wp-content\/uploads\/2023\/09\/solidarity-Azaz_06.webp 2048w, \/\/avcw.org\/wp-content\/uploads\/2023\/09\/solidarity-Azaz_06-300x169.webp 300w, \/\/avcw.org\/wp-content\/uploads\/2023\/09\/solidarity-Azaz_06-1024x577.webp 1024w, \/\/avcw.org\/wp-content\/uploads\/2023\/09\/solidarity-Azaz_06-768x432.webp 768w, \/\/avcw.org\/wp-content\/uploads\/2023\/09\/solidarity-Azaz_06-1536x865.webp 1536w\" sizes=\"(max-width: 2048px) 100vw, 2048px\" \/><\/a><\/figure>\n\n\n\n<figure class=\"wp-block-image size-full\"><a href=\"https:\/\/avcw.org\/wp-content\/uploads\/2023\/09\/solidarity-Azaz_03.webp\"><img loading=\"lazy\" decoding=\"async\" width=\"2048\" height=\"1153\" data-id=\"1184\" src=\"https:\/\/avcw.org\/wp-content\/uploads\/2023\/09\/solidarity-Azaz_03.webp\" alt=\"\" class=\"wp-image-1184\" srcset=\"\/\/avcw.org\/wp-content\/uploads\/2023\/09\/solidarity-Azaz_03.webp 2048w, \/\/avcw.org\/wp-content\/uploads\/2023\/09\/solidarity-Azaz_03-300x169.webp 300w, \/\/avcw.org\/wp-content\/uploads\/2023\/09\/solidarity-Azaz_03-1024x577.webp 1024w, \/\/avcw.org\/wp-content\/uploads\/2023\/09\/solidarity-Azaz_03-768x432.webp 768w, \/\/avcw.org\/wp-content\/uploads\/2023\/09\/solidarity-Azaz_03-1536x865.webp 1536w\" sizes=\"(max-width: 2048px) 100vw, 2048px\" \/><\/a><\/figure>\n\n\n\n<figure class=\"wp-block-image size-full\"><a href=\"https:\/\/avcw.org\/wp-content\/uploads\/2023\/09\/solidarity-Azaz_04.webp\"><img loading=\"lazy\" decoding=\"async\" width=\"2048\" height=\"1153\" data-id=\"1183\" src=\"https:\/\/avcw.org\/wp-content\/uploads\/2023\/09\/solidarity-Azaz_04.webp\" alt=\"\" class=\"wp-image-1183\" srcset=\"\/\/avcw.org\/wp-content\/uploads\/2023\/09\/solidarity-Azaz_04.webp 2048w, \/\/avcw.org\/wp-content\/uploads\/2023\/09\/solidarity-Azaz_04-300x169.webp 300w, \/\/avcw.org\/wp-content\/uploads\/2023\/09\/solidarity-Azaz_04-1024x577.webp 1024w, \/\/avcw.org\/wp-content\/uploads\/2023\/09\/solidarity-Azaz_04-768x432.webp 768w, \/\/avcw.org\/wp-content\/uploads\/2023\/09\/solidarity-Azaz_04-1536x865.webp 1536w\" sizes=\"(max-width: 2048px) 100vw, 2048px\" \/><\/a><\/figure>\n<\/figure>\n","protected":false},"excerpt":{"rendered":"<p>Le 21 ao\u00fbt 2023, des activistes syriens ont organis\u00e9 un rassemblement solidaire \u00e0 Idlib pour comm\u00e9morer le 10\u00e8me anniversaire du massacre chimique commis par le r\u00e9gime syrien dans les Ghouta orientales et occidentales de Damas le 21 ao\u00fbt 2013. Cette action a pour but de perp\u00e9tuer le souvenir des victimes, de mettre en avant l&rsquo;importance de la justice et de la responsabilisation, et de s&rsquo;assurer qu&rsquo;une telle atrocit\u00e9 contre l&rsquo;humanit\u00e9 ne se reproduise plus.    <\/p>\n","protected":false},"author":1,"featured_media":2319,"comment_status":"open","ping_status":"closed","sticky":false,"template":"","format":"standard","meta":{"footnotes":""},"categories":[48],"tags":[],"class_list":["post-2314","post","type-post","status-publish","format-standard","has-post-thumbnail","hentry","category-galerie"],"yoast_head":"<!-- This site is optimized with the Yoast SEO plugin v27.5 - https:\/\/yoast.com\/product\/yoast-seo-wordpress\/ -->\n<title>Idlib : Comm\u00e9moration du 10\u00e8me anniversaire du massacre chimique - Association of Victims of Chemical Weapons<\/title>\n<meta name=\"robots\" content=\"index, follow, max-snippet:-1, max-image-preview:large, max-video-preview:-1\" \/>\n<link rel=\"canonical\" href=\"https:\/\/avcw.org\/fr\/galerie\/idlib-commemoration-du-10eme-anniversaire-du-massacre-chimique\/\" \/>\n<meta property=\"og:locale\" content=\"fr_FR\" \/>\n<meta property=\"og:type\" content=\"article\" \/>\n<meta property=\"og:title\" content=\"Idlib : Comm\u00e9moration du 10\u00e8me anniversaire du massacre chimique - Association of Victims of Chemical Weapons\" \/>\n<meta property=\"og:description\" content=\"Le 21 ao\u00fbt 2023, des activistes syriens ont organis\u00e9 un rassemblement solidaire \u00e0 Idlib pour comm\u00e9morer le 10\u00e8me anniversaire du massacre chimique commis par le r\u00e9gime syrien dans les Ghouta orientales et occidentales de Damas le 21 ao\u00fbt 2013. Cette action a pour but de perp\u00e9tuer le souvenir des victimes, de mettre en avant l&#039;importance de la justice et de la responsabilisation, et de s&#039;assurer qu&#039;une telle atrocit\u00e9 contre l&#039;humanit\u00e9 ne se reproduise plus.\" \/>\n<meta property=\"og:url\" content=\"https:\/\/avcw.org\/fr\/galerie\/idlib-commemoration-du-10eme-anniversaire-du-massacre-chimique\/\" \/>\n<meta property=\"og:site_name\" content=\"Association of Victims of Chemical Weapons\" \/>\n<meta property=\"article:publisher\" content=\"https:\/\/www.facebook.com\/AVCW.NGO\/\" \/>\n<meta property=\"article:published_time\" content=\"2023-09-01T12:13:11+00:00\" \/>\n<meta property=\"article:modified_time\" content=\"2024-03-05T22:32:22+00:00\" \/>\n<meta property=\"og:image\" content=\"https:\/\/avcw.org\/wp-content\/uploads\/2023\/09\/solidarity-Azaz_02.webp\" \/>\n\t<meta property=\"og:image:width\" content=\"2048\" \/>\n\t<meta property=\"og:image:height\" content=\"1153\" \/>\n\t<meta property=\"og:image:type\" content=\"image\/webp\" \/>\n<meta name=\"author\" content=\"surround\" \/>\n<meta name=\"twitter:card\" content=\"summary_large_image\" \/>\n<meta name=\"twitter:creator\" content=\"@avcw_org\" \/>\n<meta name=\"twitter:site\" content=\"@avcw_org\" \/>\n<meta name=\"twitter:label1\" content=\"\u00c9crit par\" \/>\n\t<meta name=\"twitter:data1\" content=\"surround\" \/>\n<script type=\"application\/ld+json\" class=\"yoast-schema-graph\">{\"@context\":\"https:\\\/\\\/schema.org\",\"@graph\":[{\"@type\":\"Article\",\"@id\":\"https:\\\/\\\/avcw.org\\\/fr\\\/galerie\\\/idlib-commemoration-du-10eme-anniversaire-du-massacre-chimique\\\/#article\",\"isPartOf\":{\"@id\":\"https:\\\/\\\/avcw.org\\\/fr\\\/galerie\\\/idlib-commemoration-du-10eme-anniversaire-du-massacre-chimique\\\/\"},\"author\":{\"name\":\"surround\",\"@id\":\"https:\\\/\\\/avcw.org\\\/#\\\/schema\\\/person\\\/b3476fa296fba9be4d80a28ffca93f5e\"},\"headline\":\"Idlib : Comm\u00e9moration du 10\u00e8me anniversaire du massacre chimique\",\"datePublished\":\"2023-09-01T12:13:11+00:00\",\"dateModified\":\"2024-03-05T22:32:22+00:00\",\"mainEntityOfPage\":{\"@id\":\"https:\\\/\\\/avcw.org\\\/fr\\\/galerie\\\/idlib-commemoration-du-10eme-anniversaire-du-massacre-chimique\\\/\"},\"wordCount\":110,\"commentCount\":0,\"publisher\":{\"@id\":\"https:\\\/\\\/avcw.org\\\/#organization\"},\"image\":{\"@id\":\"https:\\\/\\\/avcw.org\\\/fr\\\/galerie\\\/idlib-commemoration-du-10eme-anniversaire-du-massacre-chimique\\\/#primaryimage\"},\"thumbnailUrl\":\"https:\\\/\\\/avcw.org\\\/wp-content\\\/uploads\\\/2023\\\/09\\\/solidarity-Azaz_02.webp\",\"articleSection\":[\"Galerie\"],\"inLanguage\":\"fr-FR\",\"potentialAction\":[{\"@type\":\"CommentAction\",\"name\":\"Comment\",\"target\":[\"https:\\\/\\\/avcw.org\\\/fr\\\/galerie\\\/idlib-commemoration-du-10eme-anniversaire-du-massacre-chimique\\\/#respond\"]}]},{\"@type\":\"WebPage\",\"@id\":\"https:\\\/\\\/avcw.org\\\/fr\\\/galerie\\\/idlib-commemoration-du-10eme-anniversaire-du-massacre-chimique\\\/\",\"url\":\"https:\\\/\\\/avcw.org\\\/fr\\\/galerie\\\/idlib-commemoration-du-10eme-anniversaire-du-massacre-chimique\\\/\",\"name\":\"Idlib : Comm\u00e9moration du 10\u00e8me anniversaire du massacre chimique - Association of Victims of Chemical Weapons\",\"isPartOf\":{\"@id\":\"https:\\\/\\\/avcw.org\\\/#website\"},\"primaryImageOfPage\":{\"@id\":\"https:\\\/\\\/avcw.org\\\/fr\\\/galerie\\\/idlib-commemoration-du-10eme-anniversaire-du-massacre-chimique\\\/#primaryimage\"},\"image\":{\"@id\":\"https:\\\/\\\/avcw.org\\\/fr\\\/galerie\\\/idlib-commemoration-du-10eme-anniversaire-du-massacre-chimique\\\/#primaryimage\"},\"thumbnailUrl\":\"https:\\\/\\\/avcw.org\\\/wp-content\\\/uploads\\\/2023\\\/09\\\/solidarity-Azaz_02.webp\",\"datePublished\":\"2023-09-01T12:13:11+00:00\",\"dateModified\":\"2024-03-05T22:32:22+00:00\",\"breadcrumb\":{\"@id\":\"https:\\\/\\\/avcw.org\\\/fr\\\/galerie\\\/idlib-commemoration-du-10eme-anniversaire-du-massacre-chimique\\\/#breadcrumb\"},\"inLanguage\":\"fr-FR\",\"potentialAction\":[{\"@type\":\"ReadAction\",\"target\":[\"https:\\\/\\\/avcw.org\\\/fr\\\/galerie\\\/idlib-commemoration-du-10eme-anniversaire-du-massacre-chimique\\\/\"]}]},{\"@type\":\"ImageObject\",\"inLanguage\":\"fr-FR\",\"@id\":\"https:\\\/\\\/avcw.org\\\/fr\\\/galerie\\\/idlib-commemoration-du-10eme-anniversaire-du-massacre-chimique\\\/#primaryimage\",\"url\":\"https:\\\/\\\/avcw.org\\\/wp-content\\\/uploads\\\/2023\\\/09\\\/solidarity-Azaz_02.webp\",\"contentUrl\":\"https:\\\/\\\/avcw.org\\\/wp-content\\\/uploads\\\/2023\\\/09\\\/solidarity-Azaz_02.webp\",\"width\":2048,\"height\":1153},{\"@type\":\"BreadcrumbList\",\"@id\":\"https:\\\/\\\/avcw.org\\\/fr\\\/galerie\\\/idlib-commemoration-du-10eme-anniversaire-du-massacre-chimique\\\/#breadcrumb\",\"itemListElement\":[{\"@type\":\"ListItem\",\"position\":1,\"name\":\"Home\",\"item\":\"https:\\\/\\\/avcw.org\\\/\"},{\"@type\":\"ListItem\",\"position\":2,\"name\":\"Idlib : Comm\u00e9moration du 10\u00e8me anniversaire du massacre chimique\"}]},{\"@type\":\"WebSite\",\"@id\":\"https:\\\/\\\/avcw.org\\\/#website\",\"url\":\"https:\\\/\\\/avcw.org\\\/\",\"name\":\"Association of Victims of Chemical Weapons\",\"description\":\"\",\"publisher\":{\"@id\":\"https:\\\/\\\/avcw.org\\\/#organization\"},\"potentialAction\":[{\"@type\":\"SearchAction\",\"target\":{\"@type\":\"EntryPoint\",\"urlTemplate\":\"https:\\\/\\\/avcw.org\\\/?s={search_term_string}\"},\"query-input\":{\"@type\":\"PropertyValueSpecification\",\"valueRequired\":true,\"valueName\":\"search_term_string\"}}],\"inLanguage\":\"fr-FR\"},{\"@type\":\"Organization\",\"@id\":\"https:\\\/\\\/avcw.org\\\/#organization\",\"name\":\"Association of Victims of Chemical Weapons\",\"url\":\"https:\\\/\\\/avcw.org\\\/\",\"logo\":{\"@type\":\"ImageObject\",\"inLanguage\":\"fr-FR\",\"@id\":\"https:\\\/\\\/avcw.org\\\/#\\\/schema\\\/logo\\\/image\\\/\",\"url\":\"https:\\\/\\\/avcw.org\\\/wp-content\\\/uploads\\\/2023\\\/07\\\/cropped-signal-2023-07-03-144739_002.jpg\",\"contentUrl\":\"https:\\\/\\\/avcw.org\\\/wp-content\\\/uploads\\\/2023\\\/07\\\/cropped-signal-2023-07-03-144739_002.jpg\",\"width\":512,\"height\":512,\"caption\":\"Association of Victims of Chemical Weapons\"},\"image\":{\"@id\":\"https:\\\/\\\/avcw.org\\\/#\\\/schema\\\/logo\\\/image\\\/\"},\"sameAs\":[\"https:\\\/\\\/www.facebook.com\\\/AVCW.NGO\\\/\",\"https:\\\/\\\/x.com\\\/avcw_org\",\"https:\\\/\\\/www.youtube.com\\\/@avcw2013\",\"https:\\\/\\\/www.instagram.com\\\/avcw_org\\\/\"]},{\"@type\":\"Person\",\"@id\":\"https:\\\/\\\/avcw.org\\\/#\\\/schema\\\/person\\\/b3476fa296fba9be4d80a28ffca93f5e\",\"name\":\"surround\",\"image\":{\"@type\":\"ImageObject\",\"inLanguage\":\"fr-FR\",\"@id\":\"https:\\\/\\\/secure.gravatar.com\\\/avatar\\\/3aa39b4a8dc3a55febf7c9498cc5df0b3007386896275110c56938375c6cb42d?s=96&d=mm&r=g\",\"url\":\"https:\\\/\\\/secure.gravatar.com\\\/avatar\\\/3aa39b4a8dc3a55febf7c9498cc5df0b3007386896275110c56938375c6cb42d?s=96&d=mm&r=g\",\"contentUrl\":\"https:\\\/\\\/secure.gravatar.com\\\/avatar\\\/3aa39b4a8dc3a55febf7c9498cc5df0b3007386896275110c56938375c6cb42d?s=96&d=mm&r=g\",\"caption\":\"surround\"},\"sameAs\":[\"https:\\\/\\\/avcw.org\"],\"url\":\"https:\\\/\\\/avcw.org\\\/fr\\\/author\\\/surround\\\/\"}]}<\/script>\n<!-- \/ Yoast SEO plugin. -->","yoast_head_json":{"title":"Idlib : Comm\u00e9moration du 10\u00e8me anniversaire du massacre chimique - Association of Victims of Chemical Weapons","robots":{"index":"index","follow":"follow","max-snippet":"max-snippet:-1","max-image-preview":"max-image-preview:large","max-video-preview":"max-video-preview:-1"},"canonical":"https:\/\/avcw.org\/fr\/galerie\/idlib-commemoration-du-10eme-anniversaire-du-massacre-chimique\/","og_locale":"fr_FR","og_type":"article","og_title":"Idlib : Comm\u00e9moration du 10\u00e8me anniversaire du massacre chimique - Association of Victims of Chemical Weapons","og_description":"Le 21 ao\u00fbt 2023, des activistes syriens ont organis\u00e9 un rassemblement solidaire \u00e0 Idlib pour comm\u00e9morer le 10\u00e8me anniversaire du massacre chimique commis par le r\u00e9gime syrien dans les Ghouta orientales et occidentales de Damas le 21 ao\u00fbt 2013. Cette action a pour but de perp\u00e9tuer le souvenir des victimes, de mettre en avant l'importance de la justice et de la responsabilisation, et de s'assurer qu'une telle atrocit\u00e9 contre l'humanit\u00e9 ne se reproduise plus.","og_url":"https:\/\/avcw.org\/fr\/galerie\/idlib-commemoration-du-10eme-anniversaire-du-massacre-chimique\/","og_site_name":"Association of Victims of Chemical Weapons","article_publisher":"https:\/\/www.facebook.com\/AVCW.NGO\/","article_published_time":"2023-09-01T12:13:11+00:00","article_modified_time":"2024-03-05T22:32:22+00:00","og_image":[{"width":2048,"height":1153,"url":"https:\/\/avcw.org\/wp-content\/uploads\/2023\/09\/solidarity-Azaz_02.webp","type":"image\/webp"}],"author":"surround","twitter_card":"summary_large_image","twitter_creator":"@avcw_org","twitter_site":"@avcw_org","twitter_misc":{"\u00c9crit par":"surround"},"schema":{"@context":"https:\/\/schema.org","@graph":[{"@type":"Article","@id":"https:\/\/avcw.org\/fr\/galerie\/idlib-commemoration-du-10eme-anniversaire-du-massacre-chimique\/#article","isPartOf":{"@id":"https:\/\/avcw.org\/fr\/galerie\/idlib-commemoration-du-10eme-anniversaire-du-massacre-chimique\/"},"author":{"name":"surround","@id":"https:\/\/avcw.org\/#\/schema\/person\/b3476fa296fba9be4d80a28ffca93f5e"},"headline":"Idlib : Comm\u00e9moration du 10\u00e8me anniversaire du massacre chimique","datePublished":"2023-09-01T12:13:11+00:00","dateModified":"2024-03-05T22:32:22+00:00","mainEntityOfPage":{"@id":"https:\/\/avcw.org\/fr\/galerie\/idlib-commemoration-du-10eme-anniversaire-du-massacre-chimique\/"},"wordCount":110,"commentCount":0,"publisher":{"@id":"https:\/\/avcw.org\/#organization"},"image":{"@id":"https:\/\/avcw.org\/fr\/galerie\/idlib-commemoration-du-10eme-anniversaire-du-massacre-chimique\/#primaryimage"},"thumbnailUrl":"https:\/\/avcw.org\/wp-content\/uploads\/2023\/09\/solidarity-Azaz_02.webp","articleSection":["Galerie"],"inLanguage":"fr-FR","potentialAction":[{"@type":"CommentAction","name":"Comment","target":["https:\/\/avcw.org\/fr\/galerie\/idlib-commemoration-du-10eme-anniversaire-du-massacre-chimique\/#respond"]}]},{"@type":"WebPage","@id":"https:\/\/avcw.org\/fr\/galerie\/idlib-commemoration-du-10eme-anniversaire-du-massacre-chimique\/","url":"https:\/\/avcw.org\/fr\/galerie\/idlib-commemoration-du-10eme-anniversaire-du-massacre-chimique\/","name":"Idlib : Comm\u00e9moration du 10\u00e8me anniversaire du massacre chimique - Association of Victims of Chemical Weapons","isPartOf":{"@id":"https:\/\/avcw.org\/#website"},"primaryImageOfPage":{"@id":"https:\/\/avcw.org\/fr\/galerie\/idlib-commemoration-du-10eme-anniversaire-du-massacre-chimique\/#primaryimage"},"image":{"@id":"https:\/\/avcw.org\/fr\/galerie\/idlib-commemoration-du-10eme-anniversaire-du-massacre-chimique\/#primaryimage"},"thumbnailUrl":"https:\/\/avcw.org\/wp-content\/uploads\/2023\/09\/solidarity-Azaz_02.webp","datePublished":"2023-09-01T12:13:11+00:00","dateModified":"2024-03-05T22:32:22+00:00","breadcrumb":{"@id":"https:\/\/avcw.org\/fr\/galerie\/idlib-commemoration-du-10eme-anniversaire-du-massacre-chimique\/#breadcrumb"},"inLanguage":"fr-FR","potentialAction":[{"@type":"ReadAction","target":["https:\/\/avcw.org\/fr\/galerie\/idlib-commemoration-du-10eme-anniversaire-du-massacre-chimique\/"]}]},{"@type":"ImageObject","inLanguage":"fr-FR","@id":"https:\/\/avcw.org\/fr\/galerie\/idlib-commemoration-du-10eme-anniversaire-du-massacre-chimique\/#primaryimage","url":"https:\/\/avcw.org\/wp-content\/uploads\/2023\/09\/solidarity-Azaz_02.webp","contentUrl":"https:\/\/avcw.org\/wp-content\/uploads\/2023\/09\/solidarity-Azaz_02.webp","width":2048,"height":1153},{"@type":"BreadcrumbList","@id":"https:\/\/avcw.org\/fr\/galerie\/idlib-commemoration-du-10eme-anniversaire-du-massacre-chimique\/#breadcrumb","itemListElement":[{"@type":"ListItem","position":1,"name":"Home","item":"https:\/\/avcw.org\/"},{"@type":"ListItem","position":2,"name":"Idlib : Comm\u00e9moration du 10\u00e8me anniversaire du massacre chimique"}]},{"@type":"WebSite","@id":"https:\/\/avcw.org\/#website","url":"https:\/\/avcw.org\/","name":"Association of Victims of Chemical Weapons","description":"","publisher":{"@id":"https:\/\/avcw.org\/#organization"},"potentialAction":[{"@type":"SearchAction","target":{"@type":"EntryPoint","urlTemplate":"https:\/\/avcw.org\/?s={search_term_string}"},"query-input":{"@type":"PropertyValueSpecification","valueRequired":true,"valueName":"search_term_string"}}],"inLanguage":"fr-FR"},{"@type":"Organization","@id":"https:\/\/avcw.org\/#organization","name":"Association of Victims of Chemical Weapons","url":"https:\/\/avcw.org\/","logo":{"@type":"ImageObject","inLanguage":"fr-FR","@id":"https:\/\/avcw.org\/#\/schema\/logo\/image\/","url":"https:\/\/avcw.org\/wp-content\/uploads\/2023\/07\/cropped-signal-2023-07-03-144739_002.jpg","contentUrl":"https:\/\/avcw.org\/wp-content\/uploads\/2023\/07\/cropped-signal-2023-07-03-144739_002.jpg","width":512,"height":512,"caption":"Association of Victims of Chemical Weapons"},"image":{"@id":"https:\/\/avcw.org\/#\/schema\/logo\/image\/"},"sameAs":["https:\/\/www.facebook.com\/AVCW.NGO\/","https:\/\/x.com\/avcw_org","https:\/\/www.youtube.com\/@avcw2013","https:\/\/www.instagram.com\/avcw_org\/"]},{"@type":"Person","@id":"https:\/\/avcw.org\/#\/schema\/person\/b3476fa296fba9be4d80a28ffca93f5e","name":"surround","image":{"@type":"ImageObject","inLanguage":"fr-FR","@id":"https:\/\/secure.gravatar.com\/avatar\/3aa39b4a8dc3a55febf7c9498cc5df0b3007386896275110c56938375c6cb42d?s=96&d=mm&r=g","url":"https:\/\/secure.gravatar.com\/avatar\/3aa39b4a8dc3a55febf7c9498cc5df0b3007386896275110c56938375c6cb42d?s=96&d=mm&r=g","contentUrl":"https:\/\/secure.gravatar.com\/avatar\/3aa39b4a8dc3a55febf7c9498cc5df0b3007386896275110c56938375c6cb42d?s=96&d=mm&r=g","caption":"surround"},"sameAs":["https:\/\/avcw.org"],"url":"https:\/\/avcw.org\/fr\/author\/surround\/"}]}},"_links":{"self":[{"href":"https:\/\/avcw.org\/fr\/wp-json\/wp\/v2\/posts\/2314","targetHints":{"allow":["GET"]}}],"collection":[{"href":"https:\/\/avcw.org\/fr\/wp-json\/wp\/v2\/posts"}],"about":[{"href":"https:\/\/avcw.org\/fr\/wp-json\/wp\/v2\/types\/post"}],"author":[{"embeddable":true,"href":"https:\/\/avcw.org\/fr\/wp-json\/wp\/v2\/users\/1"}],"replies":[{"embeddable":true,"href":"https:\/\/avcw.org\/fr\/wp-json\/wp\/v2\/comments?post=2314"}],"version-history":[{"count":1,"href":"https:\/\/avcw.org\/fr\/wp-json\/wp\/v2\/posts\/2314\/revisions"}],"predecessor-version":[{"id":2325,"href":"https:\/\/avcw.org\/fr\/wp-json\/wp\/v2\/posts\/2314\/revisions\/2325"}],"wp:featuredmedia":[{"embeddable":true,"href":"https:\/\/avcw.org\/fr\/wp-json\/wp\/v2\/media\/2319"}],"wp:attachment":[{"href":"https:\/\/avcw.org\/fr\/wp-json\/wp\/v2\/media?parent=2314"}],"wp:term":[{"taxonomy":"category","embeddable":true,"href":"https:\/\/avcw.org\/fr\/wp-json\/wp\/v2\/categories?post=2314"},{"taxonomy":"post_tag","embeddable":true,"href":"https:\/\/avcw.org\/fr\/wp-json\/wp\/v2\/tags?post=2314"}],"curies":[{"name":"wp","href":"https:\/\/api.w.org\/{rel}","templated":true}]}}