{"id":2326,"date":"2023-09-01T12:43:44","date_gmt":"2023-09-01T12:43:44","guid":{"rendered":"https:\/\/avcw.org\/non-classifiee\/paris-un-apercu-de-la-manifestation-de-solidarite-a-loccasion-du-dixieme-anniversaire-du-massacre-aux-armes-chimiques\/"},"modified":"2024-03-05T22:33:41","modified_gmt":"2024-03-05T22:33:41","slug":"paris-un-apercu-de-la-manifestation-de-solidarite-a-loccasion-du-dixieme-anniversaire-du-massacre-aux-armes-chimiques","status":"publish","type":"post","link":"https:\/\/avcw.org\/fr\/galerie\/paris-un-apercu-de-la-manifestation-de-solidarite-a-loccasion-du-dixieme-anniversaire-du-massacre-aux-armes-chimiques\/","title":{"rendered":"Paris : Un aper\u00e7u de la manifestation de solidarit\u00e9 \u00e0 l&rsquo;occasion du dixi\u00e8me anniversaire du massacre aux armes chimiques."},"content":{"rendered":"\n<p>Dix ans apr\u00e8s l&rsquo;attaque chimique qui a frapp\u00e9 les Ghouta orientale et occidentale le 21 ao\u00fbt 2013, des centaines de membres de la communaut\u00e9 syrienne en France, se sont rassembl\u00e9s \u00e0 Paris pour comm\u00e9morer cet \u00e9v\u00e9nement tragique. L&rsquo;attaque, qui a fait plus de 1 500 victimes selon l&rsquo;OIAC, a \u00e9t\u00e9 perp\u00e9tr\u00e9e par le r\u00e9gime syrien de Bachar el-Assad, qui a utilis\u00e9 des armes chimiques. Loubna Qanawati, membre de l&rsquo;Organisation pour l&rsquo;interdiction des armes chimiques (OIAC), a particip\u00e9 \u00e0 la comm\u00e9moration et a prononc\u00e9 un discours poignant. Elle a soulign\u00e9 l&rsquo;importance de la justice et de la responsabilisation du r\u00e9gime syrien.       <\/p>\n\n<figure class=\"wp-block-gallery has-nested-images columns-1 is-cropped wp-block-gallery-1 is-layout-flex wp-block-gallery-is-layout-flex\">\n<figure class=\"wp-block-image size-full\"><a href=\"https:\/\/avcw.org\/wp-content\/uploads\/2023\/09\/Paris_solidarity_01.webp\"><img fetchpriority=\"high\" decoding=\"async\" width=\"1535\" height=\"2048\" data-id=\"1222\" src=\"https:\/\/avcw.org\/wp-content\/uploads\/2023\/09\/Paris_solidarity_01.webp\" alt=\"\" class=\"wp-image-1222\" srcset=\"\/\/avcw.org\/wp-content\/uploads\/2023\/09\/Paris_solidarity_01.webp 1535w, \/\/avcw.org\/wp-content\/uploads\/2023\/09\/Paris_solidarity_01-225x300.webp 225w, \/\/avcw.org\/wp-content\/uploads\/2023\/09\/Paris_solidarity_01-768x1025.webp 768w, \/\/avcw.org\/wp-content\/uploads\/2023\/09\/Paris_solidarity_01-1151x1536.webp 1151w\" sizes=\"(max-width: 1535px) 100vw, 1535px\" \/><\/a><\/figure>\n\n\n\n<figure class=\"wp-block-image size-full\"><a href=\"https:\/\/avcw.org\/wp-content\/uploads\/2023\/09\/Paris_solidarity_02.webp\"><img decoding=\"async\" width=\"1881\" height=\"2048\" data-id=\"1216\" src=\"https:\/\/avcw.org\/wp-content\/uploads\/2023\/09\/Paris_solidarity_02.webp\" alt=\"\" class=\"wp-image-1216\" srcset=\"\/\/avcw.org\/wp-content\/uploads\/2023\/09\/Paris_solidarity_02.webp 1881w, \/\/avcw.org\/wp-content\/uploads\/2023\/09\/Paris_solidarity_02-276x300.webp 276w, \/\/avcw.org\/wp-content\/uploads\/2023\/09\/Paris_solidarity_02-941x1024.webp 941w, \/\/avcw.org\/wp-content\/uploads\/2023\/09\/Paris_solidarity_02-768x836.webp 768w, \/\/avcw.org\/wp-content\/uploads\/2023\/09\/Paris_solidarity_02-1411x1536.webp 1411w\" sizes=\"(max-width: 1881px) 100vw, 1881px\" \/><\/a><\/figure>\n\n\n\n<figure class=\"wp-block-image size-full\"><a href=\"https:\/\/avcw.org\/wp-content\/uploads\/2023\/09\/Paris_solidarity_03.webp\"><img decoding=\"async\" width=\"2048\" height=\"1364\" data-id=\"1215\" src=\"https:\/\/avcw.org\/wp-content\/uploads\/2023\/09\/Paris_solidarity_03.webp\" alt=\"\" class=\"wp-image-1215\" srcset=\"\/\/avcw.org\/wp-content\/uploads\/2023\/09\/Paris_solidarity_03.webp 2048w, \/\/avcw.org\/wp-content\/uploads\/2023\/09\/Paris_solidarity_03-300x200.webp 300w, \/\/avcw.org\/wp-content\/uploads\/2023\/09\/Paris_solidarity_03-1024x682.webp 1024w, \/\/avcw.org\/wp-content\/uploads\/2023\/09\/Paris_solidarity_03-768x512.webp 768w, \/\/avcw.org\/wp-content\/uploads\/2023\/09\/Paris_solidarity_03-1536x1023.webp 1536w\" sizes=\"(max-width: 2048px) 100vw, 2048px\" \/><\/a><\/figure>\n\n\n\n<figure class=\"wp-block-image size-full\"><a href=\"https:\/\/avcw.org\/wp-content\/uploads\/2023\/09\/Paris_solidarity_04.webp\"><img loading=\"lazy\" decoding=\"async\" width=\"1428\" height=\"2048\" data-id=\"1218\" src=\"https:\/\/avcw.org\/wp-content\/uploads\/2023\/09\/Paris_solidarity_04.webp\" alt=\"\" class=\"wp-image-1218\" srcset=\"\/\/avcw.org\/wp-content\/uploads\/2023\/09\/Paris_solidarity_04.webp 1428w, \/\/avcw.org\/wp-content\/uploads\/2023\/09\/Paris_solidarity_04-209x300.webp 209w, \/\/avcw.org\/wp-content\/uploads\/2023\/09\/Paris_solidarity_04-714x1024.webp 714w, \/\/avcw.org\/wp-content\/uploads\/2023\/09\/Paris_solidarity_04-768x1101.webp 768w, \/\/avcw.org\/wp-content\/uploads\/2023\/09\/Paris_solidarity_04-1071x1536.webp 1071w\" sizes=\"(max-width: 1428px) 100vw, 1428px\" \/><\/a><\/figure>\n\n\n\n<figure class=\"wp-block-image size-full\"><a href=\"https:\/\/avcw.org\/wp-content\/uploads\/2023\/09\/Paris_solidarity_05.webp\"><img loading=\"lazy\" decoding=\"async\" width=\"2048\" height=\"2024\" data-id=\"1219\" src=\"https:\/\/avcw.org\/wp-content\/uploads\/2023\/09\/Paris_solidarity_05.webp\" alt=\"\" class=\"wp-image-1219\" srcset=\"\/\/avcw.org\/wp-content\/uploads\/2023\/09\/Paris_solidarity_05.webp 2048w, \/\/avcw.org\/wp-content\/uploads\/2023\/09\/Paris_solidarity_05-300x296.webp 300w, \/\/avcw.org\/wp-content\/uploads\/2023\/09\/Paris_solidarity_05-1024x1012.webp 1024w, \/\/avcw.org\/wp-content\/uploads\/2023\/09\/Paris_solidarity_05-768x759.webp 768w, \/\/avcw.org\/wp-content\/uploads\/2023\/09\/Paris_solidarity_05-1536x1518.webp 1536w\" sizes=\"(max-width: 2048px) 100vw, 2048px\" \/><\/a><\/figure>\n\n\n\n<figure class=\"wp-block-image size-full\"><a href=\"https:\/\/avcw.org\/wp-content\/uploads\/2023\/09\/Paris_solidarity_06.webp\"><img loading=\"lazy\" decoding=\"async\" width=\"1365\" height=\"2048\" data-id=\"1217\" src=\"https:\/\/avcw.org\/wp-content\/uploads\/2023\/09\/Paris_solidarity_06.webp\" alt=\"\" class=\"wp-image-1217\" srcset=\"\/\/avcw.org\/wp-content\/uploads\/2023\/09\/Paris_solidarity_06.webp 1365w, \/\/avcw.org\/wp-content\/uploads\/2023\/09\/Paris_solidarity_06-200x300.webp 200w, \/\/avcw.org\/wp-content\/uploads\/2023\/09\/Paris_solidarity_06-683x1024.webp 683w, \/\/avcw.org\/wp-content\/uploads\/2023\/09\/Paris_solidarity_06-768x1152.webp 768w, \/\/avcw.org\/wp-content\/uploads\/2023\/09\/Paris_solidarity_06-1024x1536.webp 1024w\" sizes=\"(max-width: 1365px) 100vw, 1365px\" \/><\/a><\/figure>\n\n\n\n<figure class=\"wp-block-image size-full\"><a href=\"https:\/\/avcw.org\/wp-content\/uploads\/2023\/09\/Paris_solidarity_07.webp\"><img loading=\"lazy\" decoding=\"async\" width=\"2048\" height=\"1971\" data-id=\"1223\" src=\"https:\/\/avcw.org\/wp-content\/uploads\/2023\/09\/Paris_solidarity_07.webp\" alt=\"\" class=\"wp-image-1223\" srcset=\"\/\/avcw.org\/wp-content\/uploads\/2023\/09\/Paris_solidarity_07.webp 2048w, \/\/avcw.org\/wp-content\/uploads\/2023\/09\/Paris_solidarity_07-300x289.webp 300w, \/\/avcw.org\/wp-content\/uploads\/2023\/09\/Paris_solidarity_07-1024x986.webp 1024w, \/\/avcw.org\/wp-content\/uploads\/2023\/09\/Paris_solidarity_07-768x739.webp 768w, \/\/avcw.org\/wp-content\/uploads\/2023\/09\/Paris_solidarity_07-1536x1478.webp 1536w\" sizes=\"(max-width: 2048px) 100vw, 2048px\" \/><\/a><\/figure>\n\n\n\n<figure class=\"wp-block-image size-full\"><a href=\"https:\/\/avcw.org\/wp-content\/uploads\/2023\/09\/Paris_solidarity_08.webp\"><img loading=\"lazy\" decoding=\"async\" width=\"1365\" height=\"2048\" data-id=\"1213\" src=\"https:\/\/avcw.org\/wp-content\/uploads\/2023\/09\/Paris_solidarity_08.webp\" alt=\"\" class=\"wp-image-1213\" srcset=\"\/\/avcw.org\/wp-content\/uploads\/2023\/09\/Paris_solidarity_08.webp 1365w, \/\/avcw.org\/wp-content\/uploads\/2023\/09\/Paris_solidarity_08-200x300.webp 200w, \/\/avcw.org\/wp-content\/uploads\/2023\/09\/Paris_solidarity_08-683x1024.webp 683w, \/\/avcw.org\/wp-content\/uploads\/2023\/09\/Paris_solidarity_08-768x1152.webp 768w, \/\/avcw.org\/wp-content\/uploads\/2023\/09\/Paris_solidarity_08-1024x1536.webp 1024w\" sizes=\"(max-width: 1365px) 100vw, 1365px\" \/><\/a><\/figure>\n\n\n\n<figure class=\"wp-block-image size-full\"><a href=\"https:\/\/avcw.org\/wp-content\/uploads\/2023\/09\/Paris_solidarity_09.webp\"><img loading=\"lazy\" decoding=\"async\" width=\"1826\" height=\"2048\" data-id=\"1214\" src=\"https:\/\/avcw.org\/wp-content\/uploads\/2023\/09\/Paris_solidarity_09.webp\" alt=\"\" class=\"wp-image-1214\" srcset=\"\/\/avcw.org\/wp-content\/uploads\/2023\/09\/Paris_solidarity_09.webp 1826w, \/\/avcw.org\/wp-content\/uploads\/2023\/09\/Paris_solidarity_09-267x300.webp 267w, \/\/avcw.org\/wp-content\/uploads\/2023\/09\/Paris_solidarity_09-913x1024.webp 913w, \/\/avcw.org\/wp-content\/uploads\/2023\/09\/Paris_solidarity_09-768x861.webp 768w, \/\/avcw.org\/wp-content\/uploads\/2023\/09\/Paris_solidarity_09-1370x1536.webp 1370w\" sizes=\"(max-width: 1826px) 100vw, 1826px\" \/><\/a><\/figure>\n\n\n\n<figure class=\"wp-block-image size-full\"><a href=\"https:\/\/avcw.org\/wp-content\/uploads\/2023\/09\/Paris_solidarity_10.webp\"><img loading=\"lazy\" decoding=\"async\" width=\"2048\" height=\"2038\" data-id=\"1220\" src=\"https:\/\/avcw.org\/wp-content\/uploads\/2023\/09\/Paris_solidarity_10.webp\" alt=\"\" class=\"wp-image-1220\" srcset=\"\/\/avcw.org\/wp-content\/uploads\/2023\/09\/Paris_solidarity_10.webp 2048w, \/\/avcw.org\/wp-content\/uploads\/2023\/09\/Paris_solidarity_10-300x300.webp 300w, \/\/avcw.org\/wp-content\/uploads\/2023\/09\/Paris_solidarity_10-1024x1019.webp 1024w, \/\/avcw.org\/wp-content\/uploads\/2023\/09\/Paris_solidarity_10-150x150.webp 150w, \/\/avcw.org\/wp-content\/uploads\/2023\/09\/Paris_solidarity_10-768x764.webp 768w, \/\/avcw.org\/wp-content\/uploads\/2023\/09\/Paris_solidarity_10-1536x1529.webp 1536w\" sizes=\"(max-width: 2048px) 100vw, 2048px\" \/><\/a><\/figure>\n\n\n\n<figure class=\"wp-block-image size-full\"><a href=\"https:\/\/avcw.org\/wp-content\/uploads\/2023\/09\/Paris_solidarity_11.webp\"><img loading=\"lazy\" decoding=\"async\" width=\"1549\" height=\"2048\" data-id=\"1221\" src=\"https:\/\/avcw.org\/wp-content\/uploads\/2023\/09\/Paris_solidarity_11.webp\" alt=\"\" class=\"wp-image-1221\" srcset=\"\/\/avcw.org\/wp-content\/uploads\/2023\/09\/Paris_solidarity_11.webp 1549w, \/\/avcw.org\/wp-content\/uploads\/2023\/09\/Paris_solidarity_11-227x300.webp 227w, \/\/avcw.org\/wp-content\/uploads\/2023\/09\/Paris_solidarity_11-775x1024.webp 775w, \/\/avcw.org\/wp-content\/uploads\/2023\/09\/Paris_solidarity_11-768x1015.webp 768w, \/\/avcw.org\/wp-content\/uploads\/2023\/09\/Paris_solidarity_11-1162x1536.webp 1162w\" sizes=\"(max-width: 1549px) 100vw, 1549px\" \/><\/a><\/figure>\n\n\n\n<figure class=\"wp-block-image size-full\"><a href=\"https:\/\/avcw.org\/wp-content\/uploads\/2023\/09\/Paris_solidarity_12.webp\"><img loading=\"lazy\" decoding=\"async\" width=\"1826\" height=\"2048\" data-id=\"1224\" src=\"https:\/\/avcw.org\/wp-content\/uploads\/2023\/09\/Paris_solidarity_12.webp\" alt=\"\" class=\"wp-image-1224\" srcset=\"\/\/avcw.org\/wp-content\/uploads\/2023\/09\/Paris_solidarity_12.webp 1826w, \/\/avcw.org\/wp-content\/uploads\/2023\/09\/Paris_solidarity_12-267x300.webp 267w, \/\/avcw.org\/wp-content\/uploads\/2023\/09\/Paris_solidarity_12-913x1024.webp 913w, \/\/avcw.org\/wp-content\/uploads\/2023\/09\/Paris_solidarity_12-768x861.webp 768w, \/\/avcw.org\/wp-content\/uploads\/2023\/09\/Paris_solidarity_12-1370x1536.webp 1370w\" sizes=\"(max-width: 1826px) 100vw, 1826px\" \/><\/a><\/figure>\n<\/figure>\n","protected":false},"excerpt":{"rendered":"<p>Avec une large participation de la communaut\u00e9 syrienne en France, des activistes ont comm\u00e9mor\u00e9 le dixi\u00e8me anniversaire du massacre du si\u00e8cle, perp\u00e9tr\u00e9 par le r\u00e9gime syrien le 21 ao\u00fbt 2013 dans la Ghouta orientale et occidentale.   <\/p>\n","protected":false},"author":1,"featured_media":2334,"comment_status":"open","ping_status":"closed","sticky":false,"template":"","format":"standard","meta":{"footnotes":""},"categories":[48],"tags":[],"class_list":["post-2326","post","type-post","status-publish","format-standard","has-post-thumbnail","hentry","category-galerie"],"yoast_head":"<!-- This site is optimized with the Yoast SEO plugin v27.5 - https:\/\/yoast.com\/product\/yoast-seo-wordpress\/ -->\n<title>Paris : Un aper\u00e7u de la manifestation de solidarit\u00e9 \u00e0 l&#039;occasion du dixi\u00e8me anniversaire du massacre aux armes chimiques. - Association of Victims of Chemical Weapons<\/title>\n<meta name=\"robots\" content=\"index, follow, max-snippet:-1, max-image-preview:large, max-video-preview:-1\" \/>\n<link rel=\"canonical\" href=\"https:\/\/avcw.org\/fr\/galerie\/paris-un-apercu-de-la-manifestation-de-solidarite-a-loccasion-du-dixieme-anniversaire-du-massacre-aux-armes-chimiques\/\" \/>\n<meta property=\"og:locale\" content=\"fr_FR\" \/>\n<meta property=\"og:type\" content=\"article\" \/>\n<meta property=\"og:title\" content=\"Paris : Un aper\u00e7u de la manifestation de solidarit\u00e9 \u00e0 l&#039;occasion du dixi\u00e8me anniversaire du massacre aux armes chimiques. - Association of Victims of Chemical Weapons\" \/>\n<meta property=\"og:description\" content=\"Avec une large participation de la communaut\u00e9 syrienne en France, des activistes ont comm\u00e9mor\u00e9 le dixi\u00e8me anniversaire du massacre du si\u00e8cle, perp\u00e9tr\u00e9 par le r\u00e9gime syrien le 21 ao\u00fbt 2013 dans la Ghouta orientale et occidentale.\" \/>\n<meta property=\"og:url\" content=\"https:\/\/avcw.org\/fr\/galerie\/paris-un-apercu-de-la-manifestation-de-solidarite-a-loccasion-du-dixieme-anniversaire-du-massacre-aux-armes-chimiques\/\" \/>\n<meta property=\"og:site_name\" content=\"Association of Victims of Chemical Weapons\" \/>\n<meta property=\"article:publisher\" content=\"https:\/\/www.facebook.com\/AVCW.NGO\/\" \/>\n<meta property=\"article:published_time\" content=\"2023-09-01T12:43:44+00:00\" \/>\n<meta property=\"article:modified_time\" content=\"2024-03-05T22:33:41+00:00\" \/>\n<meta property=\"og:image\" content=\"https:\/\/avcw.org\/wp-content\/uploads\/2023\/09\/Paris_solidarity_10.webp\" \/>\n\t<meta property=\"og:image:width\" content=\"2048\" \/>\n\t<meta property=\"og:image:height\" content=\"2038\" \/>\n\t<meta property=\"og:image:type\" content=\"image\/webp\" \/>\n<meta name=\"author\" content=\"surround\" \/>\n<meta name=\"twitter:card\" content=\"summary_large_image\" \/>\n<meta name=\"twitter:creator\" content=\"@avcw_org\" \/>\n<meta name=\"twitter:site\" content=\"@avcw_org\" \/>\n<meta name=\"twitter:label1\" content=\"\u00c9crit par\" \/>\n\t<meta name=\"twitter:data1\" content=\"surround\" \/>\n\t<meta name=\"twitter:label2\" content=\"Dur\u00e9e de lecture estim\u00e9e\" \/>\n\t<meta name=\"twitter:data2\" content=\"1 minute\" \/>\n<script type=\"application\/ld+json\" class=\"yoast-schema-graph\">{\"@context\":\"https:\\\/\\\/schema.org\",\"@graph\":[{\"@type\":\"Article\",\"@id\":\"https:\\\/\\\/avcw.org\\\/fr\\\/galerie\\\/paris-un-apercu-de-la-manifestation-de-solidarite-a-loccasion-du-dixieme-anniversaire-du-massacre-aux-armes-chimiques\\\/#article\",\"isPartOf\":{\"@id\":\"https:\\\/\\\/avcw.org\\\/fr\\\/galerie\\\/paris-un-apercu-de-la-manifestation-de-solidarite-a-loccasion-du-dixieme-anniversaire-du-massacre-aux-armes-chimiques\\\/\"},\"author\":{\"name\":\"surround\",\"@id\":\"https:\\\/\\\/avcw.org\\\/#\\\/schema\\\/person\\\/b3476fa296fba9be4d80a28ffca93f5e\"},\"headline\":\"Paris : Un aper\u00e7u de la manifestation de solidarit\u00e9 \u00e0 l&rsquo;occasion du dixi\u00e8me anniversaire du massacre aux armes chimiques.\",\"datePublished\":\"2023-09-01T12:43:44+00:00\",\"dateModified\":\"2024-03-05T22:33:41+00:00\",\"mainEntityOfPage\":{\"@id\":\"https:\\\/\\\/avcw.org\\\/fr\\\/galerie\\\/paris-un-apercu-de-la-manifestation-de-solidarite-a-loccasion-du-dixieme-anniversaire-du-massacre-aux-armes-chimiques\\\/\"},\"wordCount\":130,\"commentCount\":0,\"publisher\":{\"@id\":\"https:\\\/\\\/avcw.org\\\/#organization\"},\"image\":{\"@id\":\"https:\\\/\\\/avcw.org\\\/fr\\\/galerie\\\/paris-un-apercu-de-la-manifestation-de-solidarite-a-loccasion-du-dixieme-anniversaire-du-massacre-aux-armes-chimiques\\\/#primaryimage\"},\"thumbnailUrl\":\"https:\\\/\\\/avcw.org\\\/wp-content\\\/uploads\\\/2023\\\/09\\\/Paris_solidarity_10.webp\",\"articleSection\":[\"Galerie\"],\"inLanguage\":\"fr-FR\",\"potentialAction\":[{\"@type\":\"CommentAction\",\"name\":\"Comment\",\"target\":[\"https:\\\/\\\/avcw.org\\\/fr\\\/galerie\\\/paris-un-apercu-de-la-manifestation-de-solidarite-a-loccasion-du-dixieme-anniversaire-du-massacre-aux-armes-chimiques\\\/#respond\"]}]},{\"@type\":\"WebPage\",\"@id\":\"https:\\\/\\\/avcw.org\\\/fr\\\/galerie\\\/paris-un-apercu-de-la-manifestation-de-solidarite-a-loccasion-du-dixieme-anniversaire-du-massacre-aux-armes-chimiques\\\/\",\"url\":\"https:\\\/\\\/avcw.org\\\/fr\\\/galerie\\\/paris-un-apercu-de-la-manifestation-de-solidarite-a-loccasion-du-dixieme-anniversaire-du-massacre-aux-armes-chimiques\\\/\",\"name\":\"Paris : Un aper\u00e7u de la manifestation de solidarit\u00e9 \u00e0 l'occasion du dixi\u00e8me anniversaire du massacre aux armes chimiques. - Association of Victims of Chemical Weapons\",\"isPartOf\":{\"@id\":\"https:\\\/\\\/avcw.org\\\/#website\"},\"primaryImageOfPage\":{\"@id\":\"https:\\\/\\\/avcw.org\\\/fr\\\/galerie\\\/paris-un-apercu-de-la-manifestation-de-solidarite-a-loccasion-du-dixieme-anniversaire-du-massacre-aux-armes-chimiques\\\/#primaryimage\"},\"image\":{\"@id\":\"https:\\\/\\\/avcw.org\\\/fr\\\/galerie\\\/paris-un-apercu-de-la-manifestation-de-solidarite-a-loccasion-du-dixieme-anniversaire-du-massacre-aux-armes-chimiques\\\/#primaryimage\"},\"thumbnailUrl\":\"https:\\\/\\\/avcw.org\\\/wp-content\\\/uploads\\\/2023\\\/09\\\/Paris_solidarity_10.webp\",\"datePublished\":\"2023-09-01T12:43:44+00:00\",\"dateModified\":\"2024-03-05T22:33:41+00:00\",\"breadcrumb\":{\"@id\":\"https:\\\/\\\/avcw.org\\\/fr\\\/galerie\\\/paris-un-apercu-de-la-manifestation-de-solidarite-a-loccasion-du-dixieme-anniversaire-du-massacre-aux-armes-chimiques\\\/#breadcrumb\"},\"inLanguage\":\"fr-FR\",\"potentialAction\":[{\"@type\":\"ReadAction\",\"target\":[\"https:\\\/\\\/avcw.org\\\/fr\\\/galerie\\\/paris-un-apercu-de-la-manifestation-de-solidarite-a-loccasion-du-dixieme-anniversaire-du-massacre-aux-armes-chimiques\\\/\"]}]},{\"@type\":\"ImageObject\",\"inLanguage\":\"fr-FR\",\"@id\":\"https:\\\/\\\/avcw.org\\\/fr\\\/galerie\\\/paris-un-apercu-de-la-manifestation-de-solidarite-a-loccasion-du-dixieme-anniversaire-du-massacre-aux-armes-chimiques\\\/#primaryimage\",\"url\":\"https:\\\/\\\/avcw.org\\\/wp-content\\\/uploads\\\/2023\\\/09\\\/Paris_solidarity_10.webp\",\"contentUrl\":\"https:\\\/\\\/avcw.org\\\/wp-content\\\/uploads\\\/2023\\\/09\\\/Paris_solidarity_10.webp\",\"width\":2048,\"height\":2038},{\"@type\":\"BreadcrumbList\",\"@id\":\"https:\\\/\\\/avcw.org\\\/fr\\\/galerie\\\/paris-un-apercu-de-la-manifestation-de-solidarite-a-loccasion-du-dixieme-anniversaire-du-massacre-aux-armes-chimiques\\\/#breadcrumb\",\"itemListElement\":[{\"@type\":\"ListItem\",\"position\":1,\"name\":\"Home\",\"item\":\"https:\\\/\\\/avcw.org\\\/\"},{\"@type\":\"ListItem\",\"position\":2,\"name\":\"Paris : Un aper\u00e7u de la manifestation de solidarit\u00e9 \u00e0 l&rsquo;occasion du dixi\u00e8me anniversaire du massacre aux armes chimiques.\"}]},{\"@type\":\"WebSite\",\"@id\":\"https:\\\/\\\/avcw.org\\\/#website\",\"url\":\"https:\\\/\\\/avcw.org\\\/\",\"name\":\"Association of Victims of Chemical Weapons\",\"description\":\"\",\"publisher\":{\"@id\":\"https:\\\/\\\/avcw.org\\\/#organization\"},\"potentialAction\":[{\"@type\":\"SearchAction\",\"target\":{\"@type\":\"EntryPoint\",\"urlTemplate\":\"https:\\\/\\\/avcw.org\\\/?s={search_term_string}\"},\"query-input\":{\"@type\":\"PropertyValueSpecification\",\"valueRequired\":true,\"valueName\":\"search_term_string\"}}],\"inLanguage\":\"fr-FR\"},{\"@type\":\"Organization\",\"@id\":\"https:\\\/\\\/avcw.org\\\/#organization\",\"name\":\"Association of Victims of Chemical Weapons\",\"url\":\"https:\\\/\\\/avcw.org\\\/\",\"logo\":{\"@type\":\"ImageObject\",\"inLanguage\":\"fr-FR\",\"@id\":\"https:\\\/\\\/avcw.org\\\/#\\\/schema\\\/logo\\\/image\\\/\",\"url\":\"https:\\\/\\\/avcw.org\\\/wp-content\\\/uploads\\\/2023\\\/07\\\/cropped-signal-2023-07-03-144739_002.jpg\",\"contentUrl\":\"https:\\\/\\\/avcw.org\\\/wp-content\\\/uploads\\\/2023\\\/07\\\/cropped-signal-2023-07-03-144739_002.jpg\",\"width\":512,\"height\":512,\"caption\":\"Association of Victims of Chemical Weapons\"},\"image\":{\"@id\":\"https:\\\/\\\/avcw.org\\\/#\\\/schema\\\/logo\\\/image\\\/\"},\"sameAs\":[\"https:\\\/\\\/www.facebook.com\\\/AVCW.NGO\\\/\",\"https:\\\/\\\/x.com\\\/avcw_org\",\"https:\\\/\\\/www.youtube.com\\\/@avcw2013\",\"https:\\\/\\\/www.instagram.com\\\/avcw_org\\\/\"]},{\"@type\":\"Person\",\"@id\":\"https:\\\/\\\/avcw.org\\\/#\\\/schema\\\/person\\\/b3476fa296fba9be4d80a28ffca93f5e\",\"name\":\"surround\",\"image\":{\"@type\":\"ImageObject\",\"inLanguage\":\"fr-FR\",\"@id\":\"https:\\\/\\\/secure.gravatar.com\\\/avatar\\\/3aa39b4a8dc3a55febf7c9498cc5df0b3007386896275110c56938375c6cb42d?s=96&d=mm&r=g\",\"url\":\"https:\\\/\\\/secure.gravatar.com\\\/avatar\\\/3aa39b4a8dc3a55febf7c9498cc5df0b3007386896275110c56938375c6cb42d?s=96&d=mm&r=g\",\"contentUrl\":\"https:\\\/\\\/secure.gravatar.com\\\/avatar\\\/3aa39b4a8dc3a55febf7c9498cc5df0b3007386896275110c56938375c6cb42d?s=96&d=mm&r=g\",\"caption\":\"surround\"},\"sameAs\":[\"https:\\\/\\\/avcw.org\"],\"url\":\"https:\\\/\\\/avcw.org\\\/fr\\\/author\\\/surround\\\/\"}]}<\/script>\n<!-- \/ Yoast SEO plugin. -->","yoast_head_json":{"title":"Paris : Un aper\u00e7u de la manifestation de solidarit\u00e9 \u00e0 l'occasion du dixi\u00e8me anniversaire du massacre aux armes chimiques. - Association of Victims of Chemical Weapons","robots":{"index":"index","follow":"follow","max-snippet":"max-snippet:-1","max-image-preview":"max-image-preview:large","max-video-preview":"max-video-preview:-1"},"canonical":"https:\/\/avcw.org\/fr\/galerie\/paris-un-apercu-de-la-manifestation-de-solidarite-a-loccasion-du-dixieme-anniversaire-du-massacre-aux-armes-chimiques\/","og_locale":"fr_FR","og_type":"article","og_title":"Paris : Un aper\u00e7u de la manifestation de solidarit\u00e9 \u00e0 l'occasion du dixi\u00e8me anniversaire du massacre aux armes chimiques. - Association of Victims of Chemical Weapons","og_description":"Avec une large participation de la communaut\u00e9 syrienne en France, des activistes ont comm\u00e9mor\u00e9 le dixi\u00e8me anniversaire du massacre du si\u00e8cle, perp\u00e9tr\u00e9 par le r\u00e9gime syrien le 21 ao\u00fbt 2013 dans la Ghouta orientale et occidentale.","og_url":"https:\/\/avcw.org\/fr\/galerie\/paris-un-apercu-de-la-manifestation-de-solidarite-a-loccasion-du-dixieme-anniversaire-du-massacre-aux-armes-chimiques\/","og_site_name":"Association of Victims of Chemical Weapons","article_publisher":"https:\/\/www.facebook.com\/AVCW.NGO\/","article_published_time":"2023-09-01T12:43:44+00:00","article_modified_time":"2024-03-05T22:33:41+00:00","og_image":[{"width":2048,"height":2038,"url":"https:\/\/avcw.org\/wp-content\/uploads\/2023\/09\/Paris_solidarity_10.webp","type":"image\/webp"}],"author":"surround","twitter_card":"summary_large_image","twitter_creator":"@avcw_org","twitter_site":"@avcw_org","twitter_misc":{"\u00c9crit par":"surround","Dur\u00e9e de lecture estim\u00e9e":"1 minute"},"schema":{"@context":"https:\/\/schema.org","@graph":[{"@type":"Article","@id":"https:\/\/avcw.org\/fr\/galerie\/paris-un-apercu-de-la-manifestation-de-solidarite-a-loccasion-du-dixieme-anniversaire-du-massacre-aux-armes-chimiques\/#article","isPartOf":{"@id":"https:\/\/avcw.org\/fr\/galerie\/paris-un-apercu-de-la-manifestation-de-solidarite-a-loccasion-du-dixieme-anniversaire-du-massacre-aux-armes-chimiques\/"},"author":{"name":"surround","@id":"https:\/\/avcw.org\/#\/schema\/person\/b3476fa296fba9be4d80a28ffca93f5e"},"headline":"Paris : Un aper\u00e7u de la manifestation de solidarit\u00e9 \u00e0 l&rsquo;occasion du dixi\u00e8me anniversaire du massacre aux armes chimiques.","datePublished":"2023-09-01T12:43:44+00:00","dateModified":"2024-03-05T22:33:41+00:00","mainEntityOfPage":{"@id":"https:\/\/avcw.org\/fr\/galerie\/paris-un-apercu-de-la-manifestation-de-solidarite-a-loccasion-du-dixieme-anniversaire-du-massacre-aux-armes-chimiques\/"},"wordCount":130,"commentCount":0,"publisher":{"@id":"https:\/\/avcw.org\/#organization"},"image":{"@id":"https:\/\/avcw.org\/fr\/galerie\/paris-un-apercu-de-la-manifestation-de-solidarite-a-loccasion-du-dixieme-anniversaire-du-massacre-aux-armes-chimiques\/#primaryimage"},"thumbnailUrl":"https:\/\/avcw.org\/wp-content\/uploads\/2023\/09\/Paris_solidarity_10.webp","articleSection":["Galerie"],"inLanguage":"fr-FR","potentialAction":[{"@type":"CommentAction","name":"Comment","target":["https:\/\/avcw.org\/fr\/galerie\/paris-un-apercu-de-la-manifestation-de-solidarite-a-loccasion-du-dixieme-anniversaire-du-massacre-aux-armes-chimiques\/#respond"]}]},{"@type":"WebPage","@id":"https:\/\/avcw.org\/fr\/galerie\/paris-un-apercu-de-la-manifestation-de-solidarite-a-loccasion-du-dixieme-anniversaire-du-massacre-aux-armes-chimiques\/","url":"https:\/\/avcw.org\/fr\/galerie\/paris-un-apercu-de-la-manifestation-de-solidarite-a-loccasion-du-dixieme-anniversaire-du-massacre-aux-armes-chimiques\/","name":"Paris : Un aper\u00e7u de la manifestation de solidarit\u00e9 \u00e0 l'occasion du dixi\u00e8me anniversaire du massacre aux armes chimiques. - Association of Victims of Chemical Weapons","isPartOf":{"@id":"https:\/\/avcw.org\/#website"},"primaryImageOfPage":{"@id":"https:\/\/avcw.org\/fr\/galerie\/paris-un-apercu-de-la-manifestation-de-solidarite-a-loccasion-du-dixieme-anniversaire-du-massacre-aux-armes-chimiques\/#primaryimage"},"image":{"@id":"https:\/\/avcw.org\/fr\/galerie\/paris-un-apercu-de-la-manifestation-de-solidarite-a-loccasion-du-dixieme-anniversaire-du-massacre-aux-armes-chimiques\/#primaryimage"},"thumbnailUrl":"https:\/\/avcw.org\/wp-content\/uploads\/2023\/09\/Paris_solidarity_10.webp","datePublished":"2023-09-01T12:43:44+00:00","dateModified":"2024-03-05T22:33:41+00:00","breadcrumb":{"@id":"https:\/\/avcw.org\/fr\/galerie\/paris-un-apercu-de-la-manifestation-de-solidarite-a-loccasion-du-dixieme-anniversaire-du-massacre-aux-armes-chimiques\/#breadcrumb"},"inLanguage":"fr-FR","potentialAction":[{"@type":"ReadAction","target":["https:\/\/avcw.org\/fr\/galerie\/paris-un-apercu-de-la-manifestation-de-solidarite-a-loccasion-du-dixieme-anniversaire-du-massacre-aux-armes-chimiques\/"]}]},{"@type":"ImageObject","inLanguage":"fr-FR","@id":"https:\/\/avcw.org\/fr\/galerie\/paris-un-apercu-de-la-manifestation-de-solidarite-a-loccasion-du-dixieme-anniversaire-du-massacre-aux-armes-chimiques\/#primaryimage","url":"https:\/\/avcw.org\/wp-content\/uploads\/2023\/09\/Paris_solidarity_10.webp","contentUrl":"https:\/\/avcw.org\/wp-content\/uploads\/2023\/09\/Paris_solidarity_10.webp","width":2048,"height":2038},{"@type":"BreadcrumbList","@id":"https:\/\/avcw.org\/fr\/galerie\/paris-un-apercu-de-la-manifestation-de-solidarite-a-loccasion-du-dixieme-anniversaire-du-massacre-aux-armes-chimiques\/#breadcrumb","itemListElement":[{"@type":"ListItem","position":1,"name":"Home","item":"https:\/\/avcw.org\/"},{"@type":"ListItem","position":2,"name":"Paris : Un aper\u00e7u de la manifestation de solidarit\u00e9 \u00e0 l&rsquo;occasion du dixi\u00e8me anniversaire du massacre aux armes chimiques."}]},{"@type":"WebSite","@id":"https:\/\/avcw.org\/#website","url":"https:\/\/avcw.org\/","name":"Association of Victims of Chemical Weapons","description":"","publisher":{"@id":"https:\/\/avcw.org\/#organization"},"potentialAction":[{"@type":"SearchAction","target":{"@type":"EntryPoint","urlTemplate":"https:\/\/avcw.org\/?s={search_term_string}"},"query-input":{"@type":"PropertyValueSpecification","valueRequired":true,"valueName":"search_term_string"}}],"inLanguage":"fr-FR"},{"@type":"Organization","@id":"https:\/\/avcw.org\/#organization","name":"Association of Victims of Chemical Weapons","url":"https:\/\/avcw.org\/","logo":{"@type":"ImageObject","inLanguage":"fr-FR","@id":"https:\/\/avcw.org\/#\/schema\/logo\/image\/","url":"https:\/\/avcw.org\/wp-content\/uploads\/2023\/07\/cropped-signal-2023-07-03-144739_002.jpg","contentUrl":"https:\/\/avcw.org\/wp-content\/uploads\/2023\/07\/cropped-signal-2023-07-03-144739_002.jpg","width":512,"height":512,"caption":"Association of Victims of Chemical Weapons"},"image":{"@id":"https:\/\/avcw.org\/#\/schema\/logo\/image\/"},"sameAs":["https:\/\/www.facebook.com\/AVCW.NGO\/","https:\/\/x.com\/avcw_org","https:\/\/www.youtube.com\/@avcw2013","https:\/\/www.instagram.com\/avcw_org\/"]},{"@type":"Person","@id":"https:\/\/avcw.org\/#\/schema\/person\/b3476fa296fba9be4d80a28ffca93f5e","name":"surround","image":{"@type":"ImageObject","inLanguage":"fr-FR","@id":"https:\/\/secure.gravatar.com\/avatar\/3aa39b4a8dc3a55febf7c9498cc5df0b3007386896275110c56938375c6cb42d?s=96&d=mm&r=g","url":"https:\/\/secure.gravatar.com\/avatar\/3aa39b4a8dc3a55febf7c9498cc5df0b3007386896275110c56938375c6cb42d?s=96&d=mm&r=g","contentUrl":"https:\/\/secure.gravatar.com\/avatar\/3aa39b4a8dc3a55febf7c9498cc5df0b3007386896275110c56938375c6cb42d?s=96&d=mm&r=g","caption":"surround"},"sameAs":["https:\/\/avcw.org"],"url":"https:\/\/avcw.org\/fr\/author\/surround\/"}]}},"_links":{"self":[{"href":"https:\/\/avcw.org\/fr\/wp-json\/wp\/v2\/posts\/2326","targetHints":{"allow":["GET"]}}],"collection":[{"href":"https:\/\/avcw.org\/fr\/wp-json\/wp\/v2\/posts"}],"about":[{"href":"https:\/\/avcw.org\/fr\/wp-json\/wp\/v2\/types\/post"}],"author":[{"embeddable":true,"href":"https:\/\/avcw.org\/fr\/wp-json\/wp\/v2\/users\/1"}],"replies":[{"embeddable":true,"href":"https:\/\/avcw.org\/fr\/wp-json\/wp\/v2\/comments?post=2326"}],"version-history":[{"count":1,"href":"https:\/\/avcw.org\/fr\/wp-json\/wp\/v2\/posts\/2326\/revisions"}],"predecessor-version":[{"id":2339,"href":"https:\/\/avcw.org\/fr\/wp-json\/wp\/v2\/posts\/2326\/revisions\/2339"}],"wp:featuredmedia":[{"embeddable":true,"href":"https:\/\/avcw.org\/fr\/wp-json\/wp\/v2\/media\/2334"}],"wp:attachment":[{"href":"https:\/\/avcw.org\/fr\/wp-json\/wp\/v2\/media?parent=2326"}],"wp:term":[{"taxonomy":"category","embeddable":true,"href":"https:\/\/avcw.org\/fr\/wp-json\/wp\/v2\/categories?post=2326"},{"taxonomy":"post_tag","embeddable":true,"href":"https:\/\/avcw.org\/fr\/wp-json\/wp\/v2\/tags?post=2326"}],"curies":[{"name":"wp","href":"https:\/\/api.w.org\/{rel}","templated":true}]}}