{"id":2340,"date":"2023-09-01T12:51:13","date_gmt":"2023-09-01T12:51:13","guid":{"rendered":"https:\/\/avcw.org\/non-classifiee\/voici-quelques-images-du-rassemblement-de-solidarite-qui-sest-deroule-dans-la-ville-de-lyon-en-france\/"},"modified":"2024-03-05T22:36:56","modified_gmt":"2024-03-05T22:36:56","slug":"voici-quelques-images-du-rassemblement-de-solidarite-qui-sest-deroule-dans-la-ville-de-lyon-en-france","status":"publish","type":"post","link":"https:\/\/avcw.org\/fr\/galerie\/voici-quelques-images-du-rassemblement-de-solidarite-qui-sest-deroule-dans-la-ville-de-lyon-en-france\/","title":{"rendered":"Voici quelques images du rassemblement de solidarit\u00e9 qui s\u2019est d\u00e9roul\u00e9 dans la ville de Lyon, en France."},"content":{"rendered":"\n<p>Voici quelques images du rassemblement de solidarit\u00e9 qui s\u2019est d\u00e9roul\u00e9 dans la ville de Lyon, en France, \u00e0 l&rsquo;occasion du dixi\u00e8me anniversaire du massacre chimique commis par le r\u00e9gime Assad \u00e0 la Ghouta. <\/p>\n\n<figure class=\"wp-block-gallery has-nested-images columns-1 is-cropped wp-block-gallery-1 is-layout-flex wp-block-gallery-is-layout-flex\">\n<figure class=\"wp-block-image size-full\"><a href=\"https:\/\/avcw.org\/wp-content\/uploads\/2023\/09\/Lyon_solidarity_01-scaled.webp\"><img fetchpriority=\"high\" decoding=\"async\" width=\"2560\" height=\"2219\" data-id=\"1234\" src=\"https:\/\/avcw.org\/wp-content\/uploads\/2023\/09\/Lyon_solidarity_01-scaled.webp\" alt=\"\" class=\"wp-image-1234\" srcset=\"\/\/avcw.org\/wp-content\/uploads\/2023\/09\/Lyon_solidarity_01-scaled.webp 2560w, \/\/avcw.org\/wp-content\/uploads\/2023\/09\/Lyon_solidarity_01-300x260.webp 300w, \/\/avcw.org\/wp-content\/uploads\/2023\/09\/Lyon_solidarity_01-1024x888.webp 1024w, \/\/avcw.org\/wp-content\/uploads\/2023\/09\/Lyon_solidarity_01-768x666.webp 768w, \/\/avcw.org\/wp-content\/uploads\/2023\/09\/Lyon_solidarity_01-1536x1331.webp 1536w, \/\/avcw.org\/wp-content\/uploads\/2023\/09\/Lyon_solidarity_01-2048x1775.webp 2048w\" sizes=\"(max-width: 2560px) 100vw, 2560px\" \/><\/a><\/figure>\n\n\n\n<figure class=\"wp-block-image size-full\"><a href=\"https:\/\/avcw.org\/wp-content\/uploads\/2023\/09\/Lyon_solidarity_02-scaled.webp\"><img decoding=\"async\" width=\"2560\" height=\"2111\" data-id=\"1237\" src=\"https:\/\/avcw.org\/wp-content\/uploads\/2023\/09\/Lyon_solidarity_02-scaled.webp\" alt=\"\" class=\"wp-image-1237\" srcset=\"\/\/avcw.org\/wp-content\/uploads\/2023\/09\/Lyon_solidarity_02-scaled.webp 2560w, \/\/avcw.org\/wp-content\/uploads\/2023\/09\/Lyon_solidarity_02-300x247.webp 300w, \/\/avcw.org\/wp-content\/uploads\/2023\/09\/Lyon_solidarity_02-1024x844.webp 1024w, \/\/avcw.org\/wp-content\/uploads\/2023\/09\/Lyon_solidarity_02-768x633.webp 768w, \/\/avcw.org\/wp-content\/uploads\/2023\/09\/Lyon_solidarity_02-1536x1267.webp 1536w, \/\/avcw.org\/wp-content\/uploads\/2023\/09\/Lyon_solidarity_02-2048x1689.webp 2048w\" sizes=\"(max-width: 2560px) 100vw, 2560px\" \/><\/a><\/figure>\n\n\n\n<figure class=\"wp-block-image size-full\"><a href=\"https:\/\/avcw.org\/wp-content\/uploads\/2023\/09\/Lyon_solidarity_03-scaled.webp\"><img decoding=\"async\" width=\"2560\" height=\"1675\" data-id=\"1238\" src=\"https:\/\/avcw.org\/wp-content\/uploads\/2023\/09\/Lyon_solidarity_03-scaled.webp\" alt=\"\" class=\"wp-image-1238\" srcset=\"\/\/avcw.org\/wp-content\/uploads\/2023\/09\/Lyon_solidarity_03-scaled.webp 2560w, \/\/avcw.org\/wp-content\/uploads\/2023\/09\/Lyon_solidarity_03-300x196.webp 300w, \/\/avcw.org\/wp-content\/uploads\/2023\/09\/Lyon_solidarity_03-1024x670.webp 1024w, \/\/avcw.org\/wp-content\/uploads\/2023\/09\/Lyon_solidarity_03-768x502.webp 768w, \/\/avcw.org\/wp-content\/uploads\/2023\/09\/Lyon_solidarity_03-1536x1005.webp 1536w, \/\/avcw.org\/wp-content\/uploads\/2023\/09\/Lyon_solidarity_03-2048x1340.webp 2048w\" sizes=\"(max-width: 2560px) 100vw, 2560px\" \/><\/a><\/figure>\n\n\n\n<figure class=\"wp-block-image size-full\"><a href=\"https:\/\/avcw.org\/wp-content\/uploads\/2023\/09\/Lyon_solidarity_04-scaled.webp\"><img loading=\"lazy\" decoding=\"async\" width=\"2560\" height=\"2207\" data-id=\"1235\" src=\"https:\/\/avcw.org\/wp-content\/uploads\/2023\/09\/Lyon_solidarity_04-scaled.webp\" alt=\"\" class=\"wp-image-1235\" srcset=\"\/\/avcw.org\/wp-content\/uploads\/2023\/09\/Lyon_solidarity_04-scaled.webp 2560w, \/\/avcw.org\/wp-content\/uploads\/2023\/09\/Lyon_solidarity_04-300x259.webp 300w, \/\/avcw.org\/wp-content\/uploads\/2023\/09\/Lyon_solidarity_04-1024x883.webp 1024w, \/\/avcw.org\/wp-content\/uploads\/2023\/09\/Lyon_solidarity_04-768x662.webp 768w, \/\/avcw.org\/wp-content\/uploads\/2023\/09\/Lyon_solidarity_04-1536x1324.webp 1536w, \/\/avcw.org\/wp-content\/uploads\/2023\/09\/Lyon_solidarity_04-2048x1766.webp 2048w\" sizes=\"(max-width: 2560px) 100vw, 2560px\" \/><\/a><\/figure>\n\n\n\n<figure class=\"wp-block-image size-full\"><a href=\"https:\/\/avcw.org\/wp-content\/uploads\/2023\/09\/Lyon_solidarity_05-scaled.webp\"><img loading=\"lazy\" decoding=\"async\" width=\"2560\" height=\"2100\" data-id=\"1233\" src=\"https:\/\/avcw.org\/wp-content\/uploads\/2023\/09\/Lyon_solidarity_05-scaled.webp\" alt=\"\" class=\"wp-image-1233\" srcset=\"\/\/avcw.org\/wp-content\/uploads\/2023\/09\/Lyon_solidarity_05-scaled.webp 2560w, \/\/avcw.org\/wp-content\/uploads\/2023\/09\/Lyon_solidarity_05-300x246.webp 300w, \/\/avcw.org\/wp-content\/uploads\/2023\/09\/Lyon_solidarity_05-1024x840.webp 1024w, \/\/avcw.org\/wp-content\/uploads\/2023\/09\/Lyon_solidarity_05-768x630.webp 768w, \/\/avcw.org\/wp-content\/uploads\/2023\/09\/Lyon_solidarity_05-1536x1260.webp 1536w, \/\/avcw.org\/wp-content\/uploads\/2023\/09\/Lyon_solidarity_05-2048x1680.webp 2048w\" sizes=\"(max-width: 2560px) 100vw, 2560px\" \/><\/a><\/figure>\n\n\n\n<figure class=\"wp-block-image size-full\"><a href=\"https:\/\/avcw.org\/wp-content\/uploads\/2023\/09\/Lyon_solidarity_06-scaled.webp\"><img loading=\"lazy\" decoding=\"async\" width=\"2560\" height=\"1920\" data-id=\"1236\" src=\"https:\/\/avcw.org\/wp-content\/uploads\/2023\/09\/Lyon_solidarity_06-scaled.webp\" alt=\"\" class=\"wp-image-1236\" srcset=\"\/\/avcw.org\/wp-content\/uploads\/2023\/09\/Lyon_solidarity_06-scaled.webp 2560w, \/\/avcw.org\/wp-content\/uploads\/2023\/09\/Lyon_solidarity_06-300x225.webp 300w, \/\/avcw.org\/wp-content\/uploads\/2023\/09\/Lyon_solidarity_06-1024x768.webp 1024w, \/\/avcw.org\/wp-content\/uploads\/2023\/09\/Lyon_solidarity_06-768x576.webp 768w, \/\/avcw.org\/wp-content\/uploads\/2023\/09\/Lyon_solidarity_06-1536x1152.webp 1536w, \/\/avcw.org\/wp-content\/uploads\/2023\/09\/Lyon_solidarity_06-2048x1536.webp 2048w\" sizes=\"(max-width: 2560px) 100vw, 2560px\" \/><\/a><\/figure>\n\n\n\n<figure class=\"wp-block-image size-full\"><a href=\"https:\/\/avcw.org\/wp-content\/uploads\/2023\/09\/Lyon_solidarity_07.webp\"><img loading=\"lazy\" decoding=\"async\" width=\"2048\" height=\"1565\" data-id=\"1232\" src=\"https:\/\/avcw.org\/wp-content\/uploads\/2023\/09\/Lyon_solidarity_07.webp\" alt=\"\" class=\"wp-image-1232\" srcset=\"\/\/avcw.org\/wp-content\/uploads\/2023\/09\/Lyon_solidarity_07.webp 2048w, \/\/avcw.org\/wp-content\/uploads\/2023\/09\/Lyon_solidarity_07-300x229.webp 300w, \/\/avcw.org\/wp-content\/uploads\/2023\/09\/Lyon_solidarity_07-1024x783.webp 1024w, \/\/avcw.org\/wp-content\/uploads\/2023\/09\/Lyon_solidarity_07-768x587.webp 768w, \/\/avcw.org\/wp-content\/uploads\/2023\/09\/Lyon_solidarity_07-1536x1174.webp 1536w\" sizes=\"(max-width: 2048px) 100vw, 2048px\" \/><\/a><\/figure>\n\n\n\n<figure class=\"wp-block-image size-full\"><a href=\"https:\/\/avcw.org\/wp-content\/uploads\/2023\/09\/Lyon_solidarity_08.webp\"><img loading=\"lazy\" decoding=\"async\" width=\"2048\" height=\"1617\" data-id=\"1231\" src=\"https:\/\/avcw.org\/wp-content\/uploads\/2023\/09\/Lyon_solidarity_08.webp\" alt=\"\" class=\"wp-image-1231\" srcset=\"\/\/avcw.org\/wp-content\/uploads\/2023\/09\/Lyon_solidarity_08.webp 2048w, \/\/avcw.org\/wp-content\/uploads\/2023\/09\/Lyon_solidarity_08-300x237.webp 300w, \/\/avcw.org\/wp-content\/uploads\/2023\/09\/Lyon_solidarity_08-1024x809.webp 1024w, \/\/avcw.org\/wp-content\/uploads\/2023\/09\/Lyon_solidarity_08-768x606.webp 768w, \/\/avcw.org\/wp-content\/uploads\/2023\/09\/Lyon_solidarity_08-1536x1213.webp 1536w\" sizes=\"(max-width: 2048px) 100vw, 2048px\" \/><\/a><\/figure>\n<\/figure>\n","protected":false},"excerpt":{"rendered":"<p>La manifestation de soutien \u00e0 Lyon, en France, pour marquer le dixi\u00e8me anniversaire du massacre chimique perp\u00e9tr\u00e9 par le r\u00e9gime d&rsquo;Assad \u00e0 Ghouta. <\/p>\n","protected":false},"author":1,"featured_media":2347,"comment_status":"open","ping_status":"closed","sticky":false,"template":"","format":"standard","meta":{"footnotes":""},"categories":[48],"tags":[],"class_list":["post-2340","post","type-post","status-publish","format-standard","has-post-thumbnail","hentry","category-galerie"],"yoast_head":"<!-- This site is optimized with the Yoast SEO plugin v27.5 - https:\/\/yoast.com\/product\/yoast-seo-wordpress\/ -->\n<title>Voici quelques images du rassemblement de solidarit\u00e9 qui s\u2019est d\u00e9roul\u00e9 dans la ville de Lyon, en France. - Association of Victims of Chemical Weapons<\/title>\n<meta name=\"robots\" content=\"index, follow, max-snippet:-1, max-image-preview:large, max-video-preview:-1\" \/>\n<link rel=\"canonical\" href=\"https:\/\/avcw.org\/fr\/galerie\/voici-quelques-images-du-rassemblement-de-solidarite-qui-sest-deroule-dans-la-ville-de-lyon-en-france\/\" \/>\n<meta property=\"og:locale\" content=\"fr_FR\" \/>\n<meta property=\"og:type\" content=\"article\" \/>\n<meta property=\"og:title\" content=\"Voici quelques images du rassemblement de solidarit\u00e9 qui s\u2019est d\u00e9roul\u00e9 dans la ville de Lyon, en France. - Association of Victims of Chemical Weapons\" \/>\n<meta property=\"og:description\" content=\"La manifestation de soutien \u00e0 Lyon, en France, pour marquer le dixi\u00e8me anniversaire du massacre chimique perp\u00e9tr\u00e9 par le r\u00e9gime d&#039;Assad \u00e0 Ghouta.\" \/>\n<meta property=\"og:url\" content=\"https:\/\/avcw.org\/fr\/galerie\/voici-quelques-images-du-rassemblement-de-solidarite-qui-sest-deroule-dans-la-ville-de-lyon-en-france\/\" \/>\n<meta property=\"og:site_name\" content=\"Association of Victims of Chemical Weapons\" \/>\n<meta property=\"article:publisher\" content=\"https:\/\/www.facebook.com\/AVCW.NGO\/\" \/>\n<meta property=\"article:published_time\" content=\"2023-09-01T12:51:13+00:00\" \/>\n<meta property=\"article:modified_time\" content=\"2024-03-05T22:36:56+00:00\" \/>\n<meta property=\"og:image\" content=\"https:\/\/avcw.org\/wp-content\/uploads\/2023\/09\/Lyon_solidarity_02-scaled.webp\" \/>\n\t<meta property=\"og:image:width\" content=\"2560\" \/>\n\t<meta property=\"og:image:height\" content=\"2111\" \/>\n\t<meta property=\"og:image:type\" content=\"image\/webp\" \/>\n<meta name=\"author\" content=\"surround\" \/>\n<meta name=\"twitter:card\" content=\"summary_large_image\" \/>\n<meta name=\"twitter:creator\" content=\"@avcw_org\" \/>\n<meta name=\"twitter:site\" content=\"@avcw_org\" \/>\n<meta name=\"twitter:label1\" content=\"\u00c9crit par\" \/>\n\t<meta name=\"twitter:data1\" content=\"surround\" \/>\n<script type=\"application\/ld+json\" class=\"yoast-schema-graph\">{\"@context\":\"https:\\\/\\\/schema.org\",\"@graph\":[{\"@type\":\"Article\",\"@id\":\"https:\\\/\\\/avcw.org\\\/fr\\\/galerie\\\/voici-quelques-images-du-rassemblement-de-solidarite-qui-sest-deroule-dans-la-ville-de-lyon-en-france\\\/#article\",\"isPartOf\":{\"@id\":\"https:\\\/\\\/avcw.org\\\/fr\\\/galerie\\\/voici-quelques-images-du-rassemblement-de-solidarite-qui-sest-deroule-dans-la-ville-de-lyon-en-france\\\/\"},\"author\":{\"name\":\"surround\",\"@id\":\"https:\\\/\\\/avcw.org\\\/#\\\/schema\\\/person\\\/b3476fa296fba9be4d80a28ffca93f5e\"},\"headline\":\"Voici quelques images du rassemblement de solidarit\u00e9 qui s\u2019est d\u00e9roul\u00e9 dans la ville de Lyon, en France.\",\"datePublished\":\"2023-09-01T12:51:13+00:00\",\"dateModified\":\"2024-03-05T22:36:56+00:00\",\"mainEntityOfPage\":{\"@id\":\"https:\\\/\\\/avcw.org\\\/fr\\\/galerie\\\/voici-quelques-images-du-rassemblement-de-solidarite-qui-sest-deroule-dans-la-ville-de-lyon-en-france\\\/\"},\"wordCount\":55,\"commentCount\":0,\"publisher\":{\"@id\":\"https:\\\/\\\/avcw.org\\\/#organization\"},\"image\":{\"@id\":\"https:\\\/\\\/avcw.org\\\/fr\\\/galerie\\\/voici-quelques-images-du-rassemblement-de-solidarite-qui-sest-deroule-dans-la-ville-de-lyon-en-france\\\/#primaryimage\"},\"thumbnailUrl\":\"https:\\\/\\\/avcw.org\\\/wp-content\\\/uploads\\\/2023\\\/09\\\/Lyon_solidarity_02-scaled.webp\",\"articleSection\":[\"Galerie\"],\"inLanguage\":\"fr-FR\",\"potentialAction\":[{\"@type\":\"CommentAction\",\"name\":\"Comment\",\"target\":[\"https:\\\/\\\/avcw.org\\\/fr\\\/galerie\\\/voici-quelques-images-du-rassemblement-de-solidarite-qui-sest-deroule-dans-la-ville-de-lyon-en-france\\\/#respond\"]}]},{\"@type\":\"WebPage\",\"@id\":\"https:\\\/\\\/avcw.org\\\/fr\\\/galerie\\\/voici-quelques-images-du-rassemblement-de-solidarite-qui-sest-deroule-dans-la-ville-de-lyon-en-france\\\/\",\"url\":\"https:\\\/\\\/avcw.org\\\/fr\\\/galerie\\\/voici-quelques-images-du-rassemblement-de-solidarite-qui-sest-deroule-dans-la-ville-de-lyon-en-france\\\/\",\"name\":\"Voici quelques images du rassemblement de solidarit\u00e9 qui s\u2019est d\u00e9roul\u00e9 dans la ville de Lyon, en France. - Association of Victims of Chemical Weapons\",\"isPartOf\":{\"@id\":\"https:\\\/\\\/avcw.org\\\/#website\"},\"primaryImageOfPage\":{\"@id\":\"https:\\\/\\\/avcw.org\\\/fr\\\/galerie\\\/voici-quelques-images-du-rassemblement-de-solidarite-qui-sest-deroule-dans-la-ville-de-lyon-en-france\\\/#primaryimage\"},\"image\":{\"@id\":\"https:\\\/\\\/avcw.org\\\/fr\\\/galerie\\\/voici-quelques-images-du-rassemblement-de-solidarite-qui-sest-deroule-dans-la-ville-de-lyon-en-france\\\/#primaryimage\"},\"thumbnailUrl\":\"https:\\\/\\\/avcw.org\\\/wp-content\\\/uploads\\\/2023\\\/09\\\/Lyon_solidarity_02-scaled.webp\",\"datePublished\":\"2023-09-01T12:51:13+00:00\",\"dateModified\":\"2024-03-05T22:36:56+00:00\",\"breadcrumb\":{\"@id\":\"https:\\\/\\\/avcw.org\\\/fr\\\/galerie\\\/voici-quelques-images-du-rassemblement-de-solidarite-qui-sest-deroule-dans-la-ville-de-lyon-en-france\\\/#breadcrumb\"},\"inLanguage\":\"fr-FR\",\"potentialAction\":[{\"@type\":\"ReadAction\",\"target\":[\"https:\\\/\\\/avcw.org\\\/fr\\\/galerie\\\/voici-quelques-images-du-rassemblement-de-solidarite-qui-sest-deroule-dans-la-ville-de-lyon-en-france\\\/\"]}]},{\"@type\":\"ImageObject\",\"inLanguage\":\"fr-FR\",\"@id\":\"https:\\\/\\\/avcw.org\\\/fr\\\/galerie\\\/voici-quelques-images-du-rassemblement-de-solidarite-qui-sest-deroule-dans-la-ville-de-lyon-en-france\\\/#primaryimage\",\"url\":\"https:\\\/\\\/avcw.org\\\/wp-content\\\/uploads\\\/2023\\\/09\\\/Lyon_solidarity_02-scaled.webp\",\"contentUrl\":\"https:\\\/\\\/avcw.org\\\/wp-content\\\/uploads\\\/2023\\\/09\\\/Lyon_solidarity_02-scaled.webp\",\"width\":2560,\"height\":2111},{\"@type\":\"BreadcrumbList\",\"@id\":\"https:\\\/\\\/avcw.org\\\/fr\\\/galerie\\\/voici-quelques-images-du-rassemblement-de-solidarite-qui-sest-deroule-dans-la-ville-de-lyon-en-france\\\/#breadcrumb\",\"itemListElement\":[{\"@type\":\"ListItem\",\"position\":1,\"name\":\"Home\",\"item\":\"https:\\\/\\\/avcw.org\\\/\"},{\"@type\":\"ListItem\",\"position\":2,\"name\":\"Voici quelques images du rassemblement de solidarit\u00e9 qui s\u2019est d\u00e9roul\u00e9 dans la ville de Lyon, en France.\"}]},{\"@type\":\"WebSite\",\"@id\":\"https:\\\/\\\/avcw.org\\\/#website\",\"url\":\"https:\\\/\\\/avcw.org\\\/\",\"name\":\"Association of Victims of Chemical Weapons\",\"description\":\"\",\"publisher\":{\"@id\":\"https:\\\/\\\/avcw.org\\\/#organization\"},\"potentialAction\":[{\"@type\":\"SearchAction\",\"target\":{\"@type\":\"EntryPoint\",\"urlTemplate\":\"https:\\\/\\\/avcw.org\\\/?s={search_term_string}\"},\"query-input\":{\"@type\":\"PropertyValueSpecification\",\"valueRequired\":true,\"valueName\":\"search_term_string\"}}],\"inLanguage\":\"fr-FR\"},{\"@type\":\"Organization\",\"@id\":\"https:\\\/\\\/avcw.org\\\/#organization\",\"name\":\"Association of Victims of Chemical Weapons\",\"url\":\"https:\\\/\\\/avcw.org\\\/\",\"logo\":{\"@type\":\"ImageObject\",\"inLanguage\":\"fr-FR\",\"@id\":\"https:\\\/\\\/avcw.org\\\/#\\\/schema\\\/logo\\\/image\\\/\",\"url\":\"https:\\\/\\\/avcw.org\\\/wp-content\\\/uploads\\\/2023\\\/07\\\/cropped-signal-2023-07-03-144739_002.jpg\",\"contentUrl\":\"https:\\\/\\\/avcw.org\\\/wp-content\\\/uploads\\\/2023\\\/07\\\/cropped-signal-2023-07-03-144739_002.jpg\",\"width\":512,\"height\":512,\"caption\":\"Association of Victims of Chemical Weapons\"},\"image\":{\"@id\":\"https:\\\/\\\/avcw.org\\\/#\\\/schema\\\/logo\\\/image\\\/\"},\"sameAs\":[\"https:\\\/\\\/www.facebook.com\\\/AVCW.NGO\\\/\",\"https:\\\/\\\/x.com\\\/avcw_org\",\"https:\\\/\\\/www.youtube.com\\\/@avcw2013\",\"https:\\\/\\\/www.instagram.com\\\/avcw_org\\\/\"]},{\"@type\":\"Person\",\"@id\":\"https:\\\/\\\/avcw.org\\\/#\\\/schema\\\/person\\\/b3476fa296fba9be4d80a28ffca93f5e\",\"name\":\"surround\",\"image\":{\"@type\":\"ImageObject\",\"inLanguage\":\"fr-FR\",\"@id\":\"https:\\\/\\\/secure.gravatar.com\\\/avatar\\\/3aa39b4a8dc3a55febf7c9498cc5df0b3007386896275110c56938375c6cb42d?s=96&d=mm&r=g\",\"url\":\"https:\\\/\\\/secure.gravatar.com\\\/avatar\\\/3aa39b4a8dc3a55febf7c9498cc5df0b3007386896275110c56938375c6cb42d?s=96&d=mm&r=g\",\"contentUrl\":\"https:\\\/\\\/secure.gravatar.com\\\/avatar\\\/3aa39b4a8dc3a55febf7c9498cc5df0b3007386896275110c56938375c6cb42d?s=96&d=mm&r=g\",\"caption\":\"surround\"},\"sameAs\":[\"https:\\\/\\\/avcw.org\"],\"url\":\"https:\\\/\\\/avcw.org\\\/fr\\\/author\\\/surround\\\/\"}]}<\/script>\n<!-- \/ Yoast SEO plugin. -->","yoast_head_json":{"title":"Voici quelques images du rassemblement de solidarit\u00e9 qui s\u2019est d\u00e9roul\u00e9 dans la ville de Lyon, en France. - Association of Victims of Chemical Weapons","robots":{"index":"index","follow":"follow","max-snippet":"max-snippet:-1","max-image-preview":"max-image-preview:large","max-video-preview":"max-video-preview:-1"},"canonical":"https:\/\/avcw.org\/fr\/galerie\/voici-quelques-images-du-rassemblement-de-solidarite-qui-sest-deroule-dans-la-ville-de-lyon-en-france\/","og_locale":"fr_FR","og_type":"article","og_title":"Voici quelques images du rassemblement de solidarit\u00e9 qui s\u2019est d\u00e9roul\u00e9 dans la ville de Lyon, en France. - Association of Victims of Chemical Weapons","og_description":"La manifestation de soutien \u00e0 Lyon, en France, pour marquer le dixi\u00e8me anniversaire du massacre chimique perp\u00e9tr\u00e9 par le r\u00e9gime d'Assad \u00e0 Ghouta.","og_url":"https:\/\/avcw.org\/fr\/galerie\/voici-quelques-images-du-rassemblement-de-solidarite-qui-sest-deroule-dans-la-ville-de-lyon-en-france\/","og_site_name":"Association of Victims of Chemical Weapons","article_publisher":"https:\/\/www.facebook.com\/AVCW.NGO\/","article_published_time":"2023-09-01T12:51:13+00:00","article_modified_time":"2024-03-05T22:36:56+00:00","og_image":[{"width":2560,"height":2111,"url":"https:\/\/avcw.org\/wp-content\/uploads\/2023\/09\/Lyon_solidarity_02-scaled.webp","type":"image\/webp"}],"author":"surround","twitter_card":"summary_large_image","twitter_creator":"@avcw_org","twitter_site":"@avcw_org","twitter_misc":{"\u00c9crit par":"surround"},"schema":{"@context":"https:\/\/schema.org","@graph":[{"@type":"Article","@id":"https:\/\/avcw.org\/fr\/galerie\/voici-quelques-images-du-rassemblement-de-solidarite-qui-sest-deroule-dans-la-ville-de-lyon-en-france\/#article","isPartOf":{"@id":"https:\/\/avcw.org\/fr\/galerie\/voici-quelques-images-du-rassemblement-de-solidarite-qui-sest-deroule-dans-la-ville-de-lyon-en-france\/"},"author":{"name":"surround","@id":"https:\/\/avcw.org\/#\/schema\/person\/b3476fa296fba9be4d80a28ffca93f5e"},"headline":"Voici quelques images du rassemblement de solidarit\u00e9 qui s\u2019est d\u00e9roul\u00e9 dans la ville de Lyon, en France.","datePublished":"2023-09-01T12:51:13+00:00","dateModified":"2024-03-05T22:36:56+00:00","mainEntityOfPage":{"@id":"https:\/\/avcw.org\/fr\/galerie\/voici-quelques-images-du-rassemblement-de-solidarite-qui-sest-deroule-dans-la-ville-de-lyon-en-france\/"},"wordCount":55,"commentCount":0,"publisher":{"@id":"https:\/\/avcw.org\/#organization"},"image":{"@id":"https:\/\/avcw.org\/fr\/galerie\/voici-quelques-images-du-rassemblement-de-solidarite-qui-sest-deroule-dans-la-ville-de-lyon-en-france\/#primaryimage"},"thumbnailUrl":"https:\/\/avcw.org\/wp-content\/uploads\/2023\/09\/Lyon_solidarity_02-scaled.webp","articleSection":["Galerie"],"inLanguage":"fr-FR","potentialAction":[{"@type":"CommentAction","name":"Comment","target":["https:\/\/avcw.org\/fr\/galerie\/voici-quelques-images-du-rassemblement-de-solidarite-qui-sest-deroule-dans-la-ville-de-lyon-en-france\/#respond"]}]},{"@type":"WebPage","@id":"https:\/\/avcw.org\/fr\/galerie\/voici-quelques-images-du-rassemblement-de-solidarite-qui-sest-deroule-dans-la-ville-de-lyon-en-france\/","url":"https:\/\/avcw.org\/fr\/galerie\/voici-quelques-images-du-rassemblement-de-solidarite-qui-sest-deroule-dans-la-ville-de-lyon-en-france\/","name":"Voici quelques images du rassemblement de solidarit\u00e9 qui s\u2019est d\u00e9roul\u00e9 dans la ville de Lyon, en France. - Association of Victims of Chemical Weapons","isPartOf":{"@id":"https:\/\/avcw.org\/#website"},"primaryImageOfPage":{"@id":"https:\/\/avcw.org\/fr\/galerie\/voici-quelques-images-du-rassemblement-de-solidarite-qui-sest-deroule-dans-la-ville-de-lyon-en-france\/#primaryimage"},"image":{"@id":"https:\/\/avcw.org\/fr\/galerie\/voici-quelques-images-du-rassemblement-de-solidarite-qui-sest-deroule-dans-la-ville-de-lyon-en-france\/#primaryimage"},"thumbnailUrl":"https:\/\/avcw.org\/wp-content\/uploads\/2023\/09\/Lyon_solidarity_02-scaled.webp","datePublished":"2023-09-01T12:51:13+00:00","dateModified":"2024-03-05T22:36:56+00:00","breadcrumb":{"@id":"https:\/\/avcw.org\/fr\/galerie\/voici-quelques-images-du-rassemblement-de-solidarite-qui-sest-deroule-dans-la-ville-de-lyon-en-france\/#breadcrumb"},"inLanguage":"fr-FR","potentialAction":[{"@type":"ReadAction","target":["https:\/\/avcw.org\/fr\/galerie\/voici-quelques-images-du-rassemblement-de-solidarite-qui-sest-deroule-dans-la-ville-de-lyon-en-france\/"]}]},{"@type":"ImageObject","inLanguage":"fr-FR","@id":"https:\/\/avcw.org\/fr\/galerie\/voici-quelques-images-du-rassemblement-de-solidarite-qui-sest-deroule-dans-la-ville-de-lyon-en-france\/#primaryimage","url":"https:\/\/avcw.org\/wp-content\/uploads\/2023\/09\/Lyon_solidarity_02-scaled.webp","contentUrl":"https:\/\/avcw.org\/wp-content\/uploads\/2023\/09\/Lyon_solidarity_02-scaled.webp","width":2560,"height":2111},{"@type":"BreadcrumbList","@id":"https:\/\/avcw.org\/fr\/galerie\/voici-quelques-images-du-rassemblement-de-solidarite-qui-sest-deroule-dans-la-ville-de-lyon-en-france\/#breadcrumb","itemListElement":[{"@type":"ListItem","position":1,"name":"Home","item":"https:\/\/avcw.org\/"},{"@type":"ListItem","position":2,"name":"Voici quelques images du rassemblement de solidarit\u00e9 qui s\u2019est d\u00e9roul\u00e9 dans la ville de Lyon, en France."}]},{"@type":"WebSite","@id":"https:\/\/avcw.org\/#website","url":"https:\/\/avcw.org\/","name":"Association of Victims of Chemical Weapons","description":"","publisher":{"@id":"https:\/\/avcw.org\/#organization"},"potentialAction":[{"@type":"SearchAction","target":{"@type":"EntryPoint","urlTemplate":"https:\/\/avcw.org\/?s={search_term_string}"},"query-input":{"@type":"PropertyValueSpecification","valueRequired":true,"valueName":"search_term_string"}}],"inLanguage":"fr-FR"},{"@type":"Organization","@id":"https:\/\/avcw.org\/#organization","name":"Association of Victims of Chemical Weapons","url":"https:\/\/avcw.org\/","logo":{"@type":"ImageObject","inLanguage":"fr-FR","@id":"https:\/\/avcw.org\/#\/schema\/logo\/image\/","url":"https:\/\/avcw.org\/wp-content\/uploads\/2023\/07\/cropped-signal-2023-07-03-144739_002.jpg","contentUrl":"https:\/\/avcw.org\/wp-content\/uploads\/2023\/07\/cropped-signal-2023-07-03-144739_002.jpg","width":512,"height":512,"caption":"Association of Victims of Chemical Weapons"},"image":{"@id":"https:\/\/avcw.org\/#\/schema\/logo\/image\/"},"sameAs":["https:\/\/www.facebook.com\/AVCW.NGO\/","https:\/\/x.com\/avcw_org","https:\/\/www.youtube.com\/@avcw2013","https:\/\/www.instagram.com\/avcw_org\/"]},{"@type":"Person","@id":"https:\/\/avcw.org\/#\/schema\/person\/b3476fa296fba9be4d80a28ffca93f5e","name":"surround","image":{"@type":"ImageObject","inLanguage":"fr-FR","@id":"https:\/\/secure.gravatar.com\/avatar\/3aa39b4a8dc3a55febf7c9498cc5df0b3007386896275110c56938375c6cb42d?s=96&d=mm&r=g","url":"https:\/\/secure.gravatar.com\/avatar\/3aa39b4a8dc3a55febf7c9498cc5df0b3007386896275110c56938375c6cb42d?s=96&d=mm&r=g","contentUrl":"https:\/\/secure.gravatar.com\/avatar\/3aa39b4a8dc3a55febf7c9498cc5df0b3007386896275110c56938375c6cb42d?s=96&d=mm&r=g","caption":"surround"},"sameAs":["https:\/\/avcw.org"],"url":"https:\/\/avcw.org\/fr\/author\/surround\/"}]}},"_links":{"self":[{"href":"https:\/\/avcw.org\/fr\/wp-json\/wp\/v2\/posts\/2340","targetHints":{"allow":["GET"]}}],"collection":[{"href":"https:\/\/avcw.org\/fr\/wp-json\/wp\/v2\/posts"}],"about":[{"href":"https:\/\/avcw.org\/fr\/wp-json\/wp\/v2\/types\/post"}],"author":[{"embeddable":true,"href":"https:\/\/avcw.org\/fr\/wp-json\/wp\/v2\/users\/1"}],"replies":[{"embeddable":true,"href":"https:\/\/avcw.org\/fr\/wp-json\/wp\/v2\/comments?post=2340"}],"version-history":[{"count":3,"href":"https:\/\/avcw.org\/fr\/wp-json\/wp\/v2\/posts\/2340\/revisions"}],"predecessor-version":[{"id":2351,"href":"https:\/\/avcw.org\/fr\/wp-json\/wp\/v2\/posts\/2340\/revisions\/2351"}],"wp:featuredmedia":[{"embeddable":true,"href":"https:\/\/avcw.org\/fr\/wp-json\/wp\/v2\/media\/2347"}],"wp:attachment":[{"href":"https:\/\/avcw.org\/fr\/wp-json\/wp\/v2\/media?parent=2340"}],"wp:term":[{"taxonomy":"category","embeddable":true,"href":"https:\/\/avcw.org\/fr\/wp-json\/wp\/v2\/categories?post=2340"},{"taxonomy":"post_tag","embeddable":true,"href":"https:\/\/avcw.org\/fr\/wp-json\/wp\/v2\/tags?post=2340"}],"curies":[{"name":"wp","href":"https:\/\/api.w.org\/{rel}","templated":true}]}}