{"id":2384,"date":"2023-08-18T16:12:11","date_gmt":"2023-08-18T16:12:11","guid":{"rendered":"https:\/\/avcw.org\/non-classifiee\/salim-namour-invite-a-une-soiree-de-dialogue-organisee-par-le-comite-de-coordination-en-autriche\/"},"modified":"2024-03-05T23:04:48","modified_gmt":"2024-03-05T23:04:48","slug":"salim-namour-invite-a-une-soiree-de-dialogue-organisee-par-le-comite-de-coordination-en-autriche","status":"publish","type":"post","link":"https:\/\/avcw.org\/fr\/activites\/salim-namour-invite-a-une-soiree-de-dialogue-organisee-par-le-comite-de-coordination-en-autriche\/","title":{"rendered":"Salim Namour, invit\u00e9 \u00e0 une soir\u00e9e de dialogue organis\u00e9e par le Comit\u00e9 de coordination en Autriche."},"content":{"rendered":"\n<p>La Coordination autrichienne de soutien \u00e0 la r\u00e9volution syrienne a organis\u00e9 une soir\u00e9e de dialogue \u00e0 Vienne, en pr\u00e9sence du Dr. Slim Namour, pr\u00e9sident de l&rsquo;Association des victimes d&rsquo;armes chimiques.   <br\/>Le film \u00ab\u00a0Le Caveau\u00a0\u00bb a \u00e9t\u00e9 projet\u00e9 lors de l&rsquo;\u00e9v\u00e9nement, suivi d&rsquo;un dialogue avec M. Namour sur l&rsquo;exp\u00e9rience de la Ghouta face au si\u00e8ge, aux bombardements et aux attaques chimiques.<br\/>Il a \u00e9galement \u00e9voqu\u00e9 les objectifs et les activit\u00e9s de l&rsquo;Association, et a soulign\u00e9 qu&rsquo;il est temps de passer de la phase de documentation et d&rsquo;investigation \u00e0 la phase de reddition de comptes pour les violations commises par le r\u00e9gime syrien \u00e0 l&rsquo;encontre du peuple. <\/p>\n\n<iframe width=\"560\" height=\"410\" src=\"https:\/\/www.youtube.com\/embed\/c6GrKqpK584\" title=\"YouTube video player\" frameborder=\"0\" allow=\"accelerometer; autoplay; clipboard-write; encrypted-media; gyroscope; picture-in-picture; web-share\" allowfullscreen=\"\"><\/iframe>\n","protected":false},"excerpt":{"rendered":"<p> Il est temps de passer de la documentation et de l&rsquo;enqu\u00eate \u00e0 la responsabilisation des violations commises par le r\u00e9gime syrien contre son peuple<\/p>\n","protected":false},"author":1,"featured_media":2385,"comment_status":"open","ping_status":"closed","sticky":false,"template":"","format":"standard","meta":{"footnotes":""},"categories":[44],"tags":[],"class_list":["post-2384","post","type-post","status-publish","format-standard","has-post-thumbnail","hentry","category-activites"],"yoast_head":"<!-- This site is optimized with the Yoast SEO plugin v27.4 - https:\/\/yoast.com\/product\/yoast-seo-wordpress\/ -->\n<title>Salim Namour, invit\u00e9 \u00e0 une soir\u00e9e de dialogue organis\u00e9e par le Comit\u00e9 de coordination en Autriche. - Association of Victims of Chemical Weapons<\/title>\n<meta name=\"robots\" content=\"index, follow, max-snippet:-1, max-image-preview:large, max-video-preview:-1\" \/>\n<link rel=\"canonical\" href=\"https:\/\/avcw.org\/fr\/activites\/salim-namour-invite-a-une-soiree-de-dialogue-organisee-par-le-comite-de-coordination-en-autriche\/\" \/>\n<meta property=\"og:locale\" content=\"fr_FR\" \/>\n<meta property=\"og:type\" content=\"article\" \/>\n<meta property=\"og:title\" content=\"Salim Namour, invit\u00e9 \u00e0 une soir\u00e9e de dialogue organis\u00e9e par le Comit\u00e9 de coordination en Autriche. - Association of Victims of Chemical Weapons\" \/>\n<meta property=\"og:description\" content=\"Il est temps de passer de la documentation et de l&#039;enqu\u00eate \u00e0 la responsabilisation des violations commises par le r\u00e9gime syrien contre son peuple\" \/>\n<meta property=\"og:url\" content=\"https:\/\/avcw.org\/fr\/activites\/salim-namour-invite-a-une-soiree-de-dialogue-organisee-par-le-comite-de-coordination-en-autriche\/\" \/>\n<meta property=\"og:site_name\" content=\"Association of Victims of Chemical Weapons\" \/>\n<meta property=\"article:publisher\" content=\"https:\/\/www.facebook.com\/AVCW.NGO\/\" \/>\n<meta property=\"article:published_time\" content=\"2023-08-18T16:12:11+00:00\" \/>\n<meta property=\"article:modified_time\" content=\"2024-03-05T23:04:48+00:00\" \/>\n<meta property=\"og:image\" content=\"https:\/\/avcw.org\/wp-content\/uploads\/2023\/08\/Vienna-_meeting.webp\" \/>\n\t<meta property=\"og:image:width\" content=\"1600\" \/>\n\t<meta property=\"og:image:height\" content=\"1200\" \/>\n\t<meta property=\"og:image:type\" content=\"image\/webp\" \/>\n<meta name=\"author\" content=\"surround\" \/>\n<meta name=\"twitter:card\" content=\"summary_large_image\" \/>\n<meta name=\"twitter:creator\" content=\"@avcw_org\" \/>\n<meta name=\"twitter:site\" content=\"@avcw_org\" \/>\n<meta name=\"twitter:label1\" content=\"\u00c9crit par\" \/>\n\t<meta name=\"twitter:data1\" content=\"surround\" \/>\n\t<meta name=\"twitter:label2\" content=\"Dur\u00e9e de lecture estim\u00e9e\" \/>\n\t<meta name=\"twitter:data2\" content=\"1 minute\" \/>\n<script type=\"application\/ld+json\" class=\"yoast-schema-graph\">{\"@context\":\"https:\\\/\\\/schema.org\",\"@graph\":[{\"@type\":\"Article\",\"@id\":\"https:\\\/\\\/avcw.org\\\/fr\\\/activites\\\/salim-namour-invite-a-une-soiree-de-dialogue-organisee-par-le-comite-de-coordination-en-autriche\\\/#article\",\"isPartOf\":{\"@id\":\"https:\\\/\\\/avcw.org\\\/fr\\\/activites\\\/salim-namour-invite-a-une-soiree-de-dialogue-organisee-par-le-comite-de-coordination-en-autriche\\\/\"},\"author\":{\"name\":\"surround\",\"@id\":\"https:\\\/\\\/avcw.org\\\/#\\\/schema\\\/person\\\/b3476fa296fba9be4d80a28ffca93f5e\"},\"headline\":\"Salim Namour, invit\u00e9 \u00e0 une soir\u00e9e de dialogue organis\u00e9e par le Comit\u00e9 de coordination en Autriche.\",\"datePublished\":\"2023-08-18T16:12:11+00:00\",\"dateModified\":\"2024-03-05T23:04:48+00:00\",\"mainEntityOfPage\":{\"@id\":\"https:\\\/\\\/avcw.org\\\/fr\\\/activites\\\/salim-namour-invite-a-une-soiree-de-dialogue-organisee-par-le-comite-de-coordination-en-autriche\\\/\"},\"wordCount\":136,\"commentCount\":0,\"publisher\":{\"@id\":\"https:\\\/\\\/avcw.org\\\/#organization\"},\"image\":{\"@id\":\"https:\\\/\\\/avcw.org\\\/fr\\\/activites\\\/salim-namour-invite-a-une-soiree-de-dialogue-organisee-par-le-comite-de-coordination-en-autriche\\\/#primaryimage\"},\"thumbnailUrl\":\"https:\\\/\\\/avcw.org\\\/wp-content\\\/uploads\\\/2023\\\/08\\\/Vienna-_meeting.webp\",\"articleSection\":[\"Activit\u00e9s\"],\"inLanguage\":\"fr-FR\",\"potentialAction\":[{\"@type\":\"CommentAction\",\"name\":\"Comment\",\"target\":[\"https:\\\/\\\/avcw.org\\\/fr\\\/activites\\\/salim-namour-invite-a-une-soiree-de-dialogue-organisee-par-le-comite-de-coordination-en-autriche\\\/#respond\"]}]},{\"@type\":\"WebPage\",\"@id\":\"https:\\\/\\\/avcw.org\\\/fr\\\/activites\\\/salim-namour-invite-a-une-soiree-de-dialogue-organisee-par-le-comite-de-coordination-en-autriche\\\/\",\"url\":\"https:\\\/\\\/avcw.org\\\/fr\\\/activites\\\/salim-namour-invite-a-une-soiree-de-dialogue-organisee-par-le-comite-de-coordination-en-autriche\\\/\",\"name\":\"Salim Namour, invit\u00e9 \u00e0 une soir\u00e9e de dialogue organis\u00e9e par le Comit\u00e9 de coordination en Autriche. - Association of Victims of Chemical Weapons\",\"isPartOf\":{\"@id\":\"https:\\\/\\\/avcw.org\\\/#website\"},\"primaryImageOfPage\":{\"@id\":\"https:\\\/\\\/avcw.org\\\/fr\\\/activites\\\/salim-namour-invite-a-une-soiree-de-dialogue-organisee-par-le-comite-de-coordination-en-autriche\\\/#primaryimage\"},\"image\":{\"@id\":\"https:\\\/\\\/avcw.org\\\/fr\\\/activites\\\/salim-namour-invite-a-une-soiree-de-dialogue-organisee-par-le-comite-de-coordination-en-autriche\\\/#primaryimage\"},\"thumbnailUrl\":\"https:\\\/\\\/avcw.org\\\/wp-content\\\/uploads\\\/2023\\\/08\\\/Vienna-_meeting.webp\",\"datePublished\":\"2023-08-18T16:12:11+00:00\",\"dateModified\":\"2024-03-05T23:04:48+00:00\",\"breadcrumb\":{\"@id\":\"https:\\\/\\\/avcw.org\\\/fr\\\/activites\\\/salim-namour-invite-a-une-soiree-de-dialogue-organisee-par-le-comite-de-coordination-en-autriche\\\/#breadcrumb\"},\"inLanguage\":\"fr-FR\",\"potentialAction\":[{\"@type\":\"ReadAction\",\"target\":[\"https:\\\/\\\/avcw.org\\\/fr\\\/activites\\\/salim-namour-invite-a-une-soiree-de-dialogue-organisee-par-le-comite-de-coordination-en-autriche\\\/\"]}]},{\"@type\":\"ImageObject\",\"inLanguage\":\"fr-FR\",\"@id\":\"https:\\\/\\\/avcw.org\\\/fr\\\/activites\\\/salim-namour-invite-a-une-soiree-de-dialogue-organisee-par-le-comite-de-coordination-en-autriche\\\/#primaryimage\",\"url\":\"https:\\\/\\\/avcw.org\\\/wp-content\\\/uploads\\\/2023\\\/08\\\/Vienna-_meeting.webp\",\"contentUrl\":\"https:\\\/\\\/avcw.org\\\/wp-content\\\/uploads\\\/2023\\\/08\\\/Vienna-_meeting.webp\",\"width\":1600,\"height\":1200},{\"@type\":\"BreadcrumbList\",\"@id\":\"https:\\\/\\\/avcw.org\\\/fr\\\/activites\\\/salim-namour-invite-a-une-soiree-de-dialogue-organisee-par-le-comite-de-coordination-en-autriche\\\/#breadcrumb\",\"itemListElement\":[{\"@type\":\"ListItem\",\"position\":1,\"name\":\"Home\",\"item\":\"https:\\\/\\\/avcw.org\\\/\"},{\"@type\":\"ListItem\",\"position\":2,\"name\":\"Salim Namour, invit\u00e9 \u00e0 une soir\u00e9e de dialogue organis\u00e9e par le Comit\u00e9 de coordination en Autriche.\"}]},{\"@type\":\"WebSite\",\"@id\":\"https:\\\/\\\/avcw.org\\\/#website\",\"url\":\"https:\\\/\\\/avcw.org\\\/\",\"name\":\"Association of Victims of Chemical Weapons\",\"description\":\"\",\"publisher\":{\"@id\":\"https:\\\/\\\/avcw.org\\\/#organization\"},\"potentialAction\":[{\"@type\":\"SearchAction\",\"target\":{\"@type\":\"EntryPoint\",\"urlTemplate\":\"https:\\\/\\\/avcw.org\\\/?s={search_term_string}\"},\"query-input\":{\"@type\":\"PropertyValueSpecification\",\"valueRequired\":true,\"valueName\":\"search_term_string\"}}],\"inLanguage\":\"fr-FR\"},{\"@type\":\"Organization\",\"@id\":\"https:\\\/\\\/avcw.org\\\/#organization\",\"name\":\"Association of Victims of Chemical Weapons\",\"url\":\"https:\\\/\\\/avcw.org\\\/\",\"logo\":{\"@type\":\"ImageObject\",\"inLanguage\":\"fr-FR\",\"@id\":\"https:\\\/\\\/avcw.org\\\/#\\\/schema\\\/logo\\\/image\\\/\",\"url\":\"https:\\\/\\\/avcw.org\\\/wp-content\\\/uploads\\\/2023\\\/07\\\/cropped-signal-2023-07-03-144739_002.jpg\",\"contentUrl\":\"https:\\\/\\\/avcw.org\\\/wp-content\\\/uploads\\\/2023\\\/07\\\/cropped-signal-2023-07-03-144739_002.jpg\",\"width\":512,\"height\":512,\"caption\":\"Association of Victims of Chemical Weapons\"},\"image\":{\"@id\":\"https:\\\/\\\/avcw.org\\\/#\\\/schema\\\/logo\\\/image\\\/\"},\"sameAs\":[\"https:\\\/\\\/www.facebook.com\\\/AVCW.NGO\\\/\",\"https:\\\/\\\/x.com\\\/avcw_org\",\"https:\\\/\\\/www.youtube.com\\\/@avcw2013\",\"https:\\\/\\\/www.instagram.com\\\/avcw_org\\\/\"]},{\"@type\":\"Person\",\"@id\":\"https:\\\/\\\/avcw.org\\\/#\\\/schema\\\/person\\\/b3476fa296fba9be4d80a28ffca93f5e\",\"name\":\"surround\",\"image\":{\"@type\":\"ImageObject\",\"inLanguage\":\"fr-FR\",\"@id\":\"https:\\\/\\\/secure.gravatar.com\\\/avatar\\\/3aa39b4a8dc3a55febf7c9498cc5df0b3007386896275110c56938375c6cb42d?s=96&d=mm&r=g\",\"url\":\"https:\\\/\\\/secure.gravatar.com\\\/avatar\\\/3aa39b4a8dc3a55febf7c9498cc5df0b3007386896275110c56938375c6cb42d?s=96&d=mm&r=g\",\"contentUrl\":\"https:\\\/\\\/secure.gravatar.com\\\/avatar\\\/3aa39b4a8dc3a55febf7c9498cc5df0b3007386896275110c56938375c6cb42d?s=96&d=mm&r=g\",\"caption\":\"surround\"},\"sameAs\":[\"https:\\\/\\\/avcw.org\"],\"url\":\"https:\\\/\\\/avcw.org\\\/fr\\\/author\\\/surround\\\/\"}]}<\/script>\n<!-- \/ Yoast SEO plugin. -->","yoast_head_json":{"title":"Salim Namour, invit\u00e9 \u00e0 une soir\u00e9e de dialogue organis\u00e9e par le Comit\u00e9 de coordination en Autriche. - Association of Victims of Chemical Weapons","robots":{"index":"index","follow":"follow","max-snippet":"max-snippet:-1","max-image-preview":"max-image-preview:large","max-video-preview":"max-video-preview:-1"},"canonical":"https:\/\/avcw.org\/fr\/activites\/salim-namour-invite-a-une-soiree-de-dialogue-organisee-par-le-comite-de-coordination-en-autriche\/","og_locale":"fr_FR","og_type":"article","og_title":"Salim Namour, invit\u00e9 \u00e0 une soir\u00e9e de dialogue organis\u00e9e par le Comit\u00e9 de coordination en Autriche. - Association of Victims of Chemical Weapons","og_description":"Il est temps de passer de la documentation et de l'enqu\u00eate \u00e0 la responsabilisation des violations commises par le r\u00e9gime syrien contre son peuple","og_url":"https:\/\/avcw.org\/fr\/activites\/salim-namour-invite-a-une-soiree-de-dialogue-organisee-par-le-comite-de-coordination-en-autriche\/","og_site_name":"Association of Victims of Chemical Weapons","article_publisher":"https:\/\/www.facebook.com\/AVCW.NGO\/","article_published_time":"2023-08-18T16:12:11+00:00","article_modified_time":"2024-03-05T23:04:48+00:00","og_image":[{"width":1600,"height":1200,"url":"https:\/\/avcw.org\/wp-content\/uploads\/2023\/08\/Vienna-_meeting.webp","type":"image\/webp"}],"author":"surround","twitter_card":"summary_large_image","twitter_creator":"@avcw_org","twitter_site":"@avcw_org","twitter_misc":{"\u00c9crit par":"surround","Dur\u00e9e de lecture estim\u00e9e":"1 minute"},"schema":{"@context":"https:\/\/schema.org","@graph":[{"@type":"Article","@id":"https:\/\/avcw.org\/fr\/activites\/salim-namour-invite-a-une-soiree-de-dialogue-organisee-par-le-comite-de-coordination-en-autriche\/#article","isPartOf":{"@id":"https:\/\/avcw.org\/fr\/activites\/salim-namour-invite-a-une-soiree-de-dialogue-organisee-par-le-comite-de-coordination-en-autriche\/"},"author":{"name":"surround","@id":"https:\/\/avcw.org\/#\/schema\/person\/b3476fa296fba9be4d80a28ffca93f5e"},"headline":"Salim Namour, invit\u00e9 \u00e0 une soir\u00e9e de dialogue organis\u00e9e par le Comit\u00e9 de coordination en Autriche.","datePublished":"2023-08-18T16:12:11+00:00","dateModified":"2024-03-05T23:04:48+00:00","mainEntityOfPage":{"@id":"https:\/\/avcw.org\/fr\/activites\/salim-namour-invite-a-une-soiree-de-dialogue-organisee-par-le-comite-de-coordination-en-autriche\/"},"wordCount":136,"commentCount":0,"publisher":{"@id":"https:\/\/avcw.org\/#organization"},"image":{"@id":"https:\/\/avcw.org\/fr\/activites\/salim-namour-invite-a-une-soiree-de-dialogue-organisee-par-le-comite-de-coordination-en-autriche\/#primaryimage"},"thumbnailUrl":"https:\/\/avcw.org\/wp-content\/uploads\/2023\/08\/Vienna-_meeting.webp","articleSection":["Activit\u00e9s"],"inLanguage":"fr-FR","potentialAction":[{"@type":"CommentAction","name":"Comment","target":["https:\/\/avcw.org\/fr\/activites\/salim-namour-invite-a-une-soiree-de-dialogue-organisee-par-le-comite-de-coordination-en-autriche\/#respond"]}]},{"@type":"WebPage","@id":"https:\/\/avcw.org\/fr\/activites\/salim-namour-invite-a-une-soiree-de-dialogue-organisee-par-le-comite-de-coordination-en-autriche\/","url":"https:\/\/avcw.org\/fr\/activites\/salim-namour-invite-a-une-soiree-de-dialogue-organisee-par-le-comite-de-coordination-en-autriche\/","name":"Salim Namour, invit\u00e9 \u00e0 une soir\u00e9e de dialogue organis\u00e9e par le Comit\u00e9 de coordination en Autriche. - Association of Victims of Chemical Weapons","isPartOf":{"@id":"https:\/\/avcw.org\/#website"},"primaryImageOfPage":{"@id":"https:\/\/avcw.org\/fr\/activites\/salim-namour-invite-a-une-soiree-de-dialogue-organisee-par-le-comite-de-coordination-en-autriche\/#primaryimage"},"image":{"@id":"https:\/\/avcw.org\/fr\/activites\/salim-namour-invite-a-une-soiree-de-dialogue-organisee-par-le-comite-de-coordination-en-autriche\/#primaryimage"},"thumbnailUrl":"https:\/\/avcw.org\/wp-content\/uploads\/2023\/08\/Vienna-_meeting.webp","datePublished":"2023-08-18T16:12:11+00:00","dateModified":"2024-03-05T23:04:48+00:00","breadcrumb":{"@id":"https:\/\/avcw.org\/fr\/activites\/salim-namour-invite-a-une-soiree-de-dialogue-organisee-par-le-comite-de-coordination-en-autriche\/#breadcrumb"},"inLanguage":"fr-FR","potentialAction":[{"@type":"ReadAction","target":["https:\/\/avcw.org\/fr\/activites\/salim-namour-invite-a-une-soiree-de-dialogue-organisee-par-le-comite-de-coordination-en-autriche\/"]}]},{"@type":"ImageObject","inLanguage":"fr-FR","@id":"https:\/\/avcw.org\/fr\/activites\/salim-namour-invite-a-une-soiree-de-dialogue-organisee-par-le-comite-de-coordination-en-autriche\/#primaryimage","url":"https:\/\/avcw.org\/wp-content\/uploads\/2023\/08\/Vienna-_meeting.webp","contentUrl":"https:\/\/avcw.org\/wp-content\/uploads\/2023\/08\/Vienna-_meeting.webp","width":1600,"height":1200},{"@type":"BreadcrumbList","@id":"https:\/\/avcw.org\/fr\/activites\/salim-namour-invite-a-une-soiree-de-dialogue-organisee-par-le-comite-de-coordination-en-autriche\/#breadcrumb","itemListElement":[{"@type":"ListItem","position":1,"name":"Home","item":"https:\/\/avcw.org\/"},{"@type":"ListItem","position":2,"name":"Salim Namour, invit\u00e9 \u00e0 une soir\u00e9e de dialogue organis\u00e9e par le Comit\u00e9 de coordination en Autriche."}]},{"@type":"WebSite","@id":"https:\/\/avcw.org\/#website","url":"https:\/\/avcw.org\/","name":"Association of Victims of Chemical Weapons","description":"","publisher":{"@id":"https:\/\/avcw.org\/#organization"},"potentialAction":[{"@type":"SearchAction","target":{"@type":"EntryPoint","urlTemplate":"https:\/\/avcw.org\/?s={search_term_string}"},"query-input":{"@type":"PropertyValueSpecification","valueRequired":true,"valueName":"search_term_string"}}],"inLanguage":"fr-FR"},{"@type":"Organization","@id":"https:\/\/avcw.org\/#organization","name":"Association of Victims of Chemical Weapons","url":"https:\/\/avcw.org\/","logo":{"@type":"ImageObject","inLanguage":"fr-FR","@id":"https:\/\/avcw.org\/#\/schema\/logo\/image\/","url":"https:\/\/avcw.org\/wp-content\/uploads\/2023\/07\/cropped-signal-2023-07-03-144739_002.jpg","contentUrl":"https:\/\/avcw.org\/wp-content\/uploads\/2023\/07\/cropped-signal-2023-07-03-144739_002.jpg","width":512,"height":512,"caption":"Association of Victims of Chemical Weapons"},"image":{"@id":"https:\/\/avcw.org\/#\/schema\/logo\/image\/"},"sameAs":["https:\/\/www.facebook.com\/AVCW.NGO\/","https:\/\/x.com\/avcw_org","https:\/\/www.youtube.com\/@avcw2013","https:\/\/www.instagram.com\/avcw_org\/"]},{"@type":"Person","@id":"https:\/\/avcw.org\/#\/schema\/person\/b3476fa296fba9be4d80a28ffca93f5e","name":"surround","image":{"@type":"ImageObject","inLanguage":"fr-FR","@id":"https:\/\/secure.gravatar.com\/avatar\/3aa39b4a8dc3a55febf7c9498cc5df0b3007386896275110c56938375c6cb42d?s=96&d=mm&r=g","url":"https:\/\/secure.gravatar.com\/avatar\/3aa39b4a8dc3a55febf7c9498cc5df0b3007386896275110c56938375c6cb42d?s=96&d=mm&r=g","contentUrl":"https:\/\/secure.gravatar.com\/avatar\/3aa39b4a8dc3a55febf7c9498cc5df0b3007386896275110c56938375c6cb42d?s=96&d=mm&r=g","caption":"surround"},"sameAs":["https:\/\/avcw.org"],"url":"https:\/\/avcw.org\/fr\/author\/surround\/"}]}},"_links":{"self":[{"href":"https:\/\/avcw.org\/fr\/wp-json\/wp\/v2\/posts\/2384","targetHints":{"allow":["GET"]}}],"collection":[{"href":"https:\/\/avcw.org\/fr\/wp-json\/wp\/v2\/posts"}],"about":[{"href":"https:\/\/avcw.org\/fr\/wp-json\/wp\/v2\/types\/post"}],"author":[{"embeddable":true,"href":"https:\/\/avcw.org\/fr\/wp-json\/wp\/v2\/users\/1"}],"replies":[{"embeddable":true,"href":"https:\/\/avcw.org\/fr\/wp-json\/wp\/v2\/comments?post=2384"}],"version-history":[{"count":3,"href":"https:\/\/avcw.org\/fr\/wp-json\/wp\/v2\/posts\/2384\/revisions"}],"predecessor-version":[{"id":2388,"href":"https:\/\/avcw.org\/fr\/wp-json\/wp\/v2\/posts\/2384\/revisions\/2388"}],"wp:featuredmedia":[{"embeddable":true,"href":"https:\/\/avcw.org\/fr\/wp-json\/wp\/v2\/media\/2385"}],"wp:attachment":[{"href":"https:\/\/avcw.org\/fr\/wp-json\/wp\/v2\/media?parent=2384"}],"wp:term":[{"taxonomy":"category","embeddable":true,"href":"https:\/\/avcw.org\/fr\/wp-json\/wp\/v2\/categories?post=2384"},{"taxonomy":"post_tag","embeddable":true,"href":"https:\/\/avcw.org\/fr\/wp-json\/wp\/v2\/tags?post=2384"}],"curies":[{"name":"wp","href":"https:\/\/api.w.org\/{rel}","templated":true}]}}