{"id":2394,"date":"2023-08-20T11:43:59","date_gmt":"2023-08-20T11:43:59","guid":{"rendered":"https:\/\/avcw.org\/non-classifiee\/lanniversaire-du-massacre-du-siecle\/"},"modified":"2024-03-05T23:11:36","modified_gmt":"2024-03-05T23:11:36","slug":"lanniversaire-du-massacre-du-siecle","status":"publish","type":"post","link":"https:\/\/avcw.org\/fr\/activites\/lanniversaire-du-massacre-du-siecle\/","title":{"rendered":"L&rsquo;anniversaire du massacre du si\u00e8cle"},"content":{"rendered":"\n<p>\u00c0 l&rsquo;occasion du dixi\u00e8me anniversaire du Massacre du Si\u00e8cle, le massacre chimique de la Ghouta, nous nous rassemblons pour rendre hommage aux victimes, pour honorer la r\u00e9silience des survivants et des t\u00e9moins, et pour r\u00e9affirmer notre qu\u00eate de justice et notre engagement \u00e0 pr\u00e9venir l&rsquo;impunit\u00e9.<br\/>L&rsquo;Association des Victimes d&rsquo;Armes Chimiques (AVCW), en collaboration avec l&rsquo;Union des Conseils Locaux et la Campagne \u00ab\u00a0Nous Reviendrons\u00a0\u00bb, vous invite \u00e0 participer \u00e0 l&rsquo;\u00e9v\u00e9nement qui sera organis\u00e9 dans la ville d&rsquo;Azaz.<br\/>Rejoignez-nous \u00e9galement dans toutes nos actions de plaidoyer visant \u00e0 tenir les responsables pour leurs crimes et \u00e0 pr\u00e9server la m\u00e9moire des disparus.<br\/>O\u00f9 que vous soyez, devenez des d\u00e9fenseurs de la v\u00e9rit\u00e9 et des chercheurs de justice.<\/p>\n","protected":false},"excerpt":{"rendered":"<p>Partout o\u00f9 vous vous trouvez, soyez des d\u00e9fenseurs de la v\u00e9rit\u00e9 et des chercheurs de jus<\/p>\n","protected":false},"author":1,"featured_media":2200,"comment_status":"open","ping_status":"closed","sticky":false,"template":"","format":"standard","meta":{"footnotes":""},"categories":[44],"tags":[],"class_list":["post-2394","post","type-post","status-publish","format-standard","has-post-thumbnail","hentry","category-activites"],"yoast_head":"<!-- This site is optimized with the Yoast SEO plugin v27.5 - https:\/\/yoast.com\/product\/yoast-seo-wordpress\/ -->\n<title>L&#039;anniversaire du massacre du si\u00e8cle - Association of Victims of Chemical Weapons<\/title>\n<meta name=\"robots\" content=\"index, follow, max-snippet:-1, max-image-preview:large, max-video-preview:-1\" \/>\n<link rel=\"canonical\" href=\"https:\/\/avcw.org\/fr\/activites\/lanniversaire-du-massacre-du-siecle\/\" \/>\n<meta property=\"og:locale\" content=\"fr_FR\" \/>\n<meta property=\"og:type\" content=\"article\" \/>\n<meta property=\"og:title\" content=\"L&#039;anniversaire du massacre du si\u00e8cle - Association of Victims of Chemical Weapons\" \/>\n<meta property=\"og:description\" content=\"Partout o\u00f9 vous vous trouvez, soyez des d\u00e9fenseurs de la v\u00e9rit\u00e9 et des chercheurs de jus\" \/>\n<meta property=\"og:url\" content=\"https:\/\/avcw.org\/fr\/activites\/lanniversaire-du-massacre-du-siecle\/\" \/>\n<meta property=\"og:site_name\" content=\"Association of Victims of Chemical Weapons\" \/>\n<meta property=\"article:publisher\" content=\"https:\/\/www.facebook.com\/AVCW.NGO\/\" \/>\n<meta property=\"article:published_time\" content=\"2023-08-20T11:43:59+00:00\" \/>\n<meta property=\"article:modified_time\" content=\"2024-03-05T23:11:36+00:00\" \/>\n<meta property=\"og:image\" content=\"https:\/\/avcw.org\/wp-content\/uploads\/2023\/08\/invitations_2023-1.webp\" \/>\n\t<meta property=\"og:image:width\" content=\"1080\" \/>\n\t<meta property=\"og:image:height\" content=\"1080\" \/>\n\t<meta property=\"og:image:type\" content=\"image\/webp\" \/>\n<meta name=\"author\" content=\"surround\" \/>\n<meta name=\"twitter:card\" content=\"summary_large_image\" \/>\n<meta name=\"twitter:creator\" content=\"@avcw_org\" \/>\n<meta name=\"twitter:site\" content=\"@avcw_org\" \/>\n<meta name=\"twitter:label1\" content=\"\u00c9crit par\" \/>\n\t<meta name=\"twitter:data1\" content=\"surround\" \/>\n\t<meta name=\"twitter:label2\" content=\"Dur\u00e9e de lecture estim\u00e9e\" \/>\n\t<meta name=\"twitter:data2\" content=\"1 minute\" \/>\n<script type=\"application\/ld+json\" class=\"yoast-schema-graph\">{\"@context\":\"https:\\\/\\\/schema.org\",\"@graph\":[{\"@type\":\"Article\",\"@id\":\"https:\\\/\\\/avcw.org\\\/fr\\\/activites\\\/lanniversaire-du-massacre-du-siecle\\\/#article\",\"isPartOf\":{\"@id\":\"https:\\\/\\\/avcw.org\\\/fr\\\/activites\\\/lanniversaire-du-massacre-du-siecle\\\/\"},\"author\":{\"name\":\"surround\",\"@id\":\"https:\\\/\\\/avcw.org\\\/#\\\/schema\\\/person\\\/b3476fa296fba9be4d80a28ffca93f5e\"},\"headline\":\"L&rsquo;anniversaire du massacre du si\u00e8cle\",\"datePublished\":\"2023-08-20T11:43:59+00:00\",\"dateModified\":\"2024-03-05T23:11:36+00:00\",\"mainEntityOfPage\":{\"@id\":\"https:\\\/\\\/avcw.org\\\/fr\\\/activites\\\/lanniversaire-du-massacre-du-siecle\\\/\"},\"wordCount\":134,\"commentCount\":0,\"publisher\":{\"@id\":\"https:\\\/\\\/avcw.org\\\/#organization\"},\"image\":{\"@id\":\"https:\\\/\\\/avcw.org\\\/fr\\\/activites\\\/lanniversaire-du-massacre-du-siecle\\\/#primaryimage\"},\"thumbnailUrl\":\"https:\\\/\\\/avcw.org\\\/wp-content\\\/uploads\\\/2023\\\/08\\\/invitations_2023-1.webp\",\"articleSection\":[\"Activit\u00e9s\"],\"inLanguage\":\"fr-FR\",\"potentialAction\":[{\"@type\":\"CommentAction\",\"name\":\"Comment\",\"target\":[\"https:\\\/\\\/avcw.org\\\/fr\\\/activites\\\/lanniversaire-du-massacre-du-siecle\\\/#respond\"]}]},{\"@type\":\"WebPage\",\"@id\":\"https:\\\/\\\/avcw.org\\\/fr\\\/activites\\\/lanniversaire-du-massacre-du-siecle\\\/\",\"url\":\"https:\\\/\\\/avcw.org\\\/fr\\\/activites\\\/lanniversaire-du-massacre-du-siecle\\\/\",\"name\":\"L'anniversaire du massacre du si\u00e8cle - Association of Victims of Chemical Weapons\",\"isPartOf\":{\"@id\":\"https:\\\/\\\/avcw.org\\\/#website\"},\"primaryImageOfPage\":{\"@id\":\"https:\\\/\\\/avcw.org\\\/fr\\\/activites\\\/lanniversaire-du-massacre-du-siecle\\\/#primaryimage\"},\"image\":{\"@id\":\"https:\\\/\\\/avcw.org\\\/fr\\\/activites\\\/lanniversaire-du-massacre-du-siecle\\\/#primaryimage\"},\"thumbnailUrl\":\"https:\\\/\\\/avcw.org\\\/wp-content\\\/uploads\\\/2023\\\/08\\\/invitations_2023-1.webp\",\"datePublished\":\"2023-08-20T11:43:59+00:00\",\"dateModified\":\"2024-03-05T23:11:36+00:00\",\"breadcrumb\":{\"@id\":\"https:\\\/\\\/avcw.org\\\/fr\\\/activites\\\/lanniversaire-du-massacre-du-siecle\\\/#breadcrumb\"},\"inLanguage\":\"fr-FR\",\"potentialAction\":[{\"@type\":\"ReadAction\",\"target\":[\"https:\\\/\\\/avcw.org\\\/fr\\\/activites\\\/lanniversaire-du-massacre-du-siecle\\\/\"]}]},{\"@type\":\"ImageObject\",\"inLanguage\":\"fr-FR\",\"@id\":\"https:\\\/\\\/avcw.org\\\/fr\\\/activites\\\/lanniversaire-du-massacre-du-siecle\\\/#primaryimage\",\"url\":\"https:\\\/\\\/avcw.org\\\/wp-content\\\/uploads\\\/2023\\\/08\\\/invitations_2023-1.webp\",\"contentUrl\":\"https:\\\/\\\/avcw.org\\\/wp-content\\\/uploads\\\/2023\\\/08\\\/invitations_2023-1.webp\",\"width\":1080,\"height\":1080},{\"@type\":\"BreadcrumbList\",\"@id\":\"https:\\\/\\\/avcw.org\\\/fr\\\/activites\\\/lanniversaire-du-massacre-du-siecle\\\/#breadcrumb\",\"itemListElement\":[{\"@type\":\"ListItem\",\"position\":1,\"name\":\"Home\",\"item\":\"https:\\\/\\\/avcw.org\\\/\"},{\"@type\":\"ListItem\",\"position\":2,\"name\":\"L&rsquo;anniversaire du massacre du si\u00e8cle\"}]},{\"@type\":\"WebSite\",\"@id\":\"https:\\\/\\\/avcw.org\\\/#website\",\"url\":\"https:\\\/\\\/avcw.org\\\/\",\"name\":\"Association of Victims of Chemical Weapons\",\"description\":\"\",\"publisher\":{\"@id\":\"https:\\\/\\\/avcw.org\\\/#organization\"},\"potentialAction\":[{\"@type\":\"SearchAction\",\"target\":{\"@type\":\"EntryPoint\",\"urlTemplate\":\"https:\\\/\\\/avcw.org\\\/?s={search_term_string}\"},\"query-input\":{\"@type\":\"PropertyValueSpecification\",\"valueRequired\":true,\"valueName\":\"search_term_string\"}}],\"inLanguage\":\"fr-FR\"},{\"@type\":\"Organization\",\"@id\":\"https:\\\/\\\/avcw.org\\\/#organization\",\"name\":\"Association of Victims of Chemical Weapons\",\"url\":\"https:\\\/\\\/avcw.org\\\/\",\"logo\":{\"@type\":\"ImageObject\",\"inLanguage\":\"fr-FR\",\"@id\":\"https:\\\/\\\/avcw.org\\\/#\\\/schema\\\/logo\\\/image\\\/\",\"url\":\"https:\\\/\\\/avcw.org\\\/wp-content\\\/uploads\\\/2023\\\/07\\\/cropped-signal-2023-07-03-144739_002.jpg\",\"contentUrl\":\"https:\\\/\\\/avcw.org\\\/wp-content\\\/uploads\\\/2023\\\/07\\\/cropped-signal-2023-07-03-144739_002.jpg\",\"width\":512,\"height\":512,\"caption\":\"Association of Victims of Chemical Weapons\"},\"image\":{\"@id\":\"https:\\\/\\\/avcw.org\\\/#\\\/schema\\\/logo\\\/image\\\/\"},\"sameAs\":[\"https:\\\/\\\/www.facebook.com\\\/AVCW.NGO\\\/\",\"https:\\\/\\\/x.com\\\/avcw_org\",\"https:\\\/\\\/www.youtube.com\\\/@avcw2013\",\"https:\\\/\\\/www.instagram.com\\\/avcw_org\\\/\"]},{\"@type\":\"Person\",\"@id\":\"https:\\\/\\\/avcw.org\\\/#\\\/schema\\\/person\\\/b3476fa296fba9be4d80a28ffca93f5e\",\"name\":\"surround\",\"image\":{\"@type\":\"ImageObject\",\"inLanguage\":\"fr-FR\",\"@id\":\"https:\\\/\\\/secure.gravatar.com\\\/avatar\\\/3aa39b4a8dc3a55febf7c9498cc5df0b3007386896275110c56938375c6cb42d?s=96&d=mm&r=g\",\"url\":\"https:\\\/\\\/secure.gravatar.com\\\/avatar\\\/3aa39b4a8dc3a55febf7c9498cc5df0b3007386896275110c56938375c6cb42d?s=96&d=mm&r=g\",\"contentUrl\":\"https:\\\/\\\/secure.gravatar.com\\\/avatar\\\/3aa39b4a8dc3a55febf7c9498cc5df0b3007386896275110c56938375c6cb42d?s=96&d=mm&r=g\",\"caption\":\"surround\"},\"sameAs\":[\"https:\\\/\\\/avcw.org\"],\"url\":\"https:\\\/\\\/avcw.org\\\/fr\\\/author\\\/surround\\\/\"}]}<\/script>\n<!-- \/ Yoast SEO plugin. -->","yoast_head_json":{"title":"L'anniversaire du massacre du si\u00e8cle - Association of Victims of Chemical Weapons","robots":{"index":"index","follow":"follow","max-snippet":"max-snippet:-1","max-image-preview":"max-image-preview:large","max-video-preview":"max-video-preview:-1"},"canonical":"https:\/\/avcw.org\/fr\/activites\/lanniversaire-du-massacre-du-siecle\/","og_locale":"fr_FR","og_type":"article","og_title":"L'anniversaire du massacre du si\u00e8cle - Association of Victims of Chemical Weapons","og_description":"Partout o\u00f9 vous vous trouvez, soyez des d\u00e9fenseurs de la v\u00e9rit\u00e9 et des chercheurs de jus","og_url":"https:\/\/avcw.org\/fr\/activites\/lanniversaire-du-massacre-du-siecle\/","og_site_name":"Association of Victims of Chemical Weapons","article_publisher":"https:\/\/www.facebook.com\/AVCW.NGO\/","article_published_time":"2023-08-20T11:43:59+00:00","article_modified_time":"2024-03-05T23:11:36+00:00","og_image":[{"width":1080,"height":1080,"url":"https:\/\/avcw.org\/wp-content\/uploads\/2023\/08\/invitations_2023-1.webp","type":"image\/webp"}],"author":"surround","twitter_card":"summary_large_image","twitter_creator":"@avcw_org","twitter_site":"@avcw_org","twitter_misc":{"\u00c9crit par":"surround","Dur\u00e9e de lecture estim\u00e9e":"1 minute"},"schema":{"@context":"https:\/\/schema.org","@graph":[{"@type":"Article","@id":"https:\/\/avcw.org\/fr\/activites\/lanniversaire-du-massacre-du-siecle\/#article","isPartOf":{"@id":"https:\/\/avcw.org\/fr\/activites\/lanniversaire-du-massacre-du-siecle\/"},"author":{"name":"surround","@id":"https:\/\/avcw.org\/#\/schema\/person\/b3476fa296fba9be4d80a28ffca93f5e"},"headline":"L&rsquo;anniversaire du massacre du si\u00e8cle","datePublished":"2023-08-20T11:43:59+00:00","dateModified":"2024-03-05T23:11:36+00:00","mainEntityOfPage":{"@id":"https:\/\/avcw.org\/fr\/activites\/lanniversaire-du-massacre-du-siecle\/"},"wordCount":134,"commentCount":0,"publisher":{"@id":"https:\/\/avcw.org\/#organization"},"image":{"@id":"https:\/\/avcw.org\/fr\/activites\/lanniversaire-du-massacre-du-siecle\/#primaryimage"},"thumbnailUrl":"https:\/\/avcw.org\/wp-content\/uploads\/2023\/08\/invitations_2023-1.webp","articleSection":["Activit\u00e9s"],"inLanguage":"fr-FR","potentialAction":[{"@type":"CommentAction","name":"Comment","target":["https:\/\/avcw.org\/fr\/activites\/lanniversaire-du-massacre-du-siecle\/#respond"]}]},{"@type":"WebPage","@id":"https:\/\/avcw.org\/fr\/activites\/lanniversaire-du-massacre-du-siecle\/","url":"https:\/\/avcw.org\/fr\/activites\/lanniversaire-du-massacre-du-siecle\/","name":"L'anniversaire du massacre du si\u00e8cle - Association of Victims of Chemical Weapons","isPartOf":{"@id":"https:\/\/avcw.org\/#website"},"primaryImageOfPage":{"@id":"https:\/\/avcw.org\/fr\/activites\/lanniversaire-du-massacre-du-siecle\/#primaryimage"},"image":{"@id":"https:\/\/avcw.org\/fr\/activites\/lanniversaire-du-massacre-du-siecle\/#primaryimage"},"thumbnailUrl":"https:\/\/avcw.org\/wp-content\/uploads\/2023\/08\/invitations_2023-1.webp","datePublished":"2023-08-20T11:43:59+00:00","dateModified":"2024-03-05T23:11:36+00:00","breadcrumb":{"@id":"https:\/\/avcw.org\/fr\/activites\/lanniversaire-du-massacre-du-siecle\/#breadcrumb"},"inLanguage":"fr-FR","potentialAction":[{"@type":"ReadAction","target":["https:\/\/avcw.org\/fr\/activites\/lanniversaire-du-massacre-du-siecle\/"]}]},{"@type":"ImageObject","inLanguage":"fr-FR","@id":"https:\/\/avcw.org\/fr\/activites\/lanniversaire-du-massacre-du-siecle\/#primaryimage","url":"https:\/\/avcw.org\/wp-content\/uploads\/2023\/08\/invitations_2023-1.webp","contentUrl":"https:\/\/avcw.org\/wp-content\/uploads\/2023\/08\/invitations_2023-1.webp","width":1080,"height":1080},{"@type":"BreadcrumbList","@id":"https:\/\/avcw.org\/fr\/activites\/lanniversaire-du-massacre-du-siecle\/#breadcrumb","itemListElement":[{"@type":"ListItem","position":1,"name":"Home","item":"https:\/\/avcw.org\/"},{"@type":"ListItem","position":2,"name":"L&rsquo;anniversaire du massacre du si\u00e8cle"}]},{"@type":"WebSite","@id":"https:\/\/avcw.org\/#website","url":"https:\/\/avcw.org\/","name":"Association of Victims of Chemical Weapons","description":"","publisher":{"@id":"https:\/\/avcw.org\/#organization"},"potentialAction":[{"@type":"SearchAction","target":{"@type":"EntryPoint","urlTemplate":"https:\/\/avcw.org\/?s={search_term_string}"},"query-input":{"@type":"PropertyValueSpecification","valueRequired":true,"valueName":"search_term_string"}}],"inLanguage":"fr-FR"},{"@type":"Organization","@id":"https:\/\/avcw.org\/#organization","name":"Association of Victims of Chemical Weapons","url":"https:\/\/avcw.org\/","logo":{"@type":"ImageObject","inLanguage":"fr-FR","@id":"https:\/\/avcw.org\/#\/schema\/logo\/image\/","url":"https:\/\/avcw.org\/wp-content\/uploads\/2023\/07\/cropped-signal-2023-07-03-144739_002.jpg","contentUrl":"https:\/\/avcw.org\/wp-content\/uploads\/2023\/07\/cropped-signal-2023-07-03-144739_002.jpg","width":512,"height":512,"caption":"Association of Victims of Chemical Weapons"},"image":{"@id":"https:\/\/avcw.org\/#\/schema\/logo\/image\/"},"sameAs":["https:\/\/www.facebook.com\/AVCW.NGO\/","https:\/\/x.com\/avcw_org","https:\/\/www.youtube.com\/@avcw2013","https:\/\/www.instagram.com\/avcw_org\/"]},{"@type":"Person","@id":"https:\/\/avcw.org\/#\/schema\/person\/b3476fa296fba9be4d80a28ffca93f5e","name":"surround","image":{"@type":"ImageObject","inLanguage":"fr-FR","@id":"https:\/\/secure.gravatar.com\/avatar\/3aa39b4a8dc3a55febf7c9498cc5df0b3007386896275110c56938375c6cb42d?s=96&d=mm&r=g","url":"https:\/\/secure.gravatar.com\/avatar\/3aa39b4a8dc3a55febf7c9498cc5df0b3007386896275110c56938375c6cb42d?s=96&d=mm&r=g","contentUrl":"https:\/\/secure.gravatar.com\/avatar\/3aa39b4a8dc3a55febf7c9498cc5df0b3007386896275110c56938375c6cb42d?s=96&d=mm&r=g","caption":"surround"},"sameAs":["https:\/\/avcw.org"],"url":"https:\/\/avcw.org\/fr\/author\/surround\/"}]}},"_links":{"self":[{"href":"https:\/\/avcw.org\/fr\/wp-json\/wp\/v2\/posts\/2394","targetHints":{"allow":["GET"]}}],"collection":[{"href":"https:\/\/avcw.org\/fr\/wp-json\/wp\/v2\/posts"}],"about":[{"href":"https:\/\/avcw.org\/fr\/wp-json\/wp\/v2\/types\/post"}],"author":[{"embeddable":true,"href":"https:\/\/avcw.org\/fr\/wp-json\/wp\/v2\/users\/1"}],"replies":[{"embeddable":true,"href":"https:\/\/avcw.org\/fr\/wp-json\/wp\/v2\/comments?post=2394"}],"version-history":[{"count":1,"href":"https:\/\/avcw.org\/fr\/wp-json\/wp\/v2\/posts\/2394\/revisions"}],"predecessor-version":[{"id":2395,"href":"https:\/\/avcw.org\/fr\/wp-json\/wp\/v2\/posts\/2394\/revisions\/2395"}],"wp:featuredmedia":[{"embeddable":true,"href":"https:\/\/avcw.org\/fr\/wp-json\/wp\/v2\/media\/2200"}],"wp:attachment":[{"href":"https:\/\/avcw.org\/fr\/wp-json\/wp\/v2\/media?parent=2394"}],"wp:term":[{"taxonomy":"category","embeddable":true,"href":"https:\/\/avcw.org\/fr\/wp-json\/wp\/v2\/categories?post=2394"},{"taxonomy":"post_tag","embeddable":true,"href":"https:\/\/avcw.org\/fr\/wp-json\/wp\/v2\/tags?post=2394"}],"curies":[{"name":"wp","href":"https:\/\/api.w.org\/{rel}","templated":true}]}}