{"id":2404,"date":"2023-08-18T15:46:14","date_gmt":"2023-08-18T15:46:14","guid":{"rendered":"https:\/\/avcw.org\/non-classifiee\/lemploi-du-gaz-sarin-contre-le-peuple-syrien-etait-inimaginable-aux-yeux-de-tous\/"},"modified":"2024-03-05T23:18:54","modified_gmt":"2024-03-05T23:18:54","slug":"lemploi-du-gaz-sarin-contre-le-peuple-syrien-etait-inimaginable-aux-yeux-de-tous","status":"publish","type":"post","link":"https:\/\/avcw.org\/fr\/recits-et-temoignages\/lemploi-du-gaz-sarin-contre-le-peuple-syrien-etait-inimaginable-aux-yeux-de-tous\/","title":{"rendered":"L&#8217;emploi du gaz sarin contre le peuple syrien \u00e9tait inimaginable aux yeux de tous."},"content":{"rendered":"\n<p><br\/>Thaer Al-Hajazi, survivant du massacre chimique de la Ghouta et membre de l&rsquo;Association des victimes des armes chimiques, raconte leur travail de documentation des violations commises lors de l&rsquo;attaque chimique. Il affirme que le chemin vers la justice est long et a commenc\u00e9 d\u00e8s le premier instant. Son t\u00e9moignage, ainsi que ceux d&rsquo;autres personnes, constitue la base des efforts d\u00e9ploy\u00e9s pour obtenir justice. Ces efforts ont abouti au d\u00e9p\u00f4t de plaintes devant les juridictions fran\u00e7aises et allemandes concernant cette utilisation. Le proc\u00e8s en France s&rsquo;appuie sur la comp\u00e9tence au-del\u00e0 des fronti\u00e8res territoriales car le Centre syrien pour les m\u00e9dias et la libert\u00e9 d&rsquo;expression, un partenaire de l&rsquo;Association, est l&rsquo;une des parties civiles dans l&rsquo;affaire. Pendant ce temps, le proc\u00e8s en Allemagne, qui applique le principe de la &lsquo;juridiction universelle&rsquo;, permet \u00e0 ses tribunaux d&rsquo;enqu\u00eater et de poursuivre les crimes contre l&rsquo;humanit\u00e9, m\u00eame s&rsquo;ils sont commis par des citoyens \u00e9trangers sur un territoire \u00e9tranger.            <\/p>\n\n<iframe width=\"560\" height=\"410\" src=\"https:\/\/www.youtube.com\/embed\/tg2RCFezvO8\" title=\"YouTube video player\" frameborder=\"0\" allow=\"accelerometer; autoplay; clipboard-write; encrypted-media; gyroscope; picture-in-picture; web-share\" allowfullscreen=\"\"><\/iframe>\n","protected":false},"excerpt":{"rendered":"<p>Le chemin vers la justice est long et a commenc\u00e9 d\u00e8s le premier instant. Son t\u00e9moignage, ainsi que celui d&rsquo;autres personnes, a constitu\u00e9 la base des efforts d\u00e9ploy\u00e9s pour obtenir justice. Ces efforts ont abouti au d\u00e9p\u00f4t de plaintes devant les juridictions fran\u00e7aises et allemandes concernant cette utilisation. Cependant, il ne s&rsquo;agit l\u00e0 que du d\u00e9but du chemin.     <\/p>\n","protected":false},"author":1,"featured_media":2405,"comment_status":"open","ping_status":"closed","sticky":false,"template":"","format":"standard","meta":{"footnotes":""},"categories":[49],"tags":[],"class_list":["post-2404","post","type-post","status-publish","format-standard","has-post-thumbnail","hentry","category-recits-et-temoignages"],"yoast_head":"<!-- This site is optimized with the Yoast SEO plugin v27.5 - https:\/\/yoast.com\/product\/yoast-seo-wordpress\/ -->\n<title>L&#039;emploi du gaz sarin contre le peuple syrien \u00e9tait inimaginable aux yeux de tous. - Association of Victims of Chemical Weapons<\/title>\n<meta name=\"robots\" content=\"index, follow, max-snippet:-1, max-image-preview:large, max-video-preview:-1\" \/>\n<link rel=\"canonical\" href=\"https:\/\/avcw.org\/fr\/recits-et-temoignages\/lemploi-du-gaz-sarin-contre-le-peuple-syrien-etait-inimaginable-aux-yeux-de-tous\/\" \/>\n<meta property=\"og:locale\" content=\"fr_FR\" \/>\n<meta property=\"og:type\" content=\"article\" \/>\n<meta property=\"og:title\" content=\"L&#039;emploi du gaz sarin contre le peuple syrien \u00e9tait inimaginable aux yeux de tous. - Association of Victims of Chemical Weapons\" \/>\n<meta property=\"og:description\" content=\"Le chemin vers la justice est long et a commenc\u00e9 d\u00e8s le premier instant. Son t\u00e9moignage, ainsi que celui d&#039;autres personnes, a constitu\u00e9 la base des efforts d\u00e9ploy\u00e9s pour obtenir justice. Ces efforts ont abouti au d\u00e9p\u00f4t de plaintes devant les juridictions fran\u00e7aises et allemandes concernant cette utilisation. Cependant, il ne s&#039;agit l\u00e0 que du d\u00e9but du chemin.\" \/>\n<meta property=\"og:url\" content=\"https:\/\/avcw.org\/fr\/recits-et-temoignages\/lemploi-du-gaz-sarin-contre-le-peuple-syrien-etait-inimaginable-aux-yeux-de-tous\/\" \/>\n<meta property=\"og:site_name\" content=\"Association of Victims of Chemical Weapons\" \/>\n<meta property=\"article:publisher\" content=\"https:\/\/www.facebook.com\/AVCW.NGO\/\" \/>\n<meta property=\"article:published_time\" content=\"2023-08-18T15:46:14+00:00\" \/>\n<meta property=\"article:modified_time\" content=\"2024-03-05T23:18:54+00:00\" \/>\n<meta property=\"og:image\" content=\"https:\/\/avcw.org\/wp-content\/uploads\/2023\/08\/thaer_higazi.webp\" \/>\n\t<meta property=\"og:image:width\" content=\"1764\" \/>\n\t<meta property=\"og:image:height\" content=\"965\" \/>\n\t<meta property=\"og:image:type\" content=\"image\/webp\" \/>\n<meta name=\"author\" content=\"surround\" \/>\n<meta name=\"twitter:card\" content=\"summary_large_image\" \/>\n<meta name=\"twitter:creator\" content=\"@avcw_org\" \/>\n<meta name=\"twitter:site\" content=\"@avcw_org\" \/>\n<meta name=\"twitter:label1\" content=\"\u00c9crit par\" \/>\n\t<meta name=\"twitter:data1\" content=\"surround\" \/>\n\t<meta name=\"twitter:label2\" content=\"Dur\u00e9e de lecture estim\u00e9e\" \/>\n\t<meta name=\"twitter:data2\" content=\"1 minute\" \/>\n<script type=\"application\/ld+json\" class=\"yoast-schema-graph\">{\"@context\":\"https:\\\/\\\/schema.org\",\"@graph\":[{\"@type\":\"Article\",\"@id\":\"https:\\\/\\\/avcw.org\\\/fr\\\/recits-et-temoignages\\\/lemploi-du-gaz-sarin-contre-le-peuple-syrien-etait-inimaginable-aux-yeux-de-tous\\\/#article\",\"isPartOf\":{\"@id\":\"https:\\\/\\\/avcw.org\\\/fr\\\/recits-et-temoignages\\\/lemploi-du-gaz-sarin-contre-le-peuple-syrien-etait-inimaginable-aux-yeux-de-tous\\\/\"},\"author\":{\"name\":\"surround\",\"@id\":\"https:\\\/\\\/avcw.org\\\/#\\\/schema\\\/person\\\/b3476fa296fba9be4d80a28ffca93f5e\"},\"headline\":\"L&#8217;emploi du gaz sarin contre le peuple syrien \u00e9tait inimaginable aux yeux de tous.\",\"datePublished\":\"2023-08-18T15:46:14+00:00\",\"dateModified\":\"2024-03-05T23:18:54+00:00\",\"mainEntityOfPage\":{\"@id\":\"https:\\\/\\\/avcw.org\\\/fr\\\/recits-et-temoignages\\\/lemploi-du-gaz-sarin-contre-le-peuple-syrien-etait-inimaginable-aux-yeux-de-tous\\\/\"},\"wordCount\":192,\"commentCount\":0,\"publisher\":{\"@id\":\"https:\\\/\\\/avcw.org\\\/#organization\"},\"image\":{\"@id\":\"https:\\\/\\\/avcw.org\\\/fr\\\/recits-et-temoignages\\\/lemploi-du-gaz-sarin-contre-le-peuple-syrien-etait-inimaginable-aux-yeux-de-tous\\\/#primaryimage\"},\"thumbnailUrl\":\"https:\\\/\\\/avcw.org\\\/wp-content\\\/uploads\\\/2023\\\/08\\\/thaer_higazi.webp\",\"articleSection\":[\"R\u00e9cits et t\u00e9moignages\"],\"inLanguage\":\"fr-FR\",\"potentialAction\":[{\"@type\":\"CommentAction\",\"name\":\"Comment\",\"target\":[\"https:\\\/\\\/avcw.org\\\/fr\\\/recits-et-temoignages\\\/lemploi-du-gaz-sarin-contre-le-peuple-syrien-etait-inimaginable-aux-yeux-de-tous\\\/#respond\"]}]},{\"@type\":\"WebPage\",\"@id\":\"https:\\\/\\\/avcw.org\\\/fr\\\/recits-et-temoignages\\\/lemploi-du-gaz-sarin-contre-le-peuple-syrien-etait-inimaginable-aux-yeux-de-tous\\\/\",\"url\":\"https:\\\/\\\/avcw.org\\\/fr\\\/recits-et-temoignages\\\/lemploi-du-gaz-sarin-contre-le-peuple-syrien-etait-inimaginable-aux-yeux-de-tous\\\/\",\"name\":\"L'emploi du gaz sarin contre le peuple syrien \u00e9tait inimaginable aux yeux de tous. - Association of Victims of Chemical Weapons\",\"isPartOf\":{\"@id\":\"https:\\\/\\\/avcw.org\\\/#website\"},\"primaryImageOfPage\":{\"@id\":\"https:\\\/\\\/avcw.org\\\/fr\\\/recits-et-temoignages\\\/lemploi-du-gaz-sarin-contre-le-peuple-syrien-etait-inimaginable-aux-yeux-de-tous\\\/#primaryimage\"},\"image\":{\"@id\":\"https:\\\/\\\/avcw.org\\\/fr\\\/recits-et-temoignages\\\/lemploi-du-gaz-sarin-contre-le-peuple-syrien-etait-inimaginable-aux-yeux-de-tous\\\/#primaryimage\"},\"thumbnailUrl\":\"https:\\\/\\\/avcw.org\\\/wp-content\\\/uploads\\\/2023\\\/08\\\/thaer_higazi.webp\",\"datePublished\":\"2023-08-18T15:46:14+00:00\",\"dateModified\":\"2024-03-05T23:18:54+00:00\",\"breadcrumb\":{\"@id\":\"https:\\\/\\\/avcw.org\\\/fr\\\/recits-et-temoignages\\\/lemploi-du-gaz-sarin-contre-le-peuple-syrien-etait-inimaginable-aux-yeux-de-tous\\\/#breadcrumb\"},\"inLanguage\":\"fr-FR\",\"potentialAction\":[{\"@type\":\"ReadAction\",\"target\":[\"https:\\\/\\\/avcw.org\\\/fr\\\/recits-et-temoignages\\\/lemploi-du-gaz-sarin-contre-le-peuple-syrien-etait-inimaginable-aux-yeux-de-tous\\\/\"]}]},{\"@type\":\"ImageObject\",\"inLanguage\":\"fr-FR\",\"@id\":\"https:\\\/\\\/avcw.org\\\/fr\\\/recits-et-temoignages\\\/lemploi-du-gaz-sarin-contre-le-peuple-syrien-etait-inimaginable-aux-yeux-de-tous\\\/#primaryimage\",\"url\":\"https:\\\/\\\/avcw.org\\\/wp-content\\\/uploads\\\/2023\\\/08\\\/thaer_higazi.webp\",\"contentUrl\":\"https:\\\/\\\/avcw.org\\\/wp-content\\\/uploads\\\/2023\\\/08\\\/thaer_higazi.webp\",\"width\":1764,\"height\":965},{\"@type\":\"BreadcrumbList\",\"@id\":\"https:\\\/\\\/avcw.org\\\/fr\\\/recits-et-temoignages\\\/lemploi-du-gaz-sarin-contre-le-peuple-syrien-etait-inimaginable-aux-yeux-de-tous\\\/#breadcrumb\",\"itemListElement\":[{\"@type\":\"ListItem\",\"position\":1,\"name\":\"Home\",\"item\":\"https:\\\/\\\/avcw.org\\\/\"},{\"@type\":\"ListItem\",\"position\":2,\"name\":\"L&#8217;emploi du gaz sarin contre le peuple syrien \u00e9tait inimaginable aux yeux de tous.\"}]},{\"@type\":\"WebSite\",\"@id\":\"https:\\\/\\\/avcw.org\\\/#website\",\"url\":\"https:\\\/\\\/avcw.org\\\/\",\"name\":\"Association of Victims of Chemical Weapons\",\"description\":\"\",\"publisher\":{\"@id\":\"https:\\\/\\\/avcw.org\\\/#organization\"},\"potentialAction\":[{\"@type\":\"SearchAction\",\"target\":{\"@type\":\"EntryPoint\",\"urlTemplate\":\"https:\\\/\\\/avcw.org\\\/?s={search_term_string}\"},\"query-input\":{\"@type\":\"PropertyValueSpecification\",\"valueRequired\":true,\"valueName\":\"search_term_string\"}}],\"inLanguage\":\"fr-FR\"},{\"@type\":\"Organization\",\"@id\":\"https:\\\/\\\/avcw.org\\\/#organization\",\"name\":\"Association of Victims of Chemical Weapons\",\"url\":\"https:\\\/\\\/avcw.org\\\/\",\"logo\":{\"@type\":\"ImageObject\",\"inLanguage\":\"fr-FR\",\"@id\":\"https:\\\/\\\/avcw.org\\\/#\\\/schema\\\/logo\\\/image\\\/\",\"url\":\"https:\\\/\\\/avcw.org\\\/wp-content\\\/uploads\\\/2023\\\/07\\\/cropped-signal-2023-07-03-144739_002.jpg\",\"contentUrl\":\"https:\\\/\\\/avcw.org\\\/wp-content\\\/uploads\\\/2023\\\/07\\\/cropped-signal-2023-07-03-144739_002.jpg\",\"width\":512,\"height\":512,\"caption\":\"Association of Victims of Chemical Weapons\"},\"image\":{\"@id\":\"https:\\\/\\\/avcw.org\\\/#\\\/schema\\\/logo\\\/image\\\/\"},\"sameAs\":[\"https:\\\/\\\/www.facebook.com\\\/AVCW.NGO\\\/\",\"https:\\\/\\\/x.com\\\/avcw_org\",\"https:\\\/\\\/www.youtube.com\\\/@avcw2013\",\"https:\\\/\\\/www.instagram.com\\\/avcw_org\\\/\"]},{\"@type\":\"Person\",\"@id\":\"https:\\\/\\\/avcw.org\\\/#\\\/schema\\\/person\\\/b3476fa296fba9be4d80a28ffca93f5e\",\"name\":\"surround\",\"image\":{\"@type\":\"ImageObject\",\"inLanguage\":\"fr-FR\",\"@id\":\"https:\\\/\\\/secure.gravatar.com\\\/avatar\\\/3aa39b4a8dc3a55febf7c9498cc5df0b3007386896275110c56938375c6cb42d?s=96&d=mm&r=g\",\"url\":\"https:\\\/\\\/secure.gravatar.com\\\/avatar\\\/3aa39b4a8dc3a55febf7c9498cc5df0b3007386896275110c56938375c6cb42d?s=96&d=mm&r=g\",\"contentUrl\":\"https:\\\/\\\/secure.gravatar.com\\\/avatar\\\/3aa39b4a8dc3a55febf7c9498cc5df0b3007386896275110c56938375c6cb42d?s=96&d=mm&r=g\",\"caption\":\"surround\"},\"sameAs\":[\"https:\\\/\\\/avcw.org\"],\"url\":\"https:\\\/\\\/avcw.org\\\/fr\\\/author\\\/surround\\\/\"}]}<\/script>\n<!-- \/ Yoast SEO plugin. -->","yoast_head_json":{"title":"L'emploi du gaz sarin contre le peuple syrien \u00e9tait inimaginable aux yeux de tous. - Association of Victims of Chemical Weapons","robots":{"index":"index","follow":"follow","max-snippet":"max-snippet:-1","max-image-preview":"max-image-preview:large","max-video-preview":"max-video-preview:-1"},"canonical":"https:\/\/avcw.org\/fr\/recits-et-temoignages\/lemploi-du-gaz-sarin-contre-le-peuple-syrien-etait-inimaginable-aux-yeux-de-tous\/","og_locale":"fr_FR","og_type":"article","og_title":"L'emploi du gaz sarin contre le peuple syrien \u00e9tait inimaginable aux yeux de tous. - Association of Victims of Chemical Weapons","og_description":"Le chemin vers la justice est long et a commenc\u00e9 d\u00e8s le premier instant. Son t\u00e9moignage, ainsi que celui d'autres personnes, a constitu\u00e9 la base des efforts d\u00e9ploy\u00e9s pour obtenir justice. Ces efforts ont abouti au d\u00e9p\u00f4t de plaintes devant les juridictions fran\u00e7aises et allemandes concernant cette utilisation. Cependant, il ne s'agit l\u00e0 que du d\u00e9but du chemin.","og_url":"https:\/\/avcw.org\/fr\/recits-et-temoignages\/lemploi-du-gaz-sarin-contre-le-peuple-syrien-etait-inimaginable-aux-yeux-de-tous\/","og_site_name":"Association of Victims of Chemical Weapons","article_publisher":"https:\/\/www.facebook.com\/AVCW.NGO\/","article_published_time":"2023-08-18T15:46:14+00:00","article_modified_time":"2024-03-05T23:18:54+00:00","og_image":[{"width":1764,"height":965,"url":"https:\/\/avcw.org\/wp-content\/uploads\/2023\/08\/thaer_higazi.webp","type":"image\/webp"}],"author":"surround","twitter_card":"summary_large_image","twitter_creator":"@avcw_org","twitter_site":"@avcw_org","twitter_misc":{"\u00c9crit par":"surround","Dur\u00e9e de lecture estim\u00e9e":"1 minute"},"schema":{"@context":"https:\/\/schema.org","@graph":[{"@type":"Article","@id":"https:\/\/avcw.org\/fr\/recits-et-temoignages\/lemploi-du-gaz-sarin-contre-le-peuple-syrien-etait-inimaginable-aux-yeux-de-tous\/#article","isPartOf":{"@id":"https:\/\/avcw.org\/fr\/recits-et-temoignages\/lemploi-du-gaz-sarin-contre-le-peuple-syrien-etait-inimaginable-aux-yeux-de-tous\/"},"author":{"name":"surround","@id":"https:\/\/avcw.org\/#\/schema\/person\/b3476fa296fba9be4d80a28ffca93f5e"},"headline":"L&#8217;emploi du gaz sarin contre le peuple syrien \u00e9tait inimaginable aux yeux de tous.","datePublished":"2023-08-18T15:46:14+00:00","dateModified":"2024-03-05T23:18:54+00:00","mainEntityOfPage":{"@id":"https:\/\/avcw.org\/fr\/recits-et-temoignages\/lemploi-du-gaz-sarin-contre-le-peuple-syrien-etait-inimaginable-aux-yeux-de-tous\/"},"wordCount":192,"commentCount":0,"publisher":{"@id":"https:\/\/avcw.org\/#organization"},"image":{"@id":"https:\/\/avcw.org\/fr\/recits-et-temoignages\/lemploi-du-gaz-sarin-contre-le-peuple-syrien-etait-inimaginable-aux-yeux-de-tous\/#primaryimage"},"thumbnailUrl":"https:\/\/avcw.org\/wp-content\/uploads\/2023\/08\/thaer_higazi.webp","articleSection":["R\u00e9cits et t\u00e9moignages"],"inLanguage":"fr-FR","potentialAction":[{"@type":"CommentAction","name":"Comment","target":["https:\/\/avcw.org\/fr\/recits-et-temoignages\/lemploi-du-gaz-sarin-contre-le-peuple-syrien-etait-inimaginable-aux-yeux-de-tous\/#respond"]}]},{"@type":"WebPage","@id":"https:\/\/avcw.org\/fr\/recits-et-temoignages\/lemploi-du-gaz-sarin-contre-le-peuple-syrien-etait-inimaginable-aux-yeux-de-tous\/","url":"https:\/\/avcw.org\/fr\/recits-et-temoignages\/lemploi-du-gaz-sarin-contre-le-peuple-syrien-etait-inimaginable-aux-yeux-de-tous\/","name":"L'emploi du gaz sarin contre le peuple syrien \u00e9tait inimaginable aux yeux de tous. - Association of Victims of Chemical Weapons","isPartOf":{"@id":"https:\/\/avcw.org\/#website"},"primaryImageOfPage":{"@id":"https:\/\/avcw.org\/fr\/recits-et-temoignages\/lemploi-du-gaz-sarin-contre-le-peuple-syrien-etait-inimaginable-aux-yeux-de-tous\/#primaryimage"},"image":{"@id":"https:\/\/avcw.org\/fr\/recits-et-temoignages\/lemploi-du-gaz-sarin-contre-le-peuple-syrien-etait-inimaginable-aux-yeux-de-tous\/#primaryimage"},"thumbnailUrl":"https:\/\/avcw.org\/wp-content\/uploads\/2023\/08\/thaer_higazi.webp","datePublished":"2023-08-18T15:46:14+00:00","dateModified":"2024-03-05T23:18:54+00:00","breadcrumb":{"@id":"https:\/\/avcw.org\/fr\/recits-et-temoignages\/lemploi-du-gaz-sarin-contre-le-peuple-syrien-etait-inimaginable-aux-yeux-de-tous\/#breadcrumb"},"inLanguage":"fr-FR","potentialAction":[{"@type":"ReadAction","target":["https:\/\/avcw.org\/fr\/recits-et-temoignages\/lemploi-du-gaz-sarin-contre-le-peuple-syrien-etait-inimaginable-aux-yeux-de-tous\/"]}]},{"@type":"ImageObject","inLanguage":"fr-FR","@id":"https:\/\/avcw.org\/fr\/recits-et-temoignages\/lemploi-du-gaz-sarin-contre-le-peuple-syrien-etait-inimaginable-aux-yeux-de-tous\/#primaryimage","url":"https:\/\/avcw.org\/wp-content\/uploads\/2023\/08\/thaer_higazi.webp","contentUrl":"https:\/\/avcw.org\/wp-content\/uploads\/2023\/08\/thaer_higazi.webp","width":1764,"height":965},{"@type":"BreadcrumbList","@id":"https:\/\/avcw.org\/fr\/recits-et-temoignages\/lemploi-du-gaz-sarin-contre-le-peuple-syrien-etait-inimaginable-aux-yeux-de-tous\/#breadcrumb","itemListElement":[{"@type":"ListItem","position":1,"name":"Home","item":"https:\/\/avcw.org\/"},{"@type":"ListItem","position":2,"name":"L&#8217;emploi du gaz sarin contre le peuple syrien \u00e9tait inimaginable aux yeux de tous."}]},{"@type":"WebSite","@id":"https:\/\/avcw.org\/#website","url":"https:\/\/avcw.org\/","name":"Association of Victims of Chemical Weapons","description":"","publisher":{"@id":"https:\/\/avcw.org\/#organization"},"potentialAction":[{"@type":"SearchAction","target":{"@type":"EntryPoint","urlTemplate":"https:\/\/avcw.org\/?s={search_term_string}"},"query-input":{"@type":"PropertyValueSpecification","valueRequired":true,"valueName":"search_term_string"}}],"inLanguage":"fr-FR"},{"@type":"Organization","@id":"https:\/\/avcw.org\/#organization","name":"Association of Victims of Chemical Weapons","url":"https:\/\/avcw.org\/","logo":{"@type":"ImageObject","inLanguage":"fr-FR","@id":"https:\/\/avcw.org\/#\/schema\/logo\/image\/","url":"https:\/\/avcw.org\/wp-content\/uploads\/2023\/07\/cropped-signal-2023-07-03-144739_002.jpg","contentUrl":"https:\/\/avcw.org\/wp-content\/uploads\/2023\/07\/cropped-signal-2023-07-03-144739_002.jpg","width":512,"height":512,"caption":"Association of Victims of Chemical Weapons"},"image":{"@id":"https:\/\/avcw.org\/#\/schema\/logo\/image\/"},"sameAs":["https:\/\/www.facebook.com\/AVCW.NGO\/","https:\/\/x.com\/avcw_org","https:\/\/www.youtube.com\/@avcw2013","https:\/\/www.instagram.com\/avcw_org\/"]},{"@type":"Person","@id":"https:\/\/avcw.org\/#\/schema\/person\/b3476fa296fba9be4d80a28ffca93f5e","name":"surround","image":{"@type":"ImageObject","inLanguage":"fr-FR","@id":"https:\/\/secure.gravatar.com\/avatar\/3aa39b4a8dc3a55febf7c9498cc5df0b3007386896275110c56938375c6cb42d?s=96&d=mm&r=g","url":"https:\/\/secure.gravatar.com\/avatar\/3aa39b4a8dc3a55febf7c9498cc5df0b3007386896275110c56938375c6cb42d?s=96&d=mm&r=g","contentUrl":"https:\/\/secure.gravatar.com\/avatar\/3aa39b4a8dc3a55febf7c9498cc5df0b3007386896275110c56938375c6cb42d?s=96&d=mm&r=g","caption":"surround"},"sameAs":["https:\/\/avcw.org"],"url":"https:\/\/avcw.org\/fr\/author\/surround\/"}]}},"_links":{"self":[{"href":"https:\/\/avcw.org\/fr\/wp-json\/wp\/v2\/posts\/2404","targetHints":{"allow":["GET"]}}],"collection":[{"href":"https:\/\/avcw.org\/fr\/wp-json\/wp\/v2\/posts"}],"about":[{"href":"https:\/\/avcw.org\/fr\/wp-json\/wp\/v2\/types\/post"}],"author":[{"embeddable":true,"href":"https:\/\/avcw.org\/fr\/wp-json\/wp\/v2\/users\/1"}],"replies":[{"embeddable":true,"href":"https:\/\/avcw.org\/fr\/wp-json\/wp\/v2\/comments?post=2404"}],"version-history":[{"count":3,"href":"https:\/\/avcw.org\/fr\/wp-json\/wp\/v2\/posts\/2404\/revisions"}],"predecessor-version":[{"id":2408,"href":"https:\/\/avcw.org\/fr\/wp-json\/wp\/v2\/posts\/2404\/revisions\/2408"}],"wp:featuredmedia":[{"embeddable":true,"href":"https:\/\/avcw.org\/fr\/wp-json\/wp\/v2\/media\/2405"}],"wp:attachment":[{"href":"https:\/\/avcw.org\/fr\/wp-json\/wp\/v2\/media?parent=2404"}],"wp:term":[{"taxonomy":"category","embeddable":true,"href":"https:\/\/avcw.org\/fr\/wp-json\/wp\/v2\/categories?post=2404"},{"taxonomy":"post_tag","embeddable":true,"href":"https:\/\/avcw.org\/fr\/wp-json\/wp\/v2\/tags?post=2404"}],"curies":[{"name":"wp","href":"https:\/\/api.w.org\/{rel}","templated":true}]}}