{"id":2409,"date":"2023-08-18T15:40:27","date_gmt":"2023-08-18T15:40:27","guid":{"rendered":"https:\/\/avcw.org\/non-classifiee\/le-temoignage-danas-al-khawli-sur-la-nuit-chimique-dans-la-ghouta-orientale-nous-etions-incapables-de-respirer-a-cause-des-bombardements\/"},"modified":"2024-03-05T23:23:34","modified_gmt":"2024-03-05T23:23:34","slug":"le-temoignage-danas-al-khawli-sur-la-nuit-chimique-dans-la-ghouta-orientale-nous-etions-incapables-de-respirer-a-cause-des-bombardements","status":"publish","type":"post","link":"https:\/\/avcw.org\/fr\/recits-et-temoignages\/le-temoignage-danas-al-khawli-sur-la-nuit-chimique-dans-la-ghouta-orientale-nous-etions-incapables-de-respirer-a-cause-des-bombardements\/","title":{"rendered":"Le t\u00e9moignage d&rsquo;Anas Al-Khawli sur la nuit chimique dans la Ghouta orientale : \u00ab\u00a0Nous \u00e9tions incapables de respirer&#8230; \u00e0 cause des bombardements."},"content":{"rendered":"\n<p>Anas Al-Khouli, membre de l&rsquo;Association des victimes des armes chimiques, raconte les d\u00e9tails de l&rsquo;attaque au gaz sarin men\u00e9e par les forces du r\u00e9gime de Bachar el-Assad contre la Ghouta orientale, dans la nuit du 21 ao\u00fbt 2013. Il raconte \u00e0 Al-Arabiya comment la nuit a commenc\u00e9 par des avertissements, que les habitants de la Ghouta ne pouvaient ni comprendre ni \u00e9viter. Le gaz \u00e9tait pr\u00e9sent partout, et monter sur les toits pour respirer de l&rsquo;air frais \u00e9tait impossible en raison des tirs al\u00e9atoires de roquettes sur la Ghouta apr\u00e8s l&rsquo;attaque chimique.       <\/p>\n\n<iframe src=\"https:\/\/www.facebook.com\/plugins\/video.php?height=314&#038;href=https%3A%2F%2Fwww.facebook.com%2FAlarabiya.syria%2Fvideos%2F3844125655680709%2F&#038;show_text=false&#038;width=560&#038;t=0\" width=\"560\" height=\"410\" style=\"border:none;overflow:hidden\" scrolling=\"no\" frameborder=\"0\" allowfullscreen=\"true\" allow=\"autoplay; clipboard-write; encrypted-media; picture-in-picture; web-share\"><\/iframe>\n","protected":false},"excerpt":{"rendered":"<p>La nuit a d\u00e9but\u00e9 par des avertissements, que les habitants de la Ghouta ne pouvaient ni comprendre ni \u00e9viter. Le gaz \u00e9tait pr\u00e9sent partout. Monter sur les toits pour respirer de l&rsquo;air frais \u00e9tait impossible en raison des tirs al\u00e9atoires de roquettes sur la Ghouta apr\u00e8s l&rsquo;attaque chimique.     <\/p>\n","protected":false},"author":1,"featured_media":2410,"comment_status":"open","ping_status":"closed","sticky":false,"template":"","format":"standard","meta":{"footnotes":""},"categories":[49],"tags":[],"class_list":["post-2409","post","type-post","status-publish","format-standard","has-post-thumbnail","hentry","category-recits-et-temoignages"],"yoast_head":"<!-- This site is optimized with the Yoast SEO plugin v27.5 - https:\/\/yoast.com\/product\/yoast-seo-wordpress\/ -->\n<title>Le t\u00e9moignage d&#039;Anas Al-Khawli sur la nuit chimique dans la Ghouta orientale : &quot;Nous \u00e9tions incapables de respirer... \u00e0 cause des bombardements. - Association of Victims of Chemical Weapons<\/title>\n<meta name=\"robots\" content=\"index, follow, max-snippet:-1, max-image-preview:large, max-video-preview:-1\" \/>\n<link rel=\"canonical\" href=\"https:\/\/avcw.org\/fr\/recits-et-temoignages\/le-temoignage-danas-al-khawli-sur-la-nuit-chimique-dans-la-ghouta-orientale-nous-etions-incapables-de-respirer-a-cause-des-bombardements\/\" \/>\n<meta property=\"og:locale\" content=\"fr_FR\" \/>\n<meta property=\"og:type\" content=\"article\" \/>\n<meta property=\"og:title\" content=\"Le t\u00e9moignage d&#039;Anas Al-Khawli sur la nuit chimique dans la Ghouta orientale : &quot;Nous \u00e9tions incapables de respirer... \u00e0 cause des bombardements. - Association of Victims of Chemical Weapons\" \/>\n<meta property=\"og:description\" content=\"La nuit a d\u00e9but\u00e9 par des avertissements, que les habitants de la Ghouta ne pouvaient ni comprendre ni \u00e9viter. Le gaz \u00e9tait pr\u00e9sent partout. Monter sur les toits pour respirer de l&#039;air frais \u00e9tait impossible en raison des tirs al\u00e9atoires de roquettes sur la Ghouta apr\u00e8s l&#039;attaque chimique.\" \/>\n<meta property=\"og:url\" content=\"https:\/\/avcw.org\/fr\/recits-et-temoignages\/le-temoignage-danas-al-khawli-sur-la-nuit-chimique-dans-la-ghouta-orientale-nous-etions-incapables-de-respirer-a-cause-des-bombardements\/\" \/>\n<meta property=\"og:site_name\" content=\"Association of Victims of Chemical Weapons\" \/>\n<meta property=\"article:publisher\" content=\"https:\/\/www.facebook.com\/AVCW.NGO\/\" \/>\n<meta property=\"article:published_time\" content=\"2023-08-18T15:40:27+00:00\" \/>\n<meta property=\"article:modified_time\" content=\"2024-03-05T23:23:34+00:00\" \/>\n<meta property=\"og:image\" content=\"https:\/\/avcw.org\/wp-content\/uploads\/2023\/08\/anas_khouli.webp\" \/>\n\t<meta property=\"og:image:width\" content=\"1906\" \/>\n\t<meta property=\"og:image:height\" content=\"1023\" \/>\n\t<meta property=\"og:image:type\" content=\"image\/webp\" \/>\n<meta name=\"author\" content=\"surround\" \/>\n<meta name=\"twitter:card\" content=\"summary_large_image\" \/>\n<meta name=\"twitter:creator\" content=\"@avcw_org\" \/>\n<meta name=\"twitter:site\" content=\"@avcw_org\" \/>\n<meta name=\"twitter:label1\" content=\"\u00c9crit par\" \/>\n\t<meta name=\"twitter:data1\" content=\"surround\" \/>\n<script type=\"application\/ld+json\" class=\"yoast-schema-graph\">{\"@context\":\"https:\\\/\\\/schema.org\",\"@graph\":[{\"@type\":\"Article\",\"@id\":\"https:\\\/\\\/avcw.org\\\/fr\\\/recits-et-temoignages\\\/le-temoignage-danas-al-khawli-sur-la-nuit-chimique-dans-la-ghouta-orientale-nous-etions-incapables-de-respirer-a-cause-des-bombardements\\\/#article\",\"isPartOf\":{\"@id\":\"https:\\\/\\\/avcw.org\\\/fr\\\/recits-et-temoignages\\\/le-temoignage-danas-al-khawli-sur-la-nuit-chimique-dans-la-ghouta-orientale-nous-etions-incapables-de-respirer-a-cause-des-bombardements\\\/\"},\"author\":{\"name\":\"surround\",\"@id\":\"https:\\\/\\\/avcw.org\\\/#\\\/schema\\\/person\\\/b3476fa296fba9be4d80a28ffca93f5e\"},\"headline\":\"Le t\u00e9moignage d&rsquo;Anas Al-Khawli sur la nuit chimique dans la Ghouta orientale : \u00ab\u00a0Nous \u00e9tions incapables de respirer&#8230; \u00e0 cause des bombardements.\",\"datePublished\":\"2023-08-18T15:40:27+00:00\",\"dateModified\":\"2024-03-05T23:23:34+00:00\",\"mainEntityOfPage\":{\"@id\":\"https:\\\/\\\/avcw.org\\\/fr\\\/recits-et-temoignages\\\/le-temoignage-danas-al-khawli-sur-la-nuit-chimique-dans-la-ghouta-orientale-nous-etions-incapables-de-respirer-a-cause-des-bombardements\\\/\"},\"wordCount\":122,\"commentCount\":0,\"publisher\":{\"@id\":\"https:\\\/\\\/avcw.org\\\/#organization\"},\"image\":{\"@id\":\"https:\\\/\\\/avcw.org\\\/fr\\\/recits-et-temoignages\\\/le-temoignage-danas-al-khawli-sur-la-nuit-chimique-dans-la-ghouta-orientale-nous-etions-incapables-de-respirer-a-cause-des-bombardements\\\/#primaryimage\"},\"thumbnailUrl\":\"https:\\\/\\\/avcw.org\\\/wp-content\\\/uploads\\\/2023\\\/08\\\/anas_khouli.webp\",\"articleSection\":[\"R\u00e9cits et t\u00e9moignages\"],\"inLanguage\":\"fr-FR\",\"potentialAction\":[{\"@type\":\"CommentAction\",\"name\":\"Comment\",\"target\":[\"https:\\\/\\\/avcw.org\\\/fr\\\/recits-et-temoignages\\\/le-temoignage-danas-al-khawli-sur-la-nuit-chimique-dans-la-ghouta-orientale-nous-etions-incapables-de-respirer-a-cause-des-bombardements\\\/#respond\"]}]},{\"@type\":\"WebPage\",\"@id\":\"https:\\\/\\\/avcw.org\\\/fr\\\/recits-et-temoignages\\\/le-temoignage-danas-al-khawli-sur-la-nuit-chimique-dans-la-ghouta-orientale-nous-etions-incapables-de-respirer-a-cause-des-bombardements\\\/\",\"url\":\"https:\\\/\\\/avcw.org\\\/fr\\\/recits-et-temoignages\\\/le-temoignage-danas-al-khawli-sur-la-nuit-chimique-dans-la-ghouta-orientale-nous-etions-incapables-de-respirer-a-cause-des-bombardements\\\/\",\"name\":\"Le t\u00e9moignage d'Anas Al-Khawli sur la nuit chimique dans la Ghouta orientale : \\\"Nous \u00e9tions incapables de respirer... \u00e0 cause des bombardements. - Association of Victims of Chemical Weapons\",\"isPartOf\":{\"@id\":\"https:\\\/\\\/avcw.org\\\/#website\"},\"primaryImageOfPage\":{\"@id\":\"https:\\\/\\\/avcw.org\\\/fr\\\/recits-et-temoignages\\\/le-temoignage-danas-al-khawli-sur-la-nuit-chimique-dans-la-ghouta-orientale-nous-etions-incapables-de-respirer-a-cause-des-bombardements\\\/#primaryimage\"},\"image\":{\"@id\":\"https:\\\/\\\/avcw.org\\\/fr\\\/recits-et-temoignages\\\/le-temoignage-danas-al-khawli-sur-la-nuit-chimique-dans-la-ghouta-orientale-nous-etions-incapables-de-respirer-a-cause-des-bombardements\\\/#primaryimage\"},\"thumbnailUrl\":\"https:\\\/\\\/avcw.org\\\/wp-content\\\/uploads\\\/2023\\\/08\\\/anas_khouli.webp\",\"datePublished\":\"2023-08-18T15:40:27+00:00\",\"dateModified\":\"2024-03-05T23:23:34+00:00\",\"breadcrumb\":{\"@id\":\"https:\\\/\\\/avcw.org\\\/fr\\\/recits-et-temoignages\\\/le-temoignage-danas-al-khawli-sur-la-nuit-chimique-dans-la-ghouta-orientale-nous-etions-incapables-de-respirer-a-cause-des-bombardements\\\/#breadcrumb\"},\"inLanguage\":\"fr-FR\",\"potentialAction\":[{\"@type\":\"ReadAction\",\"target\":[\"https:\\\/\\\/avcw.org\\\/fr\\\/recits-et-temoignages\\\/le-temoignage-danas-al-khawli-sur-la-nuit-chimique-dans-la-ghouta-orientale-nous-etions-incapables-de-respirer-a-cause-des-bombardements\\\/\"]}]},{\"@type\":\"ImageObject\",\"inLanguage\":\"fr-FR\",\"@id\":\"https:\\\/\\\/avcw.org\\\/fr\\\/recits-et-temoignages\\\/le-temoignage-danas-al-khawli-sur-la-nuit-chimique-dans-la-ghouta-orientale-nous-etions-incapables-de-respirer-a-cause-des-bombardements\\\/#primaryimage\",\"url\":\"https:\\\/\\\/avcw.org\\\/wp-content\\\/uploads\\\/2023\\\/08\\\/anas_khouli.webp\",\"contentUrl\":\"https:\\\/\\\/avcw.org\\\/wp-content\\\/uploads\\\/2023\\\/08\\\/anas_khouli.webp\",\"width\":1906,\"height\":1023},{\"@type\":\"BreadcrumbList\",\"@id\":\"https:\\\/\\\/avcw.org\\\/fr\\\/recits-et-temoignages\\\/le-temoignage-danas-al-khawli-sur-la-nuit-chimique-dans-la-ghouta-orientale-nous-etions-incapables-de-respirer-a-cause-des-bombardements\\\/#breadcrumb\",\"itemListElement\":[{\"@type\":\"ListItem\",\"position\":1,\"name\":\"Home\",\"item\":\"https:\\\/\\\/avcw.org\\\/\"},{\"@type\":\"ListItem\",\"position\":2,\"name\":\"Le t\u00e9moignage d&rsquo;Anas Al-Khawli sur la nuit chimique dans la Ghouta orientale : \u00ab\u00a0Nous \u00e9tions incapables de respirer&#8230; \u00e0 cause des bombardements.\"}]},{\"@type\":\"WebSite\",\"@id\":\"https:\\\/\\\/avcw.org\\\/#website\",\"url\":\"https:\\\/\\\/avcw.org\\\/\",\"name\":\"Association of Victims of Chemical Weapons\",\"description\":\"\",\"publisher\":{\"@id\":\"https:\\\/\\\/avcw.org\\\/#organization\"},\"potentialAction\":[{\"@type\":\"SearchAction\",\"target\":{\"@type\":\"EntryPoint\",\"urlTemplate\":\"https:\\\/\\\/avcw.org\\\/?s={search_term_string}\"},\"query-input\":{\"@type\":\"PropertyValueSpecification\",\"valueRequired\":true,\"valueName\":\"search_term_string\"}}],\"inLanguage\":\"fr-FR\"},{\"@type\":\"Organization\",\"@id\":\"https:\\\/\\\/avcw.org\\\/#organization\",\"name\":\"Association of Victims of Chemical Weapons\",\"url\":\"https:\\\/\\\/avcw.org\\\/\",\"logo\":{\"@type\":\"ImageObject\",\"inLanguage\":\"fr-FR\",\"@id\":\"https:\\\/\\\/avcw.org\\\/#\\\/schema\\\/logo\\\/image\\\/\",\"url\":\"https:\\\/\\\/avcw.org\\\/wp-content\\\/uploads\\\/2023\\\/07\\\/cropped-signal-2023-07-03-144739_002.jpg\",\"contentUrl\":\"https:\\\/\\\/avcw.org\\\/wp-content\\\/uploads\\\/2023\\\/07\\\/cropped-signal-2023-07-03-144739_002.jpg\",\"width\":512,\"height\":512,\"caption\":\"Association of Victims of Chemical Weapons\"},\"image\":{\"@id\":\"https:\\\/\\\/avcw.org\\\/#\\\/schema\\\/logo\\\/image\\\/\"},\"sameAs\":[\"https:\\\/\\\/www.facebook.com\\\/AVCW.NGO\\\/\",\"https:\\\/\\\/x.com\\\/avcw_org\",\"https:\\\/\\\/www.youtube.com\\\/@avcw2013\",\"https:\\\/\\\/www.instagram.com\\\/avcw_org\\\/\"]},{\"@type\":\"Person\",\"@id\":\"https:\\\/\\\/avcw.org\\\/#\\\/schema\\\/person\\\/b3476fa296fba9be4d80a28ffca93f5e\",\"name\":\"surround\",\"image\":{\"@type\":\"ImageObject\",\"inLanguage\":\"fr-FR\",\"@id\":\"https:\\\/\\\/secure.gravatar.com\\\/avatar\\\/3aa39b4a8dc3a55febf7c9498cc5df0b3007386896275110c56938375c6cb42d?s=96&d=mm&r=g\",\"url\":\"https:\\\/\\\/secure.gravatar.com\\\/avatar\\\/3aa39b4a8dc3a55febf7c9498cc5df0b3007386896275110c56938375c6cb42d?s=96&d=mm&r=g\",\"contentUrl\":\"https:\\\/\\\/secure.gravatar.com\\\/avatar\\\/3aa39b4a8dc3a55febf7c9498cc5df0b3007386896275110c56938375c6cb42d?s=96&d=mm&r=g\",\"caption\":\"surround\"},\"sameAs\":[\"https:\\\/\\\/avcw.org\"],\"url\":\"https:\\\/\\\/avcw.org\\\/fr\\\/author\\\/surround\\\/\"}]}<\/script>\n<!-- \/ Yoast SEO plugin. -->","yoast_head_json":{"title":"Le t\u00e9moignage d'Anas Al-Khawli sur la nuit chimique dans la Ghouta orientale : \"Nous \u00e9tions incapables de respirer... \u00e0 cause des bombardements. - Association of Victims of Chemical Weapons","robots":{"index":"index","follow":"follow","max-snippet":"max-snippet:-1","max-image-preview":"max-image-preview:large","max-video-preview":"max-video-preview:-1"},"canonical":"https:\/\/avcw.org\/fr\/recits-et-temoignages\/le-temoignage-danas-al-khawli-sur-la-nuit-chimique-dans-la-ghouta-orientale-nous-etions-incapables-de-respirer-a-cause-des-bombardements\/","og_locale":"fr_FR","og_type":"article","og_title":"Le t\u00e9moignage d'Anas Al-Khawli sur la nuit chimique dans la Ghouta orientale : \"Nous \u00e9tions incapables de respirer... \u00e0 cause des bombardements. - Association of Victims of Chemical Weapons","og_description":"La nuit a d\u00e9but\u00e9 par des avertissements, que les habitants de la Ghouta ne pouvaient ni comprendre ni \u00e9viter. Le gaz \u00e9tait pr\u00e9sent partout. Monter sur les toits pour respirer de l'air frais \u00e9tait impossible en raison des tirs al\u00e9atoires de roquettes sur la Ghouta apr\u00e8s l'attaque chimique.","og_url":"https:\/\/avcw.org\/fr\/recits-et-temoignages\/le-temoignage-danas-al-khawli-sur-la-nuit-chimique-dans-la-ghouta-orientale-nous-etions-incapables-de-respirer-a-cause-des-bombardements\/","og_site_name":"Association of Victims of Chemical Weapons","article_publisher":"https:\/\/www.facebook.com\/AVCW.NGO\/","article_published_time":"2023-08-18T15:40:27+00:00","article_modified_time":"2024-03-05T23:23:34+00:00","og_image":[{"width":1906,"height":1023,"url":"https:\/\/avcw.org\/wp-content\/uploads\/2023\/08\/anas_khouli.webp","type":"image\/webp"}],"author":"surround","twitter_card":"summary_large_image","twitter_creator":"@avcw_org","twitter_site":"@avcw_org","twitter_misc":{"\u00c9crit par":"surround"},"schema":{"@context":"https:\/\/schema.org","@graph":[{"@type":"Article","@id":"https:\/\/avcw.org\/fr\/recits-et-temoignages\/le-temoignage-danas-al-khawli-sur-la-nuit-chimique-dans-la-ghouta-orientale-nous-etions-incapables-de-respirer-a-cause-des-bombardements\/#article","isPartOf":{"@id":"https:\/\/avcw.org\/fr\/recits-et-temoignages\/le-temoignage-danas-al-khawli-sur-la-nuit-chimique-dans-la-ghouta-orientale-nous-etions-incapables-de-respirer-a-cause-des-bombardements\/"},"author":{"name":"surround","@id":"https:\/\/avcw.org\/#\/schema\/person\/b3476fa296fba9be4d80a28ffca93f5e"},"headline":"Le t\u00e9moignage d&rsquo;Anas Al-Khawli sur la nuit chimique dans la Ghouta orientale : \u00ab\u00a0Nous \u00e9tions incapables de respirer&#8230; \u00e0 cause des bombardements.","datePublished":"2023-08-18T15:40:27+00:00","dateModified":"2024-03-05T23:23:34+00:00","mainEntityOfPage":{"@id":"https:\/\/avcw.org\/fr\/recits-et-temoignages\/le-temoignage-danas-al-khawli-sur-la-nuit-chimique-dans-la-ghouta-orientale-nous-etions-incapables-de-respirer-a-cause-des-bombardements\/"},"wordCount":122,"commentCount":0,"publisher":{"@id":"https:\/\/avcw.org\/#organization"},"image":{"@id":"https:\/\/avcw.org\/fr\/recits-et-temoignages\/le-temoignage-danas-al-khawli-sur-la-nuit-chimique-dans-la-ghouta-orientale-nous-etions-incapables-de-respirer-a-cause-des-bombardements\/#primaryimage"},"thumbnailUrl":"https:\/\/avcw.org\/wp-content\/uploads\/2023\/08\/anas_khouli.webp","articleSection":["R\u00e9cits et t\u00e9moignages"],"inLanguage":"fr-FR","potentialAction":[{"@type":"CommentAction","name":"Comment","target":["https:\/\/avcw.org\/fr\/recits-et-temoignages\/le-temoignage-danas-al-khawli-sur-la-nuit-chimique-dans-la-ghouta-orientale-nous-etions-incapables-de-respirer-a-cause-des-bombardements\/#respond"]}]},{"@type":"WebPage","@id":"https:\/\/avcw.org\/fr\/recits-et-temoignages\/le-temoignage-danas-al-khawli-sur-la-nuit-chimique-dans-la-ghouta-orientale-nous-etions-incapables-de-respirer-a-cause-des-bombardements\/","url":"https:\/\/avcw.org\/fr\/recits-et-temoignages\/le-temoignage-danas-al-khawli-sur-la-nuit-chimique-dans-la-ghouta-orientale-nous-etions-incapables-de-respirer-a-cause-des-bombardements\/","name":"Le t\u00e9moignage d'Anas Al-Khawli sur la nuit chimique dans la Ghouta orientale : \"Nous \u00e9tions incapables de respirer... \u00e0 cause des bombardements. - Association of Victims of Chemical Weapons","isPartOf":{"@id":"https:\/\/avcw.org\/#website"},"primaryImageOfPage":{"@id":"https:\/\/avcw.org\/fr\/recits-et-temoignages\/le-temoignage-danas-al-khawli-sur-la-nuit-chimique-dans-la-ghouta-orientale-nous-etions-incapables-de-respirer-a-cause-des-bombardements\/#primaryimage"},"image":{"@id":"https:\/\/avcw.org\/fr\/recits-et-temoignages\/le-temoignage-danas-al-khawli-sur-la-nuit-chimique-dans-la-ghouta-orientale-nous-etions-incapables-de-respirer-a-cause-des-bombardements\/#primaryimage"},"thumbnailUrl":"https:\/\/avcw.org\/wp-content\/uploads\/2023\/08\/anas_khouli.webp","datePublished":"2023-08-18T15:40:27+00:00","dateModified":"2024-03-05T23:23:34+00:00","breadcrumb":{"@id":"https:\/\/avcw.org\/fr\/recits-et-temoignages\/le-temoignage-danas-al-khawli-sur-la-nuit-chimique-dans-la-ghouta-orientale-nous-etions-incapables-de-respirer-a-cause-des-bombardements\/#breadcrumb"},"inLanguage":"fr-FR","potentialAction":[{"@type":"ReadAction","target":["https:\/\/avcw.org\/fr\/recits-et-temoignages\/le-temoignage-danas-al-khawli-sur-la-nuit-chimique-dans-la-ghouta-orientale-nous-etions-incapables-de-respirer-a-cause-des-bombardements\/"]}]},{"@type":"ImageObject","inLanguage":"fr-FR","@id":"https:\/\/avcw.org\/fr\/recits-et-temoignages\/le-temoignage-danas-al-khawli-sur-la-nuit-chimique-dans-la-ghouta-orientale-nous-etions-incapables-de-respirer-a-cause-des-bombardements\/#primaryimage","url":"https:\/\/avcw.org\/wp-content\/uploads\/2023\/08\/anas_khouli.webp","contentUrl":"https:\/\/avcw.org\/wp-content\/uploads\/2023\/08\/anas_khouli.webp","width":1906,"height":1023},{"@type":"BreadcrumbList","@id":"https:\/\/avcw.org\/fr\/recits-et-temoignages\/le-temoignage-danas-al-khawli-sur-la-nuit-chimique-dans-la-ghouta-orientale-nous-etions-incapables-de-respirer-a-cause-des-bombardements\/#breadcrumb","itemListElement":[{"@type":"ListItem","position":1,"name":"Home","item":"https:\/\/avcw.org\/"},{"@type":"ListItem","position":2,"name":"Le t\u00e9moignage d&rsquo;Anas Al-Khawli sur la nuit chimique dans la Ghouta orientale : \u00ab\u00a0Nous \u00e9tions incapables de respirer&#8230; \u00e0 cause des bombardements."}]},{"@type":"WebSite","@id":"https:\/\/avcw.org\/#website","url":"https:\/\/avcw.org\/","name":"Association of Victims of Chemical Weapons","description":"","publisher":{"@id":"https:\/\/avcw.org\/#organization"},"potentialAction":[{"@type":"SearchAction","target":{"@type":"EntryPoint","urlTemplate":"https:\/\/avcw.org\/?s={search_term_string}"},"query-input":{"@type":"PropertyValueSpecification","valueRequired":true,"valueName":"search_term_string"}}],"inLanguage":"fr-FR"},{"@type":"Organization","@id":"https:\/\/avcw.org\/#organization","name":"Association of Victims of Chemical Weapons","url":"https:\/\/avcw.org\/","logo":{"@type":"ImageObject","inLanguage":"fr-FR","@id":"https:\/\/avcw.org\/#\/schema\/logo\/image\/","url":"https:\/\/avcw.org\/wp-content\/uploads\/2023\/07\/cropped-signal-2023-07-03-144739_002.jpg","contentUrl":"https:\/\/avcw.org\/wp-content\/uploads\/2023\/07\/cropped-signal-2023-07-03-144739_002.jpg","width":512,"height":512,"caption":"Association of Victims of Chemical Weapons"},"image":{"@id":"https:\/\/avcw.org\/#\/schema\/logo\/image\/"},"sameAs":["https:\/\/www.facebook.com\/AVCW.NGO\/","https:\/\/x.com\/avcw_org","https:\/\/www.youtube.com\/@avcw2013","https:\/\/www.instagram.com\/avcw_org\/"]},{"@type":"Person","@id":"https:\/\/avcw.org\/#\/schema\/person\/b3476fa296fba9be4d80a28ffca93f5e","name":"surround","image":{"@type":"ImageObject","inLanguage":"fr-FR","@id":"https:\/\/secure.gravatar.com\/avatar\/3aa39b4a8dc3a55febf7c9498cc5df0b3007386896275110c56938375c6cb42d?s=96&d=mm&r=g","url":"https:\/\/secure.gravatar.com\/avatar\/3aa39b4a8dc3a55febf7c9498cc5df0b3007386896275110c56938375c6cb42d?s=96&d=mm&r=g","contentUrl":"https:\/\/secure.gravatar.com\/avatar\/3aa39b4a8dc3a55febf7c9498cc5df0b3007386896275110c56938375c6cb42d?s=96&d=mm&r=g","caption":"surround"},"sameAs":["https:\/\/avcw.org"],"url":"https:\/\/avcw.org\/fr\/author\/surround\/"}]}},"_links":{"self":[{"href":"https:\/\/avcw.org\/fr\/wp-json\/wp\/v2\/posts\/2409","targetHints":{"allow":["GET"]}}],"collection":[{"href":"https:\/\/avcw.org\/fr\/wp-json\/wp\/v2\/posts"}],"about":[{"href":"https:\/\/avcw.org\/fr\/wp-json\/wp\/v2\/types\/post"}],"author":[{"embeddable":true,"href":"https:\/\/avcw.org\/fr\/wp-json\/wp\/v2\/users\/1"}],"replies":[{"embeddable":true,"href":"https:\/\/avcw.org\/fr\/wp-json\/wp\/v2\/comments?post=2409"}],"version-history":[{"count":1,"href":"https:\/\/avcw.org\/fr\/wp-json\/wp\/v2\/posts\/2409\/revisions"}],"predecessor-version":[{"id":2411,"href":"https:\/\/avcw.org\/fr\/wp-json\/wp\/v2\/posts\/2409\/revisions\/2411"}],"wp:featuredmedia":[{"embeddable":true,"href":"https:\/\/avcw.org\/fr\/wp-json\/wp\/v2\/media\/2410"}],"wp:attachment":[{"href":"https:\/\/avcw.org\/fr\/wp-json\/wp\/v2\/media?parent=2409"}],"wp:term":[{"taxonomy":"category","embeddable":true,"href":"https:\/\/avcw.org\/fr\/wp-json\/wp\/v2\/categories?post=2409"},{"taxonomy":"post_tag","embeddable":true,"href":"https:\/\/avcw.org\/fr\/wp-json\/wp\/v2\/tags?post=2409"}],"curies":[{"name":"wp","href":"https:\/\/api.w.org\/{rel}","templated":true}]}}