{"id":2477,"date":"2024-03-07T20:37:19","date_gmt":"2024-03-07T20:37:19","guid":{"rendered":"https:\/\/avcw.org\/?p=2477"},"modified":"2024-03-08T22:14:36","modified_gmt":"2024-03-08T22:14:36","slug":"je-mappelle-a-m-et-jai-vecu-dans-la-ghouta-orientale-dans-la-ville-de-hazza-pres-de-zamalka","status":"publish","type":"post","link":"https:\/\/avcw.org\/fr\/recits-et-temoignages\/je-mappelle-a-m-et-jai-vecu-dans-la-ghouta-orientale-dans-la-ville-de-hazza-pres-de-zamalka\/","title":{"rendered":"Je m&rsquo;appelle A.M et j&rsquo;ai v\u00e9cu dans la Ghouta orientale, dans la ville de Hazza, pr\u00e8s de Zamalka"},"content":{"rendered":"\n<p>Je m&rsquo;appelle A.M et j&rsquo;ai v\u00e9cu dans la Ghouta orientale, dans la ville de Hazza, pr\u00e8s de Zamalka. Le mercredi 21\/08\/2013, vers une heure vingt, je me souviens \u00eatre assise avec mes enfants et la famille de mon mari. Sa m\u00e8re, sa s\u0153ur, son fr\u00e8re avec sa femme et sa fille \u00e9taient \u00e9galement pr\u00e9sents, ainsi que la tante de mon mari, son mari et leurs filles. Certains d&rsquo;entre nous dormaient cette nuit-l\u00e0 tandis que d&rsquo;autres luttaient contre le sommeil, \u00e9touffant sous la chaleur intense d&rsquo;ao\u00fbt, l&rsquo;un des mois les plus chauds de l&rsquo;ann\u00e9e.<\/p>\n\n\n\n<p>Mon mari, comme \u00e0 son habitude, passait la nuit avec ses amis sur le toit de notre maison. Peu de temps apr\u00e8s leur d\u00e9part, nous avons entendu des bruits de bombardement provenant de notre r\u00e9gion. Initialement, nous avons pens\u00e9 qu&rsquo;il s&rsquo;agissait des bombardements habituels auxquels nous \u00e9tions malheureusement habitu\u00e9s. Cependant, mon mari est descendu du toit pour nous informer qu&rsquo;il s&rsquo;agissait en fait d&rsquo;une attaque chimique imminente, et qu&rsquo;il se rendait au poste m\u00e9dical pour apporter son aide, \u00e9tant employ\u00e9 dans l&rsquo;un des centres de soins. Les cris de d\u00e9tresse des gens, le bruit des ambulances, tout cela est devenu de plus en plus assourdissant.<\/p>\n\n\n\n<p>La peur a commenc\u00e9 \u00e0 s&#8217;emparer de nous face \u00e0 cette situation inhabituelle. La respiration devenait difficile, une lourdeur oppressante pesait sur notre poitrine. Nous avons agi rapidement, pla\u00e7ant des mouchoirs humides sur nos nez, nos bouches et nos visages pour nous prot\u00e9ger contre le gaz toxique.<\/p>\n\n\n\n<p>La panique et l&rsquo;angoisse nous ont envahis. C&rsquo;\u00e9tait une attaque chimique, un type d&rsquo;arme que nous n&rsquo;avions jamais rencontr\u00e9 \u00e0 cette \u00e9chelle auparavant. Un de nos proches est sorti pour secourir les victimes avec sa voiture, ayant appris qu&rsquo;il y avait de nombreux bless\u00e9s, les appels \u00e0 l&rsquo;aide r\u00e9sonnant dans les rues et \u00e0 travers les haut-parleurs.<\/p>\n\n\n\n<p>Pendant ce temps, nous, les femmes et les enfants, sommes rest\u00e9s seuls \u00e0 la maison. Mon inqui\u00e9tude pour mon mari s&rsquo;intensifiait \u00e0 mesure que les communications \u00e9taient coup\u00e9es. Un proche de la ville voisine de Kafr Batna a finalement r\u00e9ussi \u00e0 nous rejoindre en voiture.<\/p>\n\n\n\n<p>Il nous a imm\u00e9diatement conduits \u00e0 un point m\u00e9dical \u00e0 Kafr Batna, o\u00f9 nous avons re\u00e7u les premiers soins n\u00e9cessaires et o\u00f9 nos v\u00eatements contamin\u00e9s ont \u00e9t\u00e9 enlev\u00e9s.<\/p>\n\n\n\n<p>Le trajet jusqu&rsquo;\u00e0 Kafr Batna reste grav\u00e9 dans ma m\u00e9moire. La panique, la peur et les appels \u00e0 l&rsquo;aide des gens \u00e9taient terrifiants. Cette nuit-l\u00e0, je souffrais de difficult\u00e9s respiratoires et de troubles oculaires.<\/p>\n\n\n\n<p>Mon inqui\u00e9tude pour mon mari grandissait. Sans nouvelles de lui, j&rsquo;ai ressenti un pressentiment sombre. Le lendemain matin, l&rsquo;un de ses amis est venu \u00e0 notre rencontre. Il m&rsquo;a inform\u00e9e que mon mari avait \u00e9t\u00e9 gravement bless\u00e9 par le gaz chimique, mais qu&rsquo;il avait \u00e9t\u00e9 secouru la nuit pr\u00e9c\u00e9dente et qu&rsquo;il allait bient\u00f4t nous rejoindre.<\/p>\n\n\n\n<p>\u00c0 son arriv\u00e9e, son \u00e9tat \u00e9tait alarmant. Ses yeux \u00e9taient rouges et enfl\u00e9s, sa respiration laborieuse. Il \u00e9tait pris de panique, comme s&rsquo;il peinait \u00e0 r\u00e9aliser qu&rsquo;il \u00e9tait encore en vie.<\/p>\n\n\n\n<p>Les sympt\u00f4mes de l&rsquo;exposition au gaz ont persist\u00e9 pendant pr\u00e8s de trois jours. Au fur et \u00e0 mesure que nous recevions des nouvelles sur les pertes en vies humaines et les nombreux bless\u00e9s, la r\u00e9alit\u00e9 de la catastrophe nous a frapp\u00e9s de plein fouet. Parmi les victimes se trouvaient des amis et des connaissances, pr\u00e9sents \u00e0 nos c\u00f4t\u00e9s seulement quelques jours auparavant. En un instant, nous les avons perdus \u00e0 jamais.<\/p>\n\n\n\n<p>Que Dieu les accueille tous dans son paradis.<\/p>\n","protected":false},"excerpt":{"rendered":"<p>Je m&rsquo;appelle A.M et j&rsquo;ai v\u00e9cu dans la Ghouta orientale, dans la ville de Hazza, pr\u00e8s de Zamalka. Le mercredi 21\/08\/2013, vers une heure vingt, je me souviens \u00eatre assise avec mes enfants et la famille de mon mari. Sa m\u00e8re, sa s\u0153ur, son fr\u00e8re avec sa femme et sa fille \u00e9taient \u00e9galement pr\u00e9sents, ainsi [&hellip;]<\/p>\n","protected":false},"author":1,"featured_media":2516,"comment_status":"open","ping_status":"closed","sticky":false,"template":"","format":"standard","meta":{"footnotes":""},"categories":[49],"tags":[],"class_list":["post-2477","post","type-post","status-publish","format-standard","has-post-thumbnail","hentry","category-recits-et-temoignages"],"yoast_head":"<!-- This site is optimized with the Yoast SEO plugin v27.5 - https:\/\/yoast.com\/product\/yoast-seo-wordpress\/ -->\n<title>Je m&#039;appelle A.M et j&#039;ai v\u00e9cu dans la Ghouta orientale, dans la ville de Hazza, pr\u00e8s de Zamalka - Association of Victims of Chemical Weapons<\/title>\n<meta name=\"robots\" content=\"index, follow, max-snippet:-1, max-image-preview:large, max-video-preview:-1\" \/>\n<link rel=\"canonical\" href=\"https:\/\/avcw.org\/fr\/recits-et-temoignages\/je-mappelle-a-m-et-jai-vecu-dans-la-ghouta-orientale-dans-la-ville-de-hazza-pres-de-zamalka\/\" \/>\n<meta property=\"og:locale\" content=\"fr_FR\" \/>\n<meta property=\"og:type\" content=\"article\" \/>\n<meta property=\"og:title\" content=\"Je m&#039;appelle A.M et j&#039;ai v\u00e9cu dans la Ghouta orientale, dans la ville de Hazza, pr\u00e8s de Zamalka - Association of Victims of Chemical Weapons\" \/>\n<meta property=\"og:description\" content=\"Je m&rsquo;appelle A.M et j&rsquo;ai v\u00e9cu dans la Ghouta orientale, dans la ville de Hazza, pr\u00e8s de Zamalka. Le mercredi 21\/08\/2013, vers une heure vingt, je me souviens \u00eatre assise avec mes enfants et la famille de mon mari. Sa m\u00e8re, sa s\u0153ur, son fr\u00e8re avec sa femme et sa fille \u00e9taient \u00e9galement pr\u00e9sents, ainsi [&hellip;]\" \/>\n<meta property=\"og:url\" content=\"https:\/\/avcw.org\/fr\/recits-et-temoignages\/je-mappelle-a-m-et-jai-vecu-dans-la-ghouta-orientale-dans-la-ville-de-hazza-pres-de-zamalka\/\" \/>\n<meta property=\"og:site_name\" content=\"Association of Victims of Chemical Weapons\" \/>\n<meta property=\"article:publisher\" content=\"https:\/\/www.facebook.com\/AVCW.NGO\/\" \/>\n<meta property=\"article:published_time\" content=\"2024-03-07T20:37:19+00:00\" \/>\n<meta property=\"article:modified_time\" content=\"2024-03-08T22:14:36+00:00\" \/>\n<meta property=\"og:image\" content=\"https:\/\/avcw.org\/wp-content\/uploads\/2024\/03\/survivor_F-1.webp\" \/>\n\t<meta property=\"og:image:width\" content=\"510\" \/>\n\t<meta property=\"og:image:height\" content=\"628\" \/>\n\t<meta property=\"og:image:type\" content=\"image\/webp\" \/>\n<meta name=\"author\" content=\"surround\" \/>\n<meta name=\"twitter:card\" content=\"summary_large_image\" \/>\n<meta name=\"twitter:creator\" content=\"@avcw_org\" \/>\n<meta name=\"twitter:site\" content=\"@avcw_org\" \/>\n<meta name=\"twitter:label1\" content=\"\u00c9crit par\" \/>\n\t<meta name=\"twitter:data1\" content=\"surround\" \/>\n\t<meta name=\"twitter:label2\" content=\"Dur\u00e9e de lecture estim\u00e9e\" \/>\n\t<meta name=\"twitter:data2\" content=\"3 minutes\" \/>\n<script type=\"application\/ld+json\" class=\"yoast-schema-graph\">{\"@context\":\"https:\\\/\\\/schema.org\",\"@graph\":[{\"@type\":\"Article\",\"@id\":\"https:\\\/\\\/avcw.org\\\/fr\\\/recits-et-temoignages\\\/je-mappelle-a-m-et-jai-vecu-dans-la-ghouta-orientale-dans-la-ville-de-hazza-pres-de-zamalka\\\/#article\",\"isPartOf\":{\"@id\":\"https:\\\/\\\/avcw.org\\\/fr\\\/recits-et-temoignages\\\/je-mappelle-a-m-et-jai-vecu-dans-la-ghouta-orientale-dans-la-ville-de-hazza-pres-de-zamalka\\\/\"},\"author\":{\"name\":\"surround\",\"@id\":\"https:\\\/\\\/avcw.org\\\/#\\\/schema\\\/person\\\/b3476fa296fba9be4d80a28ffca93f5e\"},\"headline\":\"Je m&rsquo;appelle A.M et j&rsquo;ai v\u00e9cu dans la Ghouta orientale, dans la ville de Hazza, pr\u00e8s de Zamalka\",\"datePublished\":\"2024-03-07T20:37:19+00:00\",\"dateModified\":\"2024-03-08T22:14:36+00:00\",\"mainEntityOfPage\":{\"@id\":\"https:\\\/\\\/avcw.org\\\/fr\\\/recits-et-temoignages\\\/je-mappelle-a-m-et-jai-vecu-dans-la-ghouta-orientale-dans-la-ville-de-hazza-pres-de-zamalka\\\/\"},\"wordCount\":657,\"commentCount\":0,\"publisher\":{\"@id\":\"https:\\\/\\\/avcw.org\\\/#organization\"},\"image\":{\"@id\":\"https:\\\/\\\/avcw.org\\\/fr\\\/recits-et-temoignages\\\/je-mappelle-a-m-et-jai-vecu-dans-la-ghouta-orientale-dans-la-ville-de-hazza-pres-de-zamalka\\\/#primaryimage\"},\"thumbnailUrl\":\"https:\\\/\\\/avcw.org\\\/wp-content\\\/uploads\\\/2024\\\/03\\\/survivor_F-1.webp\",\"articleSection\":[\"R\u00e9cits et t\u00e9moignages\"],\"inLanguage\":\"fr-FR\",\"potentialAction\":[{\"@type\":\"CommentAction\",\"name\":\"Comment\",\"target\":[\"https:\\\/\\\/avcw.org\\\/fr\\\/recits-et-temoignages\\\/je-mappelle-a-m-et-jai-vecu-dans-la-ghouta-orientale-dans-la-ville-de-hazza-pres-de-zamalka\\\/#respond\"]}]},{\"@type\":\"WebPage\",\"@id\":\"https:\\\/\\\/avcw.org\\\/fr\\\/recits-et-temoignages\\\/je-mappelle-a-m-et-jai-vecu-dans-la-ghouta-orientale-dans-la-ville-de-hazza-pres-de-zamalka\\\/\",\"url\":\"https:\\\/\\\/avcw.org\\\/fr\\\/recits-et-temoignages\\\/je-mappelle-a-m-et-jai-vecu-dans-la-ghouta-orientale-dans-la-ville-de-hazza-pres-de-zamalka\\\/\",\"name\":\"Je m'appelle A.M et j'ai v\u00e9cu dans la Ghouta orientale, dans la ville de Hazza, pr\u00e8s de Zamalka - Association of Victims of Chemical Weapons\",\"isPartOf\":{\"@id\":\"https:\\\/\\\/avcw.org\\\/#website\"},\"primaryImageOfPage\":{\"@id\":\"https:\\\/\\\/avcw.org\\\/fr\\\/recits-et-temoignages\\\/je-mappelle-a-m-et-jai-vecu-dans-la-ghouta-orientale-dans-la-ville-de-hazza-pres-de-zamalka\\\/#primaryimage\"},\"image\":{\"@id\":\"https:\\\/\\\/avcw.org\\\/fr\\\/recits-et-temoignages\\\/je-mappelle-a-m-et-jai-vecu-dans-la-ghouta-orientale-dans-la-ville-de-hazza-pres-de-zamalka\\\/#primaryimage\"},\"thumbnailUrl\":\"https:\\\/\\\/avcw.org\\\/wp-content\\\/uploads\\\/2024\\\/03\\\/survivor_F-1.webp\",\"datePublished\":\"2024-03-07T20:37:19+00:00\",\"dateModified\":\"2024-03-08T22:14:36+00:00\",\"breadcrumb\":{\"@id\":\"https:\\\/\\\/avcw.org\\\/fr\\\/recits-et-temoignages\\\/je-mappelle-a-m-et-jai-vecu-dans-la-ghouta-orientale-dans-la-ville-de-hazza-pres-de-zamalka\\\/#breadcrumb\"},\"inLanguage\":\"fr-FR\",\"potentialAction\":[{\"@type\":\"ReadAction\",\"target\":[\"https:\\\/\\\/avcw.org\\\/fr\\\/recits-et-temoignages\\\/je-mappelle-a-m-et-jai-vecu-dans-la-ghouta-orientale-dans-la-ville-de-hazza-pres-de-zamalka\\\/\"]}]},{\"@type\":\"ImageObject\",\"inLanguage\":\"fr-FR\",\"@id\":\"https:\\\/\\\/avcw.org\\\/fr\\\/recits-et-temoignages\\\/je-mappelle-a-m-et-jai-vecu-dans-la-ghouta-orientale-dans-la-ville-de-hazza-pres-de-zamalka\\\/#primaryimage\",\"url\":\"https:\\\/\\\/avcw.org\\\/wp-content\\\/uploads\\\/2024\\\/03\\\/survivor_F-1.webp\",\"contentUrl\":\"https:\\\/\\\/avcw.org\\\/wp-content\\\/uploads\\\/2024\\\/03\\\/survivor_F-1.webp\",\"width\":510,\"height\":628},{\"@type\":\"BreadcrumbList\",\"@id\":\"https:\\\/\\\/avcw.org\\\/fr\\\/recits-et-temoignages\\\/je-mappelle-a-m-et-jai-vecu-dans-la-ghouta-orientale-dans-la-ville-de-hazza-pres-de-zamalka\\\/#breadcrumb\",\"itemListElement\":[{\"@type\":\"ListItem\",\"position\":1,\"name\":\"Home\",\"item\":\"https:\\\/\\\/avcw.org\\\/\"},{\"@type\":\"ListItem\",\"position\":2,\"name\":\"Je m&rsquo;appelle A.M et j&rsquo;ai v\u00e9cu dans la Ghouta orientale, dans la ville de Hazza, pr\u00e8s de Zamalka\"}]},{\"@type\":\"WebSite\",\"@id\":\"https:\\\/\\\/avcw.org\\\/#website\",\"url\":\"https:\\\/\\\/avcw.org\\\/\",\"name\":\"Association of Victims of Chemical Weapons\",\"description\":\"\",\"publisher\":{\"@id\":\"https:\\\/\\\/avcw.org\\\/#organization\"},\"potentialAction\":[{\"@type\":\"SearchAction\",\"target\":{\"@type\":\"EntryPoint\",\"urlTemplate\":\"https:\\\/\\\/avcw.org\\\/?s={search_term_string}\"},\"query-input\":{\"@type\":\"PropertyValueSpecification\",\"valueRequired\":true,\"valueName\":\"search_term_string\"}}],\"inLanguage\":\"fr-FR\"},{\"@type\":\"Organization\",\"@id\":\"https:\\\/\\\/avcw.org\\\/#organization\",\"name\":\"Association of Victims of Chemical Weapons\",\"url\":\"https:\\\/\\\/avcw.org\\\/\",\"logo\":{\"@type\":\"ImageObject\",\"inLanguage\":\"fr-FR\",\"@id\":\"https:\\\/\\\/avcw.org\\\/#\\\/schema\\\/logo\\\/image\\\/\",\"url\":\"https:\\\/\\\/avcw.org\\\/wp-content\\\/uploads\\\/2023\\\/07\\\/cropped-signal-2023-07-03-144739_002.jpg\",\"contentUrl\":\"https:\\\/\\\/avcw.org\\\/wp-content\\\/uploads\\\/2023\\\/07\\\/cropped-signal-2023-07-03-144739_002.jpg\",\"width\":512,\"height\":512,\"caption\":\"Association of Victims of Chemical Weapons\"},\"image\":{\"@id\":\"https:\\\/\\\/avcw.org\\\/#\\\/schema\\\/logo\\\/image\\\/\"},\"sameAs\":[\"https:\\\/\\\/www.facebook.com\\\/AVCW.NGO\\\/\",\"https:\\\/\\\/x.com\\\/avcw_org\",\"https:\\\/\\\/www.youtube.com\\\/@avcw2013\",\"https:\\\/\\\/www.instagram.com\\\/avcw_org\\\/\"]},{\"@type\":\"Person\",\"@id\":\"https:\\\/\\\/avcw.org\\\/#\\\/schema\\\/person\\\/b3476fa296fba9be4d80a28ffca93f5e\",\"name\":\"surround\",\"image\":{\"@type\":\"ImageObject\",\"inLanguage\":\"fr-FR\",\"@id\":\"https:\\\/\\\/secure.gravatar.com\\\/avatar\\\/3aa39b4a8dc3a55febf7c9498cc5df0b3007386896275110c56938375c6cb42d?s=96&d=mm&r=g\",\"url\":\"https:\\\/\\\/secure.gravatar.com\\\/avatar\\\/3aa39b4a8dc3a55febf7c9498cc5df0b3007386896275110c56938375c6cb42d?s=96&d=mm&r=g\",\"contentUrl\":\"https:\\\/\\\/secure.gravatar.com\\\/avatar\\\/3aa39b4a8dc3a55febf7c9498cc5df0b3007386896275110c56938375c6cb42d?s=96&d=mm&r=g\",\"caption\":\"surround\"},\"sameAs\":[\"https:\\\/\\\/avcw.org\"],\"url\":\"https:\\\/\\\/avcw.org\\\/fr\\\/author\\\/surround\\\/\"}]}<\/script>\n<!-- \/ Yoast SEO plugin. -->","yoast_head_json":{"title":"Je m'appelle A.M et j'ai v\u00e9cu dans la Ghouta orientale, dans la ville de Hazza, pr\u00e8s de Zamalka - Association of Victims of Chemical Weapons","robots":{"index":"index","follow":"follow","max-snippet":"max-snippet:-1","max-image-preview":"max-image-preview:large","max-video-preview":"max-video-preview:-1"},"canonical":"https:\/\/avcw.org\/fr\/recits-et-temoignages\/je-mappelle-a-m-et-jai-vecu-dans-la-ghouta-orientale-dans-la-ville-de-hazza-pres-de-zamalka\/","og_locale":"fr_FR","og_type":"article","og_title":"Je m'appelle A.M et j'ai v\u00e9cu dans la Ghouta orientale, dans la ville de Hazza, pr\u00e8s de Zamalka - Association of Victims of Chemical Weapons","og_description":"Je m&rsquo;appelle A.M et j&rsquo;ai v\u00e9cu dans la Ghouta orientale, dans la ville de Hazza, pr\u00e8s de Zamalka. Le mercredi 21\/08\/2013, vers une heure vingt, je me souviens \u00eatre assise avec mes enfants et la famille de mon mari. Sa m\u00e8re, sa s\u0153ur, son fr\u00e8re avec sa femme et sa fille \u00e9taient \u00e9galement pr\u00e9sents, ainsi [&hellip;]","og_url":"https:\/\/avcw.org\/fr\/recits-et-temoignages\/je-mappelle-a-m-et-jai-vecu-dans-la-ghouta-orientale-dans-la-ville-de-hazza-pres-de-zamalka\/","og_site_name":"Association of Victims of Chemical Weapons","article_publisher":"https:\/\/www.facebook.com\/AVCW.NGO\/","article_published_time":"2024-03-07T20:37:19+00:00","article_modified_time":"2024-03-08T22:14:36+00:00","og_image":[{"width":510,"height":628,"url":"https:\/\/avcw.org\/wp-content\/uploads\/2024\/03\/survivor_F-1.webp","type":"image\/webp"}],"author":"surround","twitter_card":"summary_large_image","twitter_creator":"@avcw_org","twitter_site":"@avcw_org","twitter_misc":{"\u00c9crit par":"surround","Dur\u00e9e de lecture estim\u00e9e":"3 minutes"},"schema":{"@context":"https:\/\/schema.org","@graph":[{"@type":"Article","@id":"https:\/\/avcw.org\/fr\/recits-et-temoignages\/je-mappelle-a-m-et-jai-vecu-dans-la-ghouta-orientale-dans-la-ville-de-hazza-pres-de-zamalka\/#article","isPartOf":{"@id":"https:\/\/avcw.org\/fr\/recits-et-temoignages\/je-mappelle-a-m-et-jai-vecu-dans-la-ghouta-orientale-dans-la-ville-de-hazza-pres-de-zamalka\/"},"author":{"name":"surround","@id":"https:\/\/avcw.org\/#\/schema\/person\/b3476fa296fba9be4d80a28ffca93f5e"},"headline":"Je m&rsquo;appelle A.M et j&rsquo;ai v\u00e9cu dans la Ghouta orientale, dans la ville de Hazza, pr\u00e8s de Zamalka","datePublished":"2024-03-07T20:37:19+00:00","dateModified":"2024-03-08T22:14:36+00:00","mainEntityOfPage":{"@id":"https:\/\/avcw.org\/fr\/recits-et-temoignages\/je-mappelle-a-m-et-jai-vecu-dans-la-ghouta-orientale-dans-la-ville-de-hazza-pres-de-zamalka\/"},"wordCount":657,"commentCount":0,"publisher":{"@id":"https:\/\/avcw.org\/#organization"},"image":{"@id":"https:\/\/avcw.org\/fr\/recits-et-temoignages\/je-mappelle-a-m-et-jai-vecu-dans-la-ghouta-orientale-dans-la-ville-de-hazza-pres-de-zamalka\/#primaryimage"},"thumbnailUrl":"https:\/\/avcw.org\/wp-content\/uploads\/2024\/03\/survivor_F-1.webp","articleSection":["R\u00e9cits et t\u00e9moignages"],"inLanguage":"fr-FR","potentialAction":[{"@type":"CommentAction","name":"Comment","target":["https:\/\/avcw.org\/fr\/recits-et-temoignages\/je-mappelle-a-m-et-jai-vecu-dans-la-ghouta-orientale-dans-la-ville-de-hazza-pres-de-zamalka\/#respond"]}]},{"@type":"WebPage","@id":"https:\/\/avcw.org\/fr\/recits-et-temoignages\/je-mappelle-a-m-et-jai-vecu-dans-la-ghouta-orientale-dans-la-ville-de-hazza-pres-de-zamalka\/","url":"https:\/\/avcw.org\/fr\/recits-et-temoignages\/je-mappelle-a-m-et-jai-vecu-dans-la-ghouta-orientale-dans-la-ville-de-hazza-pres-de-zamalka\/","name":"Je m'appelle A.M et j'ai v\u00e9cu dans la Ghouta orientale, dans la ville de Hazza, pr\u00e8s de Zamalka - Association of Victims of Chemical Weapons","isPartOf":{"@id":"https:\/\/avcw.org\/#website"},"primaryImageOfPage":{"@id":"https:\/\/avcw.org\/fr\/recits-et-temoignages\/je-mappelle-a-m-et-jai-vecu-dans-la-ghouta-orientale-dans-la-ville-de-hazza-pres-de-zamalka\/#primaryimage"},"image":{"@id":"https:\/\/avcw.org\/fr\/recits-et-temoignages\/je-mappelle-a-m-et-jai-vecu-dans-la-ghouta-orientale-dans-la-ville-de-hazza-pres-de-zamalka\/#primaryimage"},"thumbnailUrl":"https:\/\/avcw.org\/wp-content\/uploads\/2024\/03\/survivor_F-1.webp","datePublished":"2024-03-07T20:37:19+00:00","dateModified":"2024-03-08T22:14:36+00:00","breadcrumb":{"@id":"https:\/\/avcw.org\/fr\/recits-et-temoignages\/je-mappelle-a-m-et-jai-vecu-dans-la-ghouta-orientale-dans-la-ville-de-hazza-pres-de-zamalka\/#breadcrumb"},"inLanguage":"fr-FR","potentialAction":[{"@type":"ReadAction","target":["https:\/\/avcw.org\/fr\/recits-et-temoignages\/je-mappelle-a-m-et-jai-vecu-dans-la-ghouta-orientale-dans-la-ville-de-hazza-pres-de-zamalka\/"]}]},{"@type":"ImageObject","inLanguage":"fr-FR","@id":"https:\/\/avcw.org\/fr\/recits-et-temoignages\/je-mappelle-a-m-et-jai-vecu-dans-la-ghouta-orientale-dans-la-ville-de-hazza-pres-de-zamalka\/#primaryimage","url":"https:\/\/avcw.org\/wp-content\/uploads\/2024\/03\/survivor_F-1.webp","contentUrl":"https:\/\/avcw.org\/wp-content\/uploads\/2024\/03\/survivor_F-1.webp","width":510,"height":628},{"@type":"BreadcrumbList","@id":"https:\/\/avcw.org\/fr\/recits-et-temoignages\/je-mappelle-a-m-et-jai-vecu-dans-la-ghouta-orientale-dans-la-ville-de-hazza-pres-de-zamalka\/#breadcrumb","itemListElement":[{"@type":"ListItem","position":1,"name":"Home","item":"https:\/\/avcw.org\/"},{"@type":"ListItem","position":2,"name":"Je m&rsquo;appelle A.M et j&rsquo;ai v\u00e9cu dans la Ghouta orientale, dans la ville de Hazza, pr\u00e8s de Zamalka"}]},{"@type":"WebSite","@id":"https:\/\/avcw.org\/#website","url":"https:\/\/avcw.org\/","name":"Association of Victims of Chemical Weapons","description":"","publisher":{"@id":"https:\/\/avcw.org\/#organization"},"potentialAction":[{"@type":"SearchAction","target":{"@type":"EntryPoint","urlTemplate":"https:\/\/avcw.org\/?s={search_term_string}"},"query-input":{"@type":"PropertyValueSpecification","valueRequired":true,"valueName":"search_term_string"}}],"inLanguage":"fr-FR"},{"@type":"Organization","@id":"https:\/\/avcw.org\/#organization","name":"Association of Victims of Chemical Weapons","url":"https:\/\/avcw.org\/","logo":{"@type":"ImageObject","inLanguage":"fr-FR","@id":"https:\/\/avcw.org\/#\/schema\/logo\/image\/","url":"https:\/\/avcw.org\/wp-content\/uploads\/2023\/07\/cropped-signal-2023-07-03-144739_002.jpg","contentUrl":"https:\/\/avcw.org\/wp-content\/uploads\/2023\/07\/cropped-signal-2023-07-03-144739_002.jpg","width":512,"height":512,"caption":"Association of Victims of Chemical Weapons"},"image":{"@id":"https:\/\/avcw.org\/#\/schema\/logo\/image\/"},"sameAs":["https:\/\/www.facebook.com\/AVCW.NGO\/","https:\/\/x.com\/avcw_org","https:\/\/www.youtube.com\/@avcw2013","https:\/\/www.instagram.com\/avcw_org\/"]},{"@type":"Person","@id":"https:\/\/avcw.org\/#\/schema\/person\/b3476fa296fba9be4d80a28ffca93f5e","name":"surround","image":{"@type":"ImageObject","inLanguage":"fr-FR","@id":"https:\/\/secure.gravatar.com\/avatar\/3aa39b4a8dc3a55febf7c9498cc5df0b3007386896275110c56938375c6cb42d?s=96&d=mm&r=g","url":"https:\/\/secure.gravatar.com\/avatar\/3aa39b4a8dc3a55febf7c9498cc5df0b3007386896275110c56938375c6cb42d?s=96&d=mm&r=g","contentUrl":"https:\/\/secure.gravatar.com\/avatar\/3aa39b4a8dc3a55febf7c9498cc5df0b3007386896275110c56938375c6cb42d?s=96&d=mm&r=g","caption":"surround"},"sameAs":["https:\/\/avcw.org"],"url":"https:\/\/avcw.org\/fr\/author\/surround\/"}]}},"_links":{"self":[{"href":"https:\/\/avcw.org\/fr\/wp-json\/wp\/v2\/posts\/2477","targetHints":{"allow":["GET"]}}],"collection":[{"href":"https:\/\/avcw.org\/fr\/wp-json\/wp\/v2\/posts"}],"about":[{"href":"https:\/\/avcw.org\/fr\/wp-json\/wp\/v2\/types\/post"}],"author":[{"embeddable":true,"href":"https:\/\/avcw.org\/fr\/wp-json\/wp\/v2\/users\/1"}],"replies":[{"embeddable":true,"href":"https:\/\/avcw.org\/fr\/wp-json\/wp\/v2\/comments?post=2477"}],"version-history":[{"count":1,"href":"https:\/\/avcw.org\/fr\/wp-json\/wp\/v2\/posts\/2477\/revisions"}],"predecessor-version":[{"id":2478,"href":"https:\/\/avcw.org\/fr\/wp-json\/wp\/v2\/posts\/2477\/revisions\/2478"}],"wp:featuredmedia":[{"embeddable":true,"href":"https:\/\/avcw.org\/fr\/wp-json\/wp\/v2\/media\/2516"}],"wp:attachment":[{"href":"https:\/\/avcw.org\/fr\/wp-json\/wp\/v2\/media?parent=2477"}],"wp:term":[{"taxonomy":"category","embeddable":true,"href":"https:\/\/avcw.org\/fr\/wp-json\/wp\/v2\/categories?post=2477"},{"taxonomy":"post_tag","embeddable":true,"href":"https:\/\/avcw.org\/fr\/wp-json\/wp\/v2\/tags?post=2477"}],"curies":[{"name":"wp","href":"https:\/\/api.w.org\/{rel}","templated":true}]}}