{"id":2479,"date":"2024-03-07T20:46:12","date_gmt":"2024-03-07T20:46:12","guid":{"rendered":"https:\/\/avcw.org\/?p=2479"},"modified":"2024-03-08T22:14:17","modified_gmt":"2024-03-08T22:14:17","slug":"je-mappelle-a-kh-jai-travaille-dans-un-bureau-de-presse-situe-a-letage-superieur-dun-batiment-abritant-un-poste-medical-civil","status":"publish","type":"post","link":"https:\/\/avcw.org\/fr\/recits-et-temoignages\/je-mappelle-a-kh-jai-travaille-dans-un-bureau-de-presse-situe-a-letage-superieur-dun-batiment-abritant-un-poste-medical-civil\/","title":{"rendered":"Je m&rsquo;appelle A. Kh. J&rsquo;ai travaill\u00e9 dans un bureau de presse situ\u00e9 \u00e0 l&rsquo;\u00e9tage sup\u00e9rieur d&rsquo;un b\u00e2timent abritant un poste m\u00e9dical civil"},"content":{"rendered":"\n<p>Je m&rsquo;appelle A. Kh. J&rsquo;ai travaill\u00e9 dans un bureau de presse situ\u00e9 \u00e0 l&rsquo;\u00e9tage sup\u00e9rieur d&rsquo;un b\u00e2timent abritant un poste m\u00e9dical civil. J&rsquo;ai \u00e9t\u00e9 t\u00e9moin de deux incidents impliquant l&rsquo;utilisation d&rsquo;armes chimiques.<\/p>\n\n\n\n<p>Dans le premier incident, au d\u00e9but de l&rsquo;\u00e9t\u00e9, alors que j&rsquo;\u00e9tais au bureau, nous avons re\u00e7u un appel au poste m\u00e9dical demandant l&rsquo;envoi d&rsquo;ambulances \u00e0 Harasta, avec la possibilit\u00e9 d&rsquo;une attaque impliquant des gaz toxiques. J&rsquo;ai accompagn\u00e9 les \u00e9quipes m\u00e9dicales sur le site de l&rsquo;attaque, o\u00f9 j&rsquo;ai pris des photos des bless\u00e9s avec ma cam\u00e9ra, sans prendre de pr\u00e9cautions. Apr\u00e8s mon retour au bureau, j&rsquo;ai t\u00e9l\u00e9charg\u00e9 les vid\u00e9os sur ma cha\u00eene YouTube et j&rsquo;ai partag\u00e9 le lien avec les m\u00e9dias. Peu de temps apr\u00e8s, j&rsquo;ai commenc\u00e9 \u00e0 ressentir des sympt\u00f4mes similaires \u00e0 ceux des victimes : \u00e9touffement et sympt\u00f4mes persistants pendant quatre jours, n\u00e9cessitant des injections m\u00e9dicamenteuses pour me r\u00e9tablir.<\/p>\n\n\n\n<p>Les sympt\u00f4mes des victimes comprenaient de l&rsquo;\u00e9cume \u00e0 la bouche, des tremblements corporels et un regard vitreux. Environ cent bless\u00e9s et sept ou huit morts ont \u00e9t\u00e9 d\u00e9nombr\u00e9s parmi les militaires, car l&rsquo;attaque visait un point militaire affili\u00e9 \u00e0 l&rsquo;Arm\u00e9e libre.<\/p>\n\n\n\n<p>Dans le deuxi\u00e8me incident, qui s&rsquo;est produit la nuit du 21 ao\u00fbt, j&rsquo;\u00e9tais chez moi \u00e0 Misraba avec ma famille lorsque j&rsquo;ai entendu des appels radio demandant de l&rsquo;aide \u00e0 Zamalka pour les op\u00e9rations de secours. Dans notre quartier se trouvait un poste m\u00e9dical civil appel\u00e9 \u00ab\u00a0Al Barq\u00a0\u00bb. J&rsquo;y suis imm\u00e9diatement all\u00e9 et j&rsquo;ai \u00e9t\u00e9 surpris par le nombre de bless\u00e9s arrivant.<\/p>\n\n\n\n<p>J&rsquo;ai appris par radio que l&rsquo;attaque contre Zamalka impliquait des armes chimiques. J&rsquo;ai commenc\u00e9 \u00e0 filmer avec ma cam\u00e9ra, mais j&rsquo;ai rapidement ressenti des vertiges et des troubles de la vision. Je suis retourn\u00e9 au bureau mais j&rsquo;ai \u00e9t\u00e9 incapable de t\u00e9l\u00e9charger les vid\u00e9os le jour m\u00eame en raison de mes sympt\u00f4mes, qui me faisaient craindre pour ma vie, m&#8217;emp\u00eachant de respirer normalement.<\/p>\n\n\n\n<p>Le lendemain, j&rsquo;ai publi\u00e9 les vid\u00e9os que j&rsquo;avais film\u00e9es. Une semaine plus tard, mon \u00e9tat s&rsquo;est am\u00e9lior\u00e9 et je suis retourn\u00e9 \u00e0 Zamalka et Jobar pour filmer les sites cibl\u00e9s.<\/p>\n","protected":false},"excerpt":{"rendered":"<p>Je m&rsquo;appelle A. Kh. J&rsquo;ai travaill\u00e9 dans un bureau de presse situ\u00e9 \u00e0 l&rsquo;\u00e9tage sup\u00e9rieur d&rsquo;un b\u00e2timent abritant un poste m\u00e9dical civil. J&rsquo;ai \u00e9t\u00e9 t\u00e9moin de deux incidents impliquant l&rsquo;utilisation d&rsquo;armes chimiques. Dans le premier incident, au d\u00e9but de l&rsquo;\u00e9t\u00e9, alors que j&rsquo;\u00e9tais au bureau, nous avons re\u00e7u un appel au poste m\u00e9dical demandant l&rsquo;envoi [&hellip;]<\/p>\n","protected":false},"author":1,"featured_media":2519,"comment_status":"open","ping_status":"closed","sticky":false,"template":"","format":"standard","meta":{"footnotes":""},"categories":[49],"tags":[],"class_list":["post-2479","post","type-post","status-publish","format-standard","has-post-thumbnail","hentry","category-recits-et-temoignages"],"yoast_head":"<!-- This site is optimized with the Yoast SEO plugin v27.5 - https:\/\/yoast.com\/product\/yoast-seo-wordpress\/ -->\n<title>Je m&#039;appelle A. Kh. J&#039;ai travaill\u00e9 dans un bureau de presse situ\u00e9 \u00e0 l&#039;\u00e9tage sup\u00e9rieur d&#039;un b\u00e2timent abritant un poste m\u00e9dical civil - Association of Victims of Chemical Weapons<\/title>\n<meta name=\"robots\" content=\"index, follow, max-snippet:-1, max-image-preview:large, max-video-preview:-1\" \/>\n<link rel=\"canonical\" href=\"https:\/\/avcw.org\/fr\/recits-et-temoignages\/je-mappelle-a-kh-jai-travaille-dans-un-bureau-de-presse-situe-a-letage-superieur-dun-batiment-abritant-un-poste-medical-civil\/\" \/>\n<meta property=\"og:locale\" content=\"fr_FR\" \/>\n<meta property=\"og:type\" content=\"article\" \/>\n<meta property=\"og:title\" content=\"Je m&#039;appelle A. Kh. J&#039;ai travaill\u00e9 dans un bureau de presse situ\u00e9 \u00e0 l&#039;\u00e9tage sup\u00e9rieur d&#039;un b\u00e2timent abritant un poste m\u00e9dical civil - Association of Victims of Chemical Weapons\" \/>\n<meta property=\"og:description\" content=\"Je m&rsquo;appelle A. Kh. J&rsquo;ai travaill\u00e9 dans un bureau de presse situ\u00e9 \u00e0 l&rsquo;\u00e9tage sup\u00e9rieur d&rsquo;un b\u00e2timent abritant un poste m\u00e9dical civil. J&rsquo;ai \u00e9t\u00e9 t\u00e9moin de deux incidents impliquant l&rsquo;utilisation d&rsquo;armes chimiques. Dans le premier incident, au d\u00e9but de l&rsquo;\u00e9t\u00e9, alors que j&rsquo;\u00e9tais au bureau, nous avons re\u00e7u un appel au poste m\u00e9dical demandant l&rsquo;envoi [&hellip;]\" \/>\n<meta property=\"og:url\" content=\"https:\/\/avcw.org\/fr\/recits-et-temoignages\/je-mappelle-a-kh-jai-travaille-dans-un-bureau-de-presse-situe-a-letage-superieur-dun-batiment-abritant-un-poste-medical-civil\/\" \/>\n<meta property=\"og:site_name\" content=\"Association of Victims of Chemical Weapons\" \/>\n<meta property=\"article:publisher\" content=\"https:\/\/www.facebook.com\/AVCW.NGO\/\" \/>\n<meta property=\"article:published_time\" content=\"2024-03-07T20:46:12+00:00\" \/>\n<meta property=\"article:modified_time\" content=\"2024-03-08T22:14:17+00:00\" \/>\n<meta property=\"og:image\" content=\"https:\/\/avcw.org\/wp-content\/uploads\/2024\/03\/survivor_M-1.webp\" \/>\n\t<meta property=\"og:image:width\" content=\"510\" \/>\n\t<meta property=\"og:image:height\" content=\"628\" \/>\n\t<meta property=\"og:image:type\" content=\"image\/webp\" \/>\n<meta name=\"author\" content=\"surround\" \/>\n<meta name=\"twitter:card\" content=\"summary_large_image\" \/>\n<meta name=\"twitter:creator\" content=\"@avcw_org\" \/>\n<meta name=\"twitter:site\" content=\"@avcw_org\" \/>\n<meta name=\"twitter:label1\" content=\"\u00c9crit par\" \/>\n\t<meta name=\"twitter:data1\" content=\"surround\" \/>\n\t<meta name=\"twitter:label2\" content=\"Dur\u00e9e de lecture estim\u00e9e\" \/>\n\t<meta name=\"twitter:data2\" content=\"2 minutes\" \/>\n<script type=\"application\/ld+json\" class=\"yoast-schema-graph\">{\"@context\":\"https:\\\/\\\/schema.org\",\"@graph\":[{\"@type\":\"Article\",\"@id\":\"https:\\\/\\\/avcw.org\\\/fr\\\/recits-et-temoignages\\\/je-mappelle-a-kh-jai-travaille-dans-un-bureau-de-presse-situe-a-letage-superieur-dun-batiment-abritant-un-poste-medical-civil\\\/#article\",\"isPartOf\":{\"@id\":\"https:\\\/\\\/avcw.org\\\/fr\\\/recits-et-temoignages\\\/je-mappelle-a-kh-jai-travaille-dans-un-bureau-de-presse-situe-a-letage-superieur-dun-batiment-abritant-un-poste-medical-civil\\\/\"},\"author\":{\"name\":\"surround\",\"@id\":\"https:\\\/\\\/avcw.org\\\/#\\\/schema\\\/person\\\/b3476fa296fba9be4d80a28ffca93f5e\"},\"headline\":\"Je m&rsquo;appelle A. Kh. J&rsquo;ai travaill\u00e9 dans un bureau de presse situ\u00e9 \u00e0 l&rsquo;\u00e9tage sup\u00e9rieur d&rsquo;un b\u00e2timent abritant un poste m\u00e9dical civil\",\"datePublished\":\"2024-03-07T20:46:12+00:00\",\"dateModified\":\"2024-03-08T22:14:17+00:00\",\"mainEntityOfPage\":{\"@id\":\"https:\\\/\\\/avcw.org\\\/fr\\\/recits-et-temoignages\\\/je-mappelle-a-kh-jai-travaille-dans-un-bureau-de-presse-situe-a-letage-superieur-dun-batiment-abritant-un-poste-medical-civil\\\/\"},\"wordCount\":435,\"commentCount\":0,\"publisher\":{\"@id\":\"https:\\\/\\\/avcw.org\\\/#organization\"},\"image\":{\"@id\":\"https:\\\/\\\/avcw.org\\\/fr\\\/recits-et-temoignages\\\/je-mappelle-a-kh-jai-travaille-dans-un-bureau-de-presse-situe-a-letage-superieur-dun-batiment-abritant-un-poste-medical-civil\\\/#primaryimage\"},\"thumbnailUrl\":\"https:\\\/\\\/avcw.org\\\/wp-content\\\/uploads\\\/2024\\\/03\\\/survivor_M-1.webp\",\"articleSection\":[\"R\u00e9cits et t\u00e9moignages\"],\"inLanguage\":\"fr-FR\",\"potentialAction\":[{\"@type\":\"CommentAction\",\"name\":\"Comment\",\"target\":[\"https:\\\/\\\/avcw.org\\\/fr\\\/recits-et-temoignages\\\/je-mappelle-a-kh-jai-travaille-dans-un-bureau-de-presse-situe-a-letage-superieur-dun-batiment-abritant-un-poste-medical-civil\\\/#respond\"]}]},{\"@type\":\"WebPage\",\"@id\":\"https:\\\/\\\/avcw.org\\\/fr\\\/recits-et-temoignages\\\/je-mappelle-a-kh-jai-travaille-dans-un-bureau-de-presse-situe-a-letage-superieur-dun-batiment-abritant-un-poste-medical-civil\\\/\",\"url\":\"https:\\\/\\\/avcw.org\\\/fr\\\/recits-et-temoignages\\\/je-mappelle-a-kh-jai-travaille-dans-un-bureau-de-presse-situe-a-letage-superieur-dun-batiment-abritant-un-poste-medical-civil\\\/\",\"name\":\"Je m'appelle A. Kh. J'ai travaill\u00e9 dans un bureau de presse situ\u00e9 \u00e0 l'\u00e9tage sup\u00e9rieur d'un b\u00e2timent abritant un poste m\u00e9dical civil - Association of Victims of Chemical Weapons\",\"isPartOf\":{\"@id\":\"https:\\\/\\\/avcw.org\\\/#website\"},\"primaryImageOfPage\":{\"@id\":\"https:\\\/\\\/avcw.org\\\/fr\\\/recits-et-temoignages\\\/je-mappelle-a-kh-jai-travaille-dans-un-bureau-de-presse-situe-a-letage-superieur-dun-batiment-abritant-un-poste-medical-civil\\\/#primaryimage\"},\"image\":{\"@id\":\"https:\\\/\\\/avcw.org\\\/fr\\\/recits-et-temoignages\\\/je-mappelle-a-kh-jai-travaille-dans-un-bureau-de-presse-situe-a-letage-superieur-dun-batiment-abritant-un-poste-medical-civil\\\/#primaryimage\"},\"thumbnailUrl\":\"https:\\\/\\\/avcw.org\\\/wp-content\\\/uploads\\\/2024\\\/03\\\/survivor_M-1.webp\",\"datePublished\":\"2024-03-07T20:46:12+00:00\",\"dateModified\":\"2024-03-08T22:14:17+00:00\",\"breadcrumb\":{\"@id\":\"https:\\\/\\\/avcw.org\\\/fr\\\/recits-et-temoignages\\\/je-mappelle-a-kh-jai-travaille-dans-un-bureau-de-presse-situe-a-letage-superieur-dun-batiment-abritant-un-poste-medical-civil\\\/#breadcrumb\"},\"inLanguage\":\"fr-FR\",\"potentialAction\":[{\"@type\":\"ReadAction\",\"target\":[\"https:\\\/\\\/avcw.org\\\/fr\\\/recits-et-temoignages\\\/je-mappelle-a-kh-jai-travaille-dans-un-bureau-de-presse-situe-a-letage-superieur-dun-batiment-abritant-un-poste-medical-civil\\\/\"]}]},{\"@type\":\"ImageObject\",\"inLanguage\":\"fr-FR\",\"@id\":\"https:\\\/\\\/avcw.org\\\/fr\\\/recits-et-temoignages\\\/je-mappelle-a-kh-jai-travaille-dans-un-bureau-de-presse-situe-a-letage-superieur-dun-batiment-abritant-un-poste-medical-civil\\\/#primaryimage\",\"url\":\"https:\\\/\\\/avcw.org\\\/wp-content\\\/uploads\\\/2024\\\/03\\\/survivor_M-1.webp\",\"contentUrl\":\"https:\\\/\\\/avcw.org\\\/wp-content\\\/uploads\\\/2024\\\/03\\\/survivor_M-1.webp\",\"width\":510,\"height\":628},{\"@type\":\"BreadcrumbList\",\"@id\":\"https:\\\/\\\/avcw.org\\\/fr\\\/recits-et-temoignages\\\/je-mappelle-a-kh-jai-travaille-dans-un-bureau-de-presse-situe-a-letage-superieur-dun-batiment-abritant-un-poste-medical-civil\\\/#breadcrumb\",\"itemListElement\":[{\"@type\":\"ListItem\",\"position\":1,\"name\":\"Home\",\"item\":\"https:\\\/\\\/avcw.org\\\/\"},{\"@type\":\"ListItem\",\"position\":2,\"name\":\"Je m&rsquo;appelle A. Kh. J&rsquo;ai travaill\u00e9 dans un bureau de presse situ\u00e9 \u00e0 l&rsquo;\u00e9tage sup\u00e9rieur d&rsquo;un b\u00e2timent abritant un poste m\u00e9dical civil\"}]},{\"@type\":\"WebSite\",\"@id\":\"https:\\\/\\\/avcw.org\\\/#website\",\"url\":\"https:\\\/\\\/avcw.org\\\/\",\"name\":\"Association of Victims of Chemical Weapons\",\"description\":\"\",\"publisher\":{\"@id\":\"https:\\\/\\\/avcw.org\\\/#organization\"},\"potentialAction\":[{\"@type\":\"SearchAction\",\"target\":{\"@type\":\"EntryPoint\",\"urlTemplate\":\"https:\\\/\\\/avcw.org\\\/?s={search_term_string}\"},\"query-input\":{\"@type\":\"PropertyValueSpecification\",\"valueRequired\":true,\"valueName\":\"search_term_string\"}}],\"inLanguage\":\"fr-FR\"},{\"@type\":\"Organization\",\"@id\":\"https:\\\/\\\/avcw.org\\\/#organization\",\"name\":\"Association of Victims of Chemical Weapons\",\"url\":\"https:\\\/\\\/avcw.org\\\/\",\"logo\":{\"@type\":\"ImageObject\",\"inLanguage\":\"fr-FR\",\"@id\":\"https:\\\/\\\/avcw.org\\\/#\\\/schema\\\/logo\\\/image\\\/\",\"url\":\"https:\\\/\\\/avcw.org\\\/wp-content\\\/uploads\\\/2023\\\/07\\\/cropped-signal-2023-07-03-144739_002.jpg\",\"contentUrl\":\"https:\\\/\\\/avcw.org\\\/wp-content\\\/uploads\\\/2023\\\/07\\\/cropped-signal-2023-07-03-144739_002.jpg\",\"width\":512,\"height\":512,\"caption\":\"Association of Victims of Chemical Weapons\"},\"image\":{\"@id\":\"https:\\\/\\\/avcw.org\\\/#\\\/schema\\\/logo\\\/image\\\/\"},\"sameAs\":[\"https:\\\/\\\/www.facebook.com\\\/AVCW.NGO\\\/\",\"https:\\\/\\\/x.com\\\/avcw_org\",\"https:\\\/\\\/www.youtube.com\\\/@avcw2013\",\"https:\\\/\\\/www.instagram.com\\\/avcw_org\\\/\"]},{\"@type\":\"Person\",\"@id\":\"https:\\\/\\\/avcw.org\\\/#\\\/schema\\\/person\\\/b3476fa296fba9be4d80a28ffca93f5e\",\"name\":\"surround\",\"image\":{\"@type\":\"ImageObject\",\"inLanguage\":\"fr-FR\",\"@id\":\"https:\\\/\\\/secure.gravatar.com\\\/avatar\\\/3aa39b4a8dc3a55febf7c9498cc5df0b3007386896275110c56938375c6cb42d?s=96&d=mm&r=g\",\"url\":\"https:\\\/\\\/secure.gravatar.com\\\/avatar\\\/3aa39b4a8dc3a55febf7c9498cc5df0b3007386896275110c56938375c6cb42d?s=96&d=mm&r=g\",\"contentUrl\":\"https:\\\/\\\/secure.gravatar.com\\\/avatar\\\/3aa39b4a8dc3a55febf7c9498cc5df0b3007386896275110c56938375c6cb42d?s=96&d=mm&r=g\",\"caption\":\"surround\"},\"sameAs\":[\"https:\\\/\\\/avcw.org\"],\"url\":\"https:\\\/\\\/avcw.org\\\/fr\\\/author\\\/surround\\\/\"}]}<\/script>\n<!-- \/ Yoast SEO plugin. -->","yoast_head_json":{"title":"Je m'appelle A. Kh. J'ai travaill\u00e9 dans un bureau de presse situ\u00e9 \u00e0 l'\u00e9tage sup\u00e9rieur d'un b\u00e2timent abritant un poste m\u00e9dical civil - Association of Victims of Chemical Weapons","robots":{"index":"index","follow":"follow","max-snippet":"max-snippet:-1","max-image-preview":"max-image-preview:large","max-video-preview":"max-video-preview:-1"},"canonical":"https:\/\/avcw.org\/fr\/recits-et-temoignages\/je-mappelle-a-kh-jai-travaille-dans-un-bureau-de-presse-situe-a-letage-superieur-dun-batiment-abritant-un-poste-medical-civil\/","og_locale":"fr_FR","og_type":"article","og_title":"Je m'appelle A. Kh. J'ai travaill\u00e9 dans un bureau de presse situ\u00e9 \u00e0 l'\u00e9tage sup\u00e9rieur d'un b\u00e2timent abritant un poste m\u00e9dical civil - Association of Victims of Chemical Weapons","og_description":"Je m&rsquo;appelle A. Kh. J&rsquo;ai travaill\u00e9 dans un bureau de presse situ\u00e9 \u00e0 l&rsquo;\u00e9tage sup\u00e9rieur d&rsquo;un b\u00e2timent abritant un poste m\u00e9dical civil. J&rsquo;ai \u00e9t\u00e9 t\u00e9moin de deux incidents impliquant l&rsquo;utilisation d&rsquo;armes chimiques. Dans le premier incident, au d\u00e9but de l&rsquo;\u00e9t\u00e9, alors que j&rsquo;\u00e9tais au bureau, nous avons re\u00e7u un appel au poste m\u00e9dical demandant l&rsquo;envoi [&hellip;]","og_url":"https:\/\/avcw.org\/fr\/recits-et-temoignages\/je-mappelle-a-kh-jai-travaille-dans-un-bureau-de-presse-situe-a-letage-superieur-dun-batiment-abritant-un-poste-medical-civil\/","og_site_name":"Association of Victims of Chemical Weapons","article_publisher":"https:\/\/www.facebook.com\/AVCW.NGO\/","article_published_time":"2024-03-07T20:46:12+00:00","article_modified_time":"2024-03-08T22:14:17+00:00","og_image":[{"width":510,"height":628,"url":"https:\/\/avcw.org\/wp-content\/uploads\/2024\/03\/survivor_M-1.webp","type":"image\/webp"}],"author":"surround","twitter_card":"summary_large_image","twitter_creator":"@avcw_org","twitter_site":"@avcw_org","twitter_misc":{"\u00c9crit par":"surround","Dur\u00e9e de lecture estim\u00e9e":"2 minutes"},"schema":{"@context":"https:\/\/schema.org","@graph":[{"@type":"Article","@id":"https:\/\/avcw.org\/fr\/recits-et-temoignages\/je-mappelle-a-kh-jai-travaille-dans-un-bureau-de-presse-situe-a-letage-superieur-dun-batiment-abritant-un-poste-medical-civil\/#article","isPartOf":{"@id":"https:\/\/avcw.org\/fr\/recits-et-temoignages\/je-mappelle-a-kh-jai-travaille-dans-un-bureau-de-presse-situe-a-letage-superieur-dun-batiment-abritant-un-poste-medical-civil\/"},"author":{"name":"surround","@id":"https:\/\/avcw.org\/#\/schema\/person\/b3476fa296fba9be4d80a28ffca93f5e"},"headline":"Je m&rsquo;appelle A. Kh. J&rsquo;ai travaill\u00e9 dans un bureau de presse situ\u00e9 \u00e0 l&rsquo;\u00e9tage sup\u00e9rieur d&rsquo;un b\u00e2timent abritant un poste m\u00e9dical civil","datePublished":"2024-03-07T20:46:12+00:00","dateModified":"2024-03-08T22:14:17+00:00","mainEntityOfPage":{"@id":"https:\/\/avcw.org\/fr\/recits-et-temoignages\/je-mappelle-a-kh-jai-travaille-dans-un-bureau-de-presse-situe-a-letage-superieur-dun-batiment-abritant-un-poste-medical-civil\/"},"wordCount":435,"commentCount":0,"publisher":{"@id":"https:\/\/avcw.org\/#organization"},"image":{"@id":"https:\/\/avcw.org\/fr\/recits-et-temoignages\/je-mappelle-a-kh-jai-travaille-dans-un-bureau-de-presse-situe-a-letage-superieur-dun-batiment-abritant-un-poste-medical-civil\/#primaryimage"},"thumbnailUrl":"https:\/\/avcw.org\/wp-content\/uploads\/2024\/03\/survivor_M-1.webp","articleSection":["R\u00e9cits et t\u00e9moignages"],"inLanguage":"fr-FR","potentialAction":[{"@type":"CommentAction","name":"Comment","target":["https:\/\/avcw.org\/fr\/recits-et-temoignages\/je-mappelle-a-kh-jai-travaille-dans-un-bureau-de-presse-situe-a-letage-superieur-dun-batiment-abritant-un-poste-medical-civil\/#respond"]}]},{"@type":"WebPage","@id":"https:\/\/avcw.org\/fr\/recits-et-temoignages\/je-mappelle-a-kh-jai-travaille-dans-un-bureau-de-presse-situe-a-letage-superieur-dun-batiment-abritant-un-poste-medical-civil\/","url":"https:\/\/avcw.org\/fr\/recits-et-temoignages\/je-mappelle-a-kh-jai-travaille-dans-un-bureau-de-presse-situe-a-letage-superieur-dun-batiment-abritant-un-poste-medical-civil\/","name":"Je m'appelle A. Kh. J'ai travaill\u00e9 dans un bureau de presse situ\u00e9 \u00e0 l'\u00e9tage sup\u00e9rieur d'un b\u00e2timent abritant un poste m\u00e9dical civil - Association of Victims of Chemical Weapons","isPartOf":{"@id":"https:\/\/avcw.org\/#website"},"primaryImageOfPage":{"@id":"https:\/\/avcw.org\/fr\/recits-et-temoignages\/je-mappelle-a-kh-jai-travaille-dans-un-bureau-de-presse-situe-a-letage-superieur-dun-batiment-abritant-un-poste-medical-civil\/#primaryimage"},"image":{"@id":"https:\/\/avcw.org\/fr\/recits-et-temoignages\/je-mappelle-a-kh-jai-travaille-dans-un-bureau-de-presse-situe-a-letage-superieur-dun-batiment-abritant-un-poste-medical-civil\/#primaryimage"},"thumbnailUrl":"https:\/\/avcw.org\/wp-content\/uploads\/2024\/03\/survivor_M-1.webp","datePublished":"2024-03-07T20:46:12+00:00","dateModified":"2024-03-08T22:14:17+00:00","breadcrumb":{"@id":"https:\/\/avcw.org\/fr\/recits-et-temoignages\/je-mappelle-a-kh-jai-travaille-dans-un-bureau-de-presse-situe-a-letage-superieur-dun-batiment-abritant-un-poste-medical-civil\/#breadcrumb"},"inLanguage":"fr-FR","potentialAction":[{"@type":"ReadAction","target":["https:\/\/avcw.org\/fr\/recits-et-temoignages\/je-mappelle-a-kh-jai-travaille-dans-un-bureau-de-presse-situe-a-letage-superieur-dun-batiment-abritant-un-poste-medical-civil\/"]}]},{"@type":"ImageObject","inLanguage":"fr-FR","@id":"https:\/\/avcw.org\/fr\/recits-et-temoignages\/je-mappelle-a-kh-jai-travaille-dans-un-bureau-de-presse-situe-a-letage-superieur-dun-batiment-abritant-un-poste-medical-civil\/#primaryimage","url":"https:\/\/avcw.org\/wp-content\/uploads\/2024\/03\/survivor_M-1.webp","contentUrl":"https:\/\/avcw.org\/wp-content\/uploads\/2024\/03\/survivor_M-1.webp","width":510,"height":628},{"@type":"BreadcrumbList","@id":"https:\/\/avcw.org\/fr\/recits-et-temoignages\/je-mappelle-a-kh-jai-travaille-dans-un-bureau-de-presse-situe-a-letage-superieur-dun-batiment-abritant-un-poste-medical-civil\/#breadcrumb","itemListElement":[{"@type":"ListItem","position":1,"name":"Home","item":"https:\/\/avcw.org\/"},{"@type":"ListItem","position":2,"name":"Je m&rsquo;appelle A. Kh. J&rsquo;ai travaill\u00e9 dans un bureau de presse situ\u00e9 \u00e0 l&rsquo;\u00e9tage sup\u00e9rieur d&rsquo;un b\u00e2timent abritant un poste m\u00e9dical civil"}]},{"@type":"WebSite","@id":"https:\/\/avcw.org\/#website","url":"https:\/\/avcw.org\/","name":"Association of Victims of Chemical Weapons","description":"","publisher":{"@id":"https:\/\/avcw.org\/#organization"},"potentialAction":[{"@type":"SearchAction","target":{"@type":"EntryPoint","urlTemplate":"https:\/\/avcw.org\/?s={search_term_string}"},"query-input":{"@type":"PropertyValueSpecification","valueRequired":true,"valueName":"search_term_string"}}],"inLanguage":"fr-FR"},{"@type":"Organization","@id":"https:\/\/avcw.org\/#organization","name":"Association of Victims of Chemical Weapons","url":"https:\/\/avcw.org\/","logo":{"@type":"ImageObject","inLanguage":"fr-FR","@id":"https:\/\/avcw.org\/#\/schema\/logo\/image\/","url":"https:\/\/avcw.org\/wp-content\/uploads\/2023\/07\/cropped-signal-2023-07-03-144739_002.jpg","contentUrl":"https:\/\/avcw.org\/wp-content\/uploads\/2023\/07\/cropped-signal-2023-07-03-144739_002.jpg","width":512,"height":512,"caption":"Association of Victims of Chemical Weapons"},"image":{"@id":"https:\/\/avcw.org\/#\/schema\/logo\/image\/"},"sameAs":["https:\/\/www.facebook.com\/AVCW.NGO\/","https:\/\/x.com\/avcw_org","https:\/\/www.youtube.com\/@avcw2013","https:\/\/www.instagram.com\/avcw_org\/"]},{"@type":"Person","@id":"https:\/\/avcw.org\/#\/schema\/person\/b3476fa296fba9be4d80a28ffca93f5e","name":"surround","image":{"@type":"ImageObject","inLanguage":"fr-FR","@id":"https:\/\/secure.gravatar.com\/avatar\/3aa39b4a8dc3a55febf7c9498cc5df0b3007386896275110c56938375c6cb42d?s=96&d=mm&r=g","url":"https:\/\/secure.gravatar.com\/avatar\/3aa39b4a8dc3a55febf7c9498cc5df0b3007386896275110c56938375c6cb42d?s=96&d=mm&r=g","contentUrl":"https:\/\/secure.gravatar.com\/avatar\/3aa39b4a8dc3a55febf7c9498cc5df0b3007386896275110c56938375c6cb42d?s=96&d=mm&r=g","caption":"surround"},"sameAs":["https:\/\/avcw.org"],"url":"https:\/\/avcw.org\/fr\/author\/surround\/"}]}},"_links":{"self":[{"href":"https:\/\/avcw.org\/fr\/wp-json\/wp\/v2\/posts\/2479","targetHints":{"allow":["GET"]}}],"collection":[{"href":"https:\/\/avcw.org\/fr\/wp-json\/wp\/v2\/posts"}],"about":[{"href":"https:\/\/avcw.org\/fr\/wp-json\/wp\/v2\/types\/post"}],"author":[{"embeddable":true,"href":"https:\/\/avcw.org\/fr\/wp-json\/wp\/v2\/users\/1"}],"replies":[{"embeddable":true,"href":"https:\/\/avcw.org\/fr\/wp-json\/wp\/v2\/comments?post=2479"}],"version-history":[{"count":1,"href":"https:\/\/avcw.org\/fr\/wp-json\/wp\/v2\/posts\/2479\/revisions"}],"predecessor-version":[{"id":2480,"href":"https:\/\/avcw.org\/fr\/wp-json\/wp\/v2\/posts\/2479\/revisions\/2480"}],"wp:featuredmedia":[{"embeddable":true,"href":"https:\/\/avcw.org\/fr\/wp-json\/wp\/v2\/media\/2519"}],"wp:attachment":[{"href":"https:\/\/avcw.org\/fr\/wp-json\/wp\/v2\/media?parent=2479"}],"wp:term":[{"taxonomy":"category","embeddable":true,"href":"https:\/\/avcw.org\/fr\/wp-json\/wp\/v2\/categories?post=2479"},{"taxonomy":"post_tag","embeddable":true,"href":"https:\/\/avcw.org\/fr\/wp-json\/wp\/v2\/tags?post=2479"}],"curies":[{"name":"wp","href":"https:\/\/api.w.org\/{rel}","templated":true}]}}