{"id":2495,"date":"2024-03-07T20:55:54","date_gmt":"2024-03-07T20:55:54","guid":{"rendered":"https:\/\/avcw.org\/?p=2495"},"modified":"2024-03-08T22:13:34","modified_gmt":"2024-03-08T22:13:34","slug":"2495","status":"publish","type":"post","link":"https:\/\/avcw.org\/fr\/recits-et-temoignages\/2495\/","title":{"rendered":"C&rsquo;\u00e9tait une v\u00e9ritable extermination pour notre famille. Nous avons perdu 33 personnes, entre membres de la famille proche et \u00e9largie, dans ce massacre."},"content":{"rendered":"\n<p>Mon t\u00e9moignage commence quelques jours apr\u00e8s l&rsquo;attaque, lorsque je me suis r\u00e9veill\u00e9 dans l&rsquo;h\u00f4pital de campagne de la Ghouta. Je n&rsquo;avais aucune conscience de ce qui m&rsquo;entourait, sauf une sensation intense de soif. L&rsquo;infirmi\u00e8re m&rsquo;a donn\u00e9 de l&rsquo;eau, j&rsquo;ai bu et j&rsquo;ai perdu conscience \u00e0 nouveau.<\/p>\n\n\n\n<p>Je perdais et reprenais conscience de mani\u00e8re irr\u00e9guli\u00e8re. Je n&rsquo;\u00e9tais pas consciente de l&rsquo;ampleur de la trag\u00e9die, car les sympt\u00f4mes de l&rsquo;intoxication au gaz sarin m&rsquo;ont caus\u00e9 un d\u00e9s\u00e9quilibre mental et physique.<\/p>\n\n\n\n<p>Pendant que je reprenais conscience \u00e0 l&rsquo;h\u00f4pital, un homme que nous connaissions est arriv\u00e9. Il cherchait sa fille. Il m&rsquo;a vu et m&rsquo;a demand\u00e9 \u00e0 son sujet. Je lui ai r\u00e9pondu que je n&rsquo;avais aucune information sur sa famille. Il est parti pr\u00e9cipitamment sans r\u00e9pondre \u00e0 mes questions.<\/p>\n\n\n\n<p>Cet homme a inform\u00e9 ma tante de ma pr\u00e9sence \u00e0 l&rsquo;h\u00f4pital. Elle est venue me chercher et m&rsquo;a ramen\u00e9 chez elle. Je lui ai demand\u00e9 de me raconter ce qui s&rsquo;\u00e9tait pass\u00e9.<\/p>\n\n\n\n<p>Elle m&rsquo;a r\u00e9pondu que nous avions \u00e9t\u00e9 victimes d&rsquo;un bombardement chimique. Je lui ai demand\u00e9 des nouvelles de ma m\u00e8re et de mes fr\u00e8res et s\u0153urs. Elle m&rsquo;a simplement dit que mon fr\u00e8re m&rsquo;attendait dans la chambre voisine, lui aussi bless\u00e9. J&rsquo;ai insist\u00e9 pour savoir \u00e0 propos de ma famille. C&rsquo;est alors que ma cousine m&rsquo;a appris que ma s\u0153ur Safa \u00e9tait d\u00e9c\u00e9d\u00e9e, intoxiqu\u00e9e par le gaz sarin.<\/p>\n\n\n\n<p>Lorsque je suis arriv\u00e9 dans la chambre o\u00f9 se trouvait mon fr\u00e8re, je lui ai demand\u00e9 o\u00f9 \u00e9tait ma m\u00e8re. Il a fondu en larmes et m&rsquo;a dit qu&rsquo;il ne restait plus personne.<\/p>\n\n\n\n<p>Tous sont morts, intoxiqu\u00e9s par le gaz sarin.<\/p>\n\n\n\n<p>Je n&rsquo;ai pas r\u00e9alis\u00e9 \u00e0 ce moment-l\u00e0 la dure r\u00e9alit\u00e9, qu&rsquo;il ne restait plus personne en vie dans ma famille, sauf mon fr\u00e8re et moi.. Tout le monde \u00e9tait litt\u00e9ralement mort.<\/p>\n\n\n\n<p>C&rsquo;\u00e9tait une v\u00e9ritable extermination pour notre famille. Nous avons perdu 33 personnes, entre membres de la famille proche et \u00e9largie, dans ce massacre.<\/p>\n\n\n\n<p>Les sympt\u00f4mes de l&rsquo;attaque ont dur\u00e9 environ 15 jours avant que je ne me r\u00e9tablisse compl\u00e8tement. Pendant cette p\u00e9riode, j&rsquo;ai souffert d&rsquo;hallucinations, de paroles incompr\u00e9hensibles, de douleurs physiques intenses, notamment \u00e0 la t\u00eate et aux yeux, et d&rsquo;une incapacit\u00e9 \u00e0 marcher.<\/p>\n\n\n\n<p>Pendant cette p\u00e9riode, j&rsquo;ai \u00e9galement d\u00e9couvert que j&rsquo;avais perdu la m\u00e9moire de cette nuit-l\u00e0 et de certains \u00e9v\u00e9nements pr\u00e9c\u00e9dents. Il semble que mon esprit n&rsquo;ait pas pu saisir l&rsquo;ampleur de l&rsquo;horreur qui s&rsquo;est produite alors, et qu&rsquo;il n&rsquo;\u00e9tait pas en mesure de supporter le choc, donc il a d\u00e9cid\u00e9 de l&rsquo;effacer jusqu&rsquo;\u00e0 pr\u00e9sent. Peut-\u00eatre que ce qui m&rsquo;est arriv\u00e9 \u00e9tait pour une raison voulue par Dieu&#8230;<\/p>\n\n\n\n<p>Nous consid\u00e9rons ceux que nous avons perdus comme des martyrs devant Dieu, et nous demandons \u00e0 Dieu de nous aider \u00e0 supporter leur perte et de gu\u00e9rir nos c\u0153urs bris\u00e9s.<strong><\/strong><\/p>\n","protected":false},"excerpt":{"rendered":"<p>Mon t\u00e9moignage commence quelques jours apr\u00e8s l&rsquo;attaque, lorsque je me suis r\u00e9veill\u00e9 dans l&rsquo;h\u00f4pital de campagne de la Ghouta. Je n&rsquo;avais aucune conscience de ce qui m&rsquo;entourait, sauf une sensation intense de soif. L&rsquo;infirmi\u00e8re m&rsquo;a donn\u00e9 de l&rsquo;eau, j&rsquo;ai bu et j&rsquo;ai perdu conscience \u00e0 nouveau. Je perdais et reprenais conscience de mani\u00e8re irr\u00e9guli\u00e8re. Je [&hellip;]<\/p>\n","protected":false},"author":1,"featured_media":2516,"comment_status":"open","ping_status":"closed","sticky":false,"template":"","format":"standard","meta":{"footnotes":""},"categories":[49],"tags":[],"class_list":["post-2495","post","type-post","status-publish","format-standard","has-post-thumbnail","hentry","category-recits-et-temoignages"],"yoast_head":"<!-- This site is optimized with the Yoast SEO plugin v27.5 - https:\/\/yoast.com\/product\/yoast-seo-wordpress\/ -->\n<title>C&#039;\u00e9tait une v\u00e9ritable extermination pour notre famille. Nous avons perdu 33 personnes, entre membres de la famille proche et \u00e9largie, dans ce massacre. - Association of Victims of Chemical Weapons<\/title>\n<meta name=\"robots\" content=\"index, follow, max-snippet:-1, max-image-preview:large, max-video-preview:-1\" \/>\n<link rel=\"canonical\" href=\"https:\/\/avcw.org\/fr\/recits-et-temoignages\/2495\/\" \/>\n<meta property=\"og:locale\" content=\"fr_FR\" \/>\n<meta property=\"og:type\" content=\"article\" \/>\n<meta property=\"og:title\" content=\"C&#039;\u00e9tait une v\u00e9ritable extermination pour notre famille. Nous avons perdu 33 personnes, entre membres de la famille proche et \u00e9largie, dans ce massacre. - Association of Victims of Chemical Weapons\" \/>\n<meta property=\"og:description\" content=\"Mon t\u00e9moignage commence quelques jours apr\u00e8s l&rsquo;attaque, lorsque je me suis r\u00e9veill\u00e9 dans l&rsquo;h\u00f4pital de campagne de la Ghouta. Je n&rsquo;avais aucune conscience de ce qui m&rsquo;entourait, sauf une sensation intense de soif. L&rsquo;infirmi\u00e8re m&rsquo;a donn\u00e9 de l&rsquo;eau, j&rsquo;ai bu et j&rsquo;ai perdu conscience \u00e0 nouveau. Je perdais et reprenais conscience de mani\u00e8re irr\u00e9guli\u00e8re. Je [&hellip;]\" \/>\n<meta property=\"og:url\" content=\"https:\/\/avcw.org\/fr\/recits-et-temoignages\/2495\/\" \/>\n<meta property=\"og:site_name\" content=\"Association of Victims of Chemical Weapons\" \/>\n<meta property=\"article:publisher\" content=\"https:\/\/www.facebook.com\/AVCW.NGO\/\" \/>\n<meta property=\"article:published_time\" content=\"2024-03-07T20:55:54+00:00\" \/>\n<meta property=\"article:modified_time\" content=\"2024-03-08T22:13:34+00:00\" \/>\n<meta property=\"og:image\" content=\"https:\/\/avcw.org\/wp-content\/uploads\/2024\/03\/survivor_F-1.webp\" \/>\n\t<meta property=\"og:image:width\" content=\"510\" \/>\n\t<meta property=\"og:image:height\" content=\"628\" \/>\n\t<meta property=\"og:image:type\" content=\"image\/webp\" \/>\n<meta name=\"author\" content=\"surround\" \/>\n<meta name=\"twitter:card\" content=\"summary_large_image\" \/>\n<meta name=\"twitter:creator\" content=\"@avcw_org\" \/>\n<meta name=\"twitter:site\" content=\"@avcw_org\" \/>\n<meta name=\"twitter:label1\" content=\"\u00c9crit par\" \/>\n\t<meta name=\"twitter:data1\" content=\"surround\" \/>\n\t<meta name=\"twitter:label2\" content=\"Dur\u00e9e de lecture estim\u00e9e\" \/>\n\t<meta name=\"twitter:data2\" content=\"3 minutes\" \/>\n<script type=\"application\/ld+json\" class=\"yoast-schema-graph\">{\"@context\":\"https:\\\/\\\/schema.org\",\"@graph\":[{\"@type\":\"Article\",\"@id\":\"https:\\\/\\\/avcw.org\\\/fr\\\/recits-et-temoignages\\\/2495\\\/#article\",\"isPartOf\":{\"@id\":\"https:\\\/\\\/avcw.org\\\/fr\\\/recits-et-temoignages\\\/2495\\\/\"},\"author\":{\"name\":\"surround\",\"@id\":\"https:\\\/\\\/avcw.org\\\/#\\\/schema\\\/person\\\/b3476fa296fba9be4d80a28ffca93f5e\"},\"headline\":\"C&rsquo;\u00e9tait une v\u00e9ritable extermination pour notre famille. Nous avons perdu 33 personnes, entre membres de la famille proche et \u00e9largie, dans ce massacre.\",\"datePublished\":\"2024-03-07T20:55:54+00:00\",\"dateModified\":\"2024-03-08T22:13:34+00:00\",\"mainEntityOfPage\":{\"@id\":\"https:\\\/\\\/avcw.org\\\/fr\\\/recits-et-temoignages\\\/2495\\\/\"},\"wordCount\":570,\"commentCount\":0,\"publisher\":{\"@id\":\"https:\\\/\\\/avcw.org\\\/#organization\"},\"image\":{\"@id\":\"https:\\\/\\\/avcw.org\\\/fr\\\/recits-et-temoignages\\\/2495\\\/#primaryimage\"},\"thumbnailUrl\":\"https:\\\/\\\/avcw.org\\\/wp-content\\\/uploads\\\/2024\\\/03\\\/survivor_F-1.webp\",\"articleSection\":[\"R\u00e9cits et t\u00e9moignages\"],\"inLanguage\":\"fr-FR\",\"potentialAction\":[{\"@type\":\"CommentAction\",\"name\":\"Comment\",\"target\":[\"https:\\\/\\\/avcw.org\\\/fr\\\/recits-et-temoignages\\\/2495\\\/#respond\"]}]},{\"@type\":\"WebPage\",\"@id\":\"https:\\\/\\\/avcw.org\\\/fr\\\/recits-et-temoignages\\\/2495\\\/\",\"url\":\"https:\\\/\\\/avcw.org\\\/fr\\\/recits-et-temoignages\\\/2495\\\/\",\"name\":\"C'\u00e9tait une v\u00e9ritable extermination pour notre famille. Nous avons perdu 33 personnes, entre membres de la famille proche et \u00e9largie, dans ce massacre. - Association of Victims of Chemical Weapons\",\"isPartOf\":{\"@id\":\"https:\\\/\\\/avcw.org\\\/#website\"},\"primaryImageOfPage\":{\"@id\":\"https:\\\/\\\/avcw.org\\\/fr\\\/recits-et-temoignages\\\/2495\\\/#primaryimage\"},\"image\":{\"@id\":\"https:\\\/\\\/avcw.org\\\/fr\\\/recits-et-temoignages\\\/2495\\\/#primaryimage\"},\"thumbnailUrl\":\"https:\\\/\\\/avcw.org\\\/wp-content\\\/uploads\\\/2024\\\/03\\\/survivor_F-1.webp\",\"datePublished\":\"2024-03-07T20:55:54+00:00\",\"dateModified\":\"2024-03-08T22:13:34+00:00\",\"breadcrumb\":{\"@id\":\"https:\\\/\\\/avcw.org\\\/fr\\\/recits-et-temoignages\\\/2495\\\/#breadcrumb\"},\"inLanguage\":\"fr-FR\",\"potentialAction\":[{\"@type\":\"ReadAction\",\"target\":[\"https:\\\/\\\/avcw.org\\\/fr\\\/recits-et-temoignages\\\/2495\\\/\"]}]},{\"@type\":\"ImageObject\",\"inLanguage\":\"fr-FR\",\"@id\":\"https:\\\/\\\/avcw.org\\\/fr\\\/recits-et-temoignages\\\/2495\\\/#primaryimage\",\"url\":\"https:\\\/\\\/avcw.org\\\/wp-content\\\/uploads\\\/2024\\\/03\\\/survivor_F-1.webp\",\"contentUrl\":\"https:\\\/\\\/avcw.org\\\/wp-content\\\/uploads\\\/2024\\\/03\\\/survivor_F-1.webp\",\"width\":510,\"height\":628},{\"@type\":\"BreadcrumbList\",\"@id\":\"https:\\\/\\\/avcw.org\\\/fr\\\/recits-et-temoignages\\\/2495\\\/#breadcrumb\",\"itemListElement\":[{\"@type\":\"ListItem\",\"position\":1,\"name\":\"Home\",\"item\":\"https:\\\/\\\/avcw.org\\\/\"},{\"@type\":\"ListItem\",\"position\":2,\"name\":\"C&rsquo;\u00e9tait une v\u00e9ritable extermination pour notre famille. Nous avons perdu 33 personnes, entre membres de la famille proche et \u00e9largie, dans ce massacre.\"}]},{\"@type\":\"WebSite\",\"@id\":\"https:\\\/\\\/avcw.org\\\/#website\",\"url\":\"https:\\\/\\\/avcw.org\\\/\",\"name\":\"Association of Victims of Chemical Weapons\",\"description\":\"\",\"publisher\":{\"@id\":\"https:\\\/\\\/avcw.org\\\/#organization\"},\"potentialAction\":[{\"@type\":\"SearchAction\",\"target\":{\"@type\":\"EntryPoint\",\"urlTemplate\":\"https:\\\/\\\/avcw.org\\\/?s={search_term_string}\"},\"query-input\":{\"@type\":\"PropertyValueSpecification\",\"valueRequired\":true,\"valueName\":\"search_term_string\"}}],\"inLanguage\":\"fr-FR\"},{\"@type\":\"Organization\",\"@id\":\"https:\\\/\\\/avcw.org\\\/#organization\",\"name\":\"Association of Victims of Chemical Weapons\",\"url\":\"https:\\\/\\\/avcw.org\\\/\",\"logo\":{\"@type\":\"ImageObject\",\"inLanguage\":\"fr-FR\",\"@id\":\"https:\\\/\\\/avcw.org\\\/#\\\/schema\\\/logo\\\/image\\\/\",\"url\":\"https:\\\/\\\/avcw.org\\\/wp-content\\\/uploads\\\/2023\\\/07\\\/cropped-signal-2023-07-03-144739_002.jpg\",\"contentUrl\":\"https:\\\/\\\/avcw.org\\\/wp-content\\\/uploads\\\/2023\\\/07\\\/cropped-signal-2023-07-03-144739_002.jpg\",\"width\":512,\"height\":512,\"caption\":\"Association of Victims of Chemical Weapons\"},\"image\":{\"@id\":\"https:\\\/\\\/avcw.org\\\/#\\\/schema\\\/logo\\\/image\\\/\"},\"sameAs\":[\"https:\\\/\\\/www.facebook.com\\\/AVCW.NGO\\\/\",\"https:\\\/\\\/x.com\\\/avcw_org\",\"https:\\\/\\\/www.youtube.com\\\/@avcw2013\",\"https:\\\/\\\/www.instagram.com\\\/avcw_org\\\/\"]},{\"@type\":\"Person\",\"@id\":\"https:\\\/\\\/avcw.org\\\/#\\\/schema\\\/person\\\/b3476fa296fba9be4d80a28ffca93f5e\",\"name\":\"surround\",\"image\":{\"@type\":\"ImageObject\",\"inLanguage\":\"fr-FR\",\"@id\":\"https:\\\/\\\/secure.gravatar.com\\\/avatar\\\/3aa39b4a8dc3a55febf7c9498cc5df0b3007386896275110c56938375c6cb42d?s=96&d=mm&r=g\",\"url\":\"https:\\\/\\\/secure.gravatar.com\\\/avatar\\\/3aa39b4a8dc3a55febf7c9498cc5df0b3007386896275110c56938375c6cb42d?s=96&d=mm&r=g\",\"contentUrl\":\"https:\\\/\\\/secure.gravatar.com\\\/avatar\\\/3aa39b4a8dc3a55febf7c9498cc5df0b3007386896275110c56938375c6cb42d?s=96&d=mm&r=g\",\"caption\":\"surround\"},\"sameAs\":[\"https:\\\/\\\/avcw.org\"],\"url\":\"https:\\\/\\\/avcw.org\\\/fr\\\/author\\\/surround\\\/\"}]}<\/script>\n<!-- \/ Yoast SEO plugin. -->","yoast_head_json":{"title":"C'\u00e9tait une v\u00e9ritable extermination pour notre famille. Nous avons perdu 33 personnes, entre membres de la famille proche et \u00e9largie, dans ce massacre. - Association of Victims of Chemical Weapons","robots":{"index":"index","follow":"follow","max-snippet":"max-snippet:-1","max-image-preview":"max-image-preview:large","max-video-preview":"max-video-preview:-1"},"canonical":"https:\/\/avcw.org\/fr\/recits-et-temoignages\/2495\/","og_locale":"fr_FR","og_type":"article","og_title":"C'\u00e9tait une v\u00e9ritable extermination pour notre famille. Nous avons perdu 33 personnes, entre membres de la famille proche et \u00e9largie, dans ce massacre. - Association of Victims of Chemical Weapons","og_description":"Mon t\u00e9moignage commence quelques jours apr\u00e8s l&rsquo;attaque, lorsque je me suis r\u00e9veill\u00e9 dans l&rsquo;h\u00f4pital de campagne de la Ghouta. Je n&rsquo;avais aucune conscience de ce qui m&rsquo;entourait, sauf une sensation intense de soif. L&rsquo;infirmi\u00e8re m&rsquo;a donn\u00e9 de l&rsquo;eau, j&rsquo;ai bu et j&rsquo;ai perdu conscience \u00e0 nouveau. Je perdais et reprenais conscience de mani\u00e8re irr\u00e9guli\u00e8re. Je [&hellip;]","og_url":"https:\/\/avcw.org\/fr\/recits-et-temoignages\/2495\/","og_site_name":"Association of Victims of Chemical Weapons","article_publisher":"https:\/\/www.facebook.com\/AVCW.NGO\/","article_published_time":"2024-03-07T20:55:54+00:00","article_modified_time":"2024-03-08T22:13:34+00:00","og_image":[{"width":510,"height":628,"url":"https:\/\/avcw.org\/wp-content\/uploads\/2024\/03\/survivor_F-1.webp","type":"image\/webp"}],"author":"surround","twitter_card":"summary_large_image","twitter_creator":"@avcw_org","twitter_site":"@avcw_org","twitter_misc":{"\u00c9crit par":"surround","Dur\u00e9e de lecture estim\u00e9e":"3 minutes"},"schema":{"@context":"https:\/\/schema.org","@graph":[{"@type":"Article","@id":"https:\/\/avcw.org\/fr\/recits-et-temoignages\/2495\/#article","isPartOf":{"@id":"https:\/\/avcw.org\/fr\/recits-et-temoignages\/2495\/"},"author":{"name":"surround","@id":"https:\/\/avcw.org\/#\/schema\/person\/b3476fa296fba9be4d80a28ffca93f5e"},"headline":"C&rsquo;\u00e9tait une v\u00e9ritable extermination pour notre famille. Nous avons perdu 33 personnes, entre membres de la famille proche et \u00e9largie, dans ce massacre.","datePublished":"2024-03-07T20:55:54+00:00","dateModified":"2024-03-08T22:13:34+00:00","mainEntityOfPage":{"@id":"https:\/\/avcw.org\/fr\/recits-et-temoignages\/2495\/"},"wordCount":570,"commentCount":0,"publisher":{"@id":"https:\/\/avcw.org\/#organization"},"image":{"@id":"https:\/\/avcw.org\/fr\/recits-et-temoignages\/2495\/#primaryimage"},"thumbnailUrl":"https:\/\/avcw.org\/wp-content\/uploads\/2024\/03\/survivor_F-1.webp","articleSection":["R\u00e9cits et t\u00e9moignages"],"inLanguage":"fr-FR","potentialAction":[{"@type":"CommentAction","name":"Comment","target":["https:\/\/avcw.org\/fr\/recits-et-temoignages\/2495\/#respond"]}]},{"@type":"WebPage","@id":"https:\/\/avcw.org\/fr\/recits-et-temoignages\/2495\/","url":"https:\/\/avcw.org\/fr\/recits-et-temoignages\/2495\/","name":"C'\u00e9tait une v\u00e9ritable extermination pour notre famille. Nous avons perdu 33 personnes, entre membres de la famille proche et \u00e9largie, dans ce massacre. - Association of Victims of Chemical Weapons","isPartOf":{"@id":"https:\/\/avcw.org\/#website"},"primaryImageOfPage":{"@id":"https:\/\/avcw.org\/fr\/recits-et-temoignages\/2495\/#primaryimage"},"image":{"@id":"https:\/\/avcw.org\/fr\/recits-et-temoignages\/2495\/#primaryimage"},"thumbnailUrl":"https:\/\/avcw.org\/wp-content\/uploads\/2024\/03\/survivor_F-1.webp","datePublished":"2024-03-07T20:55:54+00:00","dateModified":"2024-03-08T22:13:34+00:00","breadcrumb":{"@id":"https:\/\/avcw.org\/fr\/recits-et-temoignages\/2495\/#breadcrumb"},"inLanguage":"fr-FR","potentialAction":[{"@type":"ReadAction","target":["https:\/\/avcw.org\/fr\/recits-et-temoignages\/2495\/"]}]},{"@type":"ImageObject","inLanguage":"fr-FR","@id":"https:\/\/avcw.org\/fr\/recits-et-temoignages\/2495\/#primaryimage","url":"https:\/\/avcw.org\/wp-content\/uploads\/2024\/03\/survivor_F-1.webp","contentUrl":"https:\/\/avcw.org\/wp-content\/uploads\/2024\/03\/survivor_F-1.webp","width":510,"height":628},{"@type":"BreadcrumbList","@id":"https:\/\/avcw.org\/fr\/recits-et-temoignages\/2495\/#breadcrumb","itemListElement":[{"@type":"ListItem","position":1,"name":"Home","item":"https:\/\/avcw.org\/"},{"@type":"ListItem","position":2,"name":"C&rsquo;\u00e9tait une v\u00e9ritable extermination pour notre famille. Nous avons perdu 33 personnes, entre membres de la famille proche et \u00e9largie, dans ce massacre."}]},{"@type":"WebSite","@id":"https:\/\/avcw.org\/#website","url":"https:\/\/avcw.org\/","name":"Association of Victims of Chemical Weapons","description":"","publisher":{"@id":"https:\/\/avcw.org\/#organization"},"potentialAction":[{"@type":"SearchAction","target":{"@type":"EntryPoint","urlTemplate":"https:\/\/avcw.org\/?s={search_term_string}"},"query-input":{"@type":"PropertyValueSpecification","valueRequired":true,"valueName":"search_term_string"}}],"inLanguage":"fr-FR"},{"@type":"Organization","@id":"https:\/\/avcw.org\/#organization","name":"Association of Victims of Chemical Weapons","url":"https:\/\/avcw.org\/","logo":{"@type":"ImageObject","inLanguage":"fr-FR","@id":"https:\/\/avcw.org\/#\/schema\/logo\/image\/","url":"https:\/\/avcw.org\/wp-content\/uploads\/2023\/07\/cropped-signal-2023-07-03-144739_002.jpg","contentUrl":"https:\/\/avcw.org\/wp-content\/uploads\/2023\/07\/cropped-signal-2023-07-03-144739_002.jpg","width":512,"height":512,"caption":"Association of Victims of Chemical Weapons"},"image":{"@id":"https:\/\/avcw.org\/#\/schema\/logo\/image\/"},"sameAs":["https:\/\/www.facebook.com\/AVCW.NGO\/","https:\/\/x.com\/avcw_org","https:\/\/www.youtube.com\/@avcw2013","https:\/\/www.instagram.com\/avcw_org\/"]},{"@type":"Person","@id":"https:\/\/avcw.org\/#\/schema\/person\/b3476fa296fba9be4d80a28ffca93f5e","name":"surround","image":{"@type":"ImageObject","inLanguage":"fr-FR","@id":"https:\/\/secure.gravatar.com\/avatar\/3aa39b4a8dc3a55febf7c9498cc5df0b3007386896275110c56938375c6cb42d?s=96&d=mm&r=g","url":"https:\/\/secure.gravatar.com\/avatar\/3aa39b4a8dc3a55febf7c9498cc5df0b3007386896275110c56938375c6cb42d?s=96&d=mm&r=g","contentUrl":"https:\/\/secure.gravatar.com\/avatar\/3aa39b4a8dc3a55febf7c9498cc5df0b3007386896275110c56938375c6cb42d?s=96&d=mm&r=g","caption":"surround"},"sameAs":["https:\/\/avcw.org"],"url":"https:\/\/avcw.org\/fr\/author\/surround\/"}]}},"_links":{"self":[{"href":"https:\/\/avcw.org\/fr\/wp-json\/wp\/v2\/posts\/2495","targetHints":{"allow":["GET"]}}],"collection":[{"href":"https:\/\/avcw.org\/fr\/wp-json\/wp\/v2\/posts"}],"about":[{"href":"https:\/\/avcw.org\/fr\/wp-json\/wp\/v2\/types\/post"}],"author":[{"embeddable":true,"href":"https:\/\/avcw.org\/fr\/wp-json\/wp\/v2\/users\/1"}],"replies":[{"embeddable":true,"href":"https:\/\/avcw.org\/fr\/wp-json\/wp\/v2\/comments?post=2495"}],"version-history":[{"count":3,"href":"https:\/\/avcw.org\/fr\/wp-json\/wp\/v2\/posts\/2495\/revisions"}],"predecessor-version":[{"id":2499,"href":"https:\/\/avcw.org\/fr\/wp-json\/wp\/v2\/posts\/2495\/revisions\/2499"}],"wp:featuredmedia":[{"embeddable":true,"href":"https:\/\/avcw.org\/fr\/wp-json\/wp\/v2\/media\/2516"}],"wp:attachment":[{"href":"https:\/\/avcw.org\/fr\/wp-json\/wp\/v2\/media?parent=2495"}],"wp:term":[{"taxonomy":"category","embeddable":true,"href":"https:\/\/avcw.org\/fr\/wp-json\/wp\/v2\/categories?post=2495"},{"taxonomy":"post_tag","embeddable":true,"href":"https:\/\/avcw.org\/fr\/wp-json\/wp\/v2\/tags?post=2495"}],"curies":[{"name":"wp","href":"https:\/\/api.w.org\/{rel}","templated":true}]}}