{"id":2504,"date":"2024-03-08T21:54:41","date_gmt":"2024-03-08T21:54:41","guid":{"rendered":"https:\/\/avcw.org\/?p=2504"},"modified":"2024-03-08T22:11:36","modified_gmt":"2024-03-08T22:11:36","slug":"je-suis-haytham-al-badawi-originaire-de-jobar-au-moment-de-la-terrible-attaque-chimique","status":"publish","type":"post","link":"https:\/\/avcw.org\/fr\/recits-et-temoignages\/je-suis-haytham-al-badawi-originaire-de-jobar-au-moment-de-la-terrible-attaque-chimique\/","title":{"rendered":"Je suis Haytham Al-Badawi, originaire de Jobar. Au moment de la terrible attaque chimique"},"content":{"rendered":"\n<p>Je suis Haytham Al-Badawi, originaire de Jobar. Au moment de la terrible attaque chimique du 21 ao\u00fbt 2013, je travaillais dans un centre m\u00e9dical.<\/p>\n\n\n\n<p>L&rsquo;attaque a eu lieu tard dans la nuit, en plein \u00e9t\u00e9, alors que l&rsquo;air \u00e9tait immobile. Le choix du moment n&rsquo;\u00e9tait pas fortuit : les bombes ont \u00e9t\u00e9 largu\u00e9es \u00e0 1h20 du matin, pendant la phase de sommeil la plus profonde<\/p>\n\n\n\n<p>Durant cette p\u00e9riode, nous \u00e9tions assi\u00e9g\u00e9s et isol\u00e9s du monde dans la Ghouta orientale. Nous avons subi des bombardements de missiles transportant du gaz sarin, provenant approximativement de la zone du stade Al-Abbasiyin ou du panorama de la guerre de Tishreen.<\/p>\n\n\n\n<p>\u00c0 l&rsquo;\u00e9poque, nous pensions que les roquettes et les obus \u00e9taient ordinaires car nous \u00e9tions habitu\u00e9s \u00e0 ce que des projectiles tombent quotidiennement sur les quartiers r\u00e9sidentiels. En tant que centre m\u00e9dical, certains d&rsquo;entre nous \u00e9taient mobilis\u00e9s la nuit pour porter secours aux victimes ou pour les accueillir apr\u00e8s les bombardements quotidiens. <\/p>\n\n\n\n<p>Cette nuit-l\u00e0, j&rsquo;\u00e9tais sur le toit du b\u00e2timent o\u00f9 je r\u00e9sidais, qui se trouvait \u00e0 proximit\u00e9 du centre m\u00e9dical. Le bruit des obus \u00e9tait \u00e9trange cette nuit-l\u00e0, j&rsquo;ai observ\u00e9 l&rsquo;endroit o\u00f9 ces obus tombaient.<\/p>\n\n\n\n<p>J&rsquo;ai attendu quelques minutes comme d&rsquo;habitude avant de me rendre sur le lieu du bombardement. J&rsquo;ai attendu un appel ou un signal de d\u00e9tresse, mais rien n&rsquo;est venu \u00e0 ce moment-l\u00e0. J&rsquo;ai attendu quelques minutes de plus, puis les civils bless\u00e9s ont commenc\u00e9 \u00e0 affluer, mais leurs blessures \u00e9taient sans saignement.<\/p>\n\n\n\n<p>Les sympt\u00f4mes apparents des victimes \u00e9taient les suivants : mousse sortant de la bouche, mouvements involontaires, yeux exorbit\u00e9s et essoufflement. Certaines personnes avaient de la mousse qui sortait de leur bouche mais ne respiraient plus, car elles \u00e9taient mortes \u00e9touff\u00e9es par le gaz.<\/p>\n\n\n\n<p>J&rsquo;ai appel\u00e9 la salle des op\u00e9rations responsable de la coordination des communications entre les points m\u00e9dicaux pour demander des informations disponibles, mais la r\u00e9ponse \u00e9tait qu&rsquo;ils n&rsquo;avaient pas d&rsquo;informations pr\u00e9cises, et ils m&rsquo;ont renvoy\u00e9 la question. J&rsquo;ai alors dit que je constatais des cas \u00e9tranges que je rencontrais pour la premi\u00e8re fois et que je pense que nous sommes victimes d&rsquo;une attaque aux armes chimiques.<strong><\/strong><\/p>\n\n\n\n<p>\u00c0 ce moment-l\u00e0, j&rsquo;ai commenc\u00e9 \u00e0 contacter les points m\u00e9dicaux de la Ghouta et \u00e0 leur dire que nous \u00e9tions victimes d&rsquo;un bombardement \u00e0 l&rsquo;arme chimique. \u00c0 deux heures du matin, l&rsquo;alerte m\u00e9dicale g\u00e9n\u00e9rale a \u00e9t\u00e9 d\u00e9clench\u00e9e dans la Ghouta et tous les professionnels de la sant\u00e9 et les secouristes ont \u00e9t\u00e9 inform\u00e9s de la n\u00e9cessit\u00e9 de se rendre aux points m\u00e9dicaux. Les op\u00e9rations de secours ont commenc\u00e9 pour tenter de sauver les bless\u00e9s dans les zones qui ont \u00e9t\u00e9 bombard\u00e9es.<\/p>\n\n\n\n<p>Des op\u00e9rations d&rsquo;\u00e9vacuation massives ont eu lieu \u00e0 Zamalka, Jobar et Ein Tarma. Je les ai appel\u00e9es \u00ab\u00a0op\u00e9rations d&rsquo;\u00e9vacuation massives\u00a0\u00bb car elles ont dur\u00e9 de longues heures de travail difficiles, au cours desquelles nous avons \u00e9puis\u00e9 toute notre \u00e9nergie et nos stocks m\u00e9dicaux de consommables et de carburant.<\/p>\n\n\n\n<p>Tout ce qui avait \u00e9t\u00e9 stock\u00e9 de 2012 \u00e0 2013 a \u00e9t\u00e9 consomm\u00e9. En l&rsquo;espace de trois heures, nos principaux entrep\u00f4ts \u00e0 Ain Terma et Jobar ont \u00e9t\u00e9 compl\u00e8tement vid\u00e9s de leurs provisions.<\/p>\n\n\n\n<p>Pour certaines zones bombard\u00e9es&nbsp;:<\/p>\n\n\n\n<p>La premi\u00e8re zone touch\u00e9e \u00e9tait la zone de Zainiyah et ses environs. Cette zone est la plus dens\u00e9ment peupl\u00e9e du quartier de Jobar. Des projectiles sont tomb\u00e9s sur la zone de Zineh, causant un grand nombre de victimes, dont des familles enti\u00e8res.<\/p>\n\n\n\n<p>La deuxi\u00e8me zone touch\u00e9e, o\u00f9 des missiles contenant du gaz sarin sont tomb\u00e9s, est la zone d&rsquo;Al-Bashair \u00e0 Ain Terma, elle est \u00e9galement dens\u00e9ment peupl\u00e9e.<\/p>\n\n\n\n<p>La troisi\u00e8me zone est la zone agricole de Zamalka, \u00e9galement connue sous le nom de p\u00e9riph\u00e9rie de la mosqu\u00e9e Al-Tawfiq. C&rsquo;est une zone dens\u00e9ment peupl\u00e9e o\u00f9 de nombreuses victimes sont tomb\u00e9es.<\/p>\n\n\n\n<p>La quatri\u00e8me zone touch\u00e9e est la zone de la mosqu\u00e9e Al-Adnan, qui a \u00e9galement \u00e9t\u00e9 bombard\u00e9e.<\/p>\n\n\n\n<p>Pendant l&rsquo;op\u00e9ration d&rsquo;\u00e9vacuation, j&rsquo;ai \u00e9t\u00e9 t\u00e9moin du d\u00e9c\u00e8s de A.H. et de sa famille. Je me suis rendu dans la maison voisine, celle de mon ami B.M. J&rsquo;ai r\u00e9ussi \u00e0 le sauver de mes propres mains, mais malheureusement, sa belle-m\u00e8re est d\u00e9c\u00e9d\u00e9e \u00e0 ce moment-l\u00e0. Je me souviens encore de son visage&#8230;Elle \u00e9tait morte, la main sur la poitrine et l&rsquo;autre lev\u00e9e vers la gorge, essayant de soulager l&rsquo;oppression respiratoire qu\u2019elle ressentait. Elle ne savait pas qu&rsquo;elle avait respir\u00e9 des gaz toxiques.<\/p>\n\n\n\n<p>Au fil du temps, notre \u00e9tat s&rsquo;est aggrav\u00e9. \u00c0 la fin des premi\u00e8res heures, vers cinq heures du matin, j&rsquo;ai ressenti une fatigue intense. J&rsquo;ai alors \u00e9t\u00e9 conduit aux soins m\u00e9dicaux o\u00f9 j&rsquo;ai pu retrouver mes esprits. Les m\u00e9decins m&rsquo;ont donn\u00e9 les premiers soins, tout comme aux autres bless\u00e9s, en raison de notre exposition aux gaz toxiques.<\/p>\n\n\n\n<p>La proc\u00e9dure de secours que nous avons suivie consistait \u00e0 placer la personne bless\u00e9e sur des bouteilles d&rsquo;oxyg\u00e8ne ou des g\u00e9n\u00e9rateurs d&rsquo;oxyg\u00e8ne disponibles, \u00e0 lui injecter de l&rsquo;atropine, en plus de lui retirer ses v\u00eatements et de le laver \u00e0 l&rsquo;eau pour \u00e9liminer les traces de gaz pi\u00e9g\u00e9es dans ses v\u00eatements.<\/p>\n\n\n\n<p>Ce protocole \u00e9tait appliqu\u00e9 dans tous les points m\u00e9dicaux. Je me souviens que ces points et les h\u00f4pitaux se sont transform\u00e9s en bains publics \u00e0 cause de la quantit\u00e9 d&rsquo;eau utilis\u00e9e. Des milliers de victimes et de membres du personnel soignant ont d\u00fb se laver pour se d\u00e9barrasser du gaz. Cette nuit-l\u00e0, nous n&rsquo;avions plus aucune ressource m\u00e9dicale utilisable pour quelque intervention que ce soit.<\/p>\n\n\n\n<p>Le nombre de victimes \u00e9tait \u00e9norme, d\u00e9passant les 1500 martyrs et des milliers de bless\u00e9s. Imaginez 1500 victimes en trois heures seulement ! C&rsquo;\u00e9tait comme une autre guerre mondiale, avec une ambiance de jour du Jugement dernier.<\/p>\n\n\n\n<p>On ne sait pas ce qui se passe ni ce qui va arriver. On travaillait d&rsquo;arrache-pied, sans penser \u00e0 autre chose qu&rsquo;\u00e0 la mort.<\/p>\n\n\n\n<p>Je tiens le r\u00e9gime syrien enti\u00e8rement responsable. Apr\u00e8s l&rsquo;attaque chimique, il a lanc\u00e9 de violentes attaques d&rsquo;artillerie et de missiles pour tuer les survivants et entraver les op\u00e9rations de secours et d&rsquo;\u00e9vacuation m\u00e9dicale.<\/p>\n","protected":false},"excerpt":{"rendered":"<p>Je suis Haytham Al-Badawi, originaire de Jobar. Au moment de la terrible attaque chimique du 21 ao\u00fbt 2013, je travaillais dans un centre m\u00e9dical. L&rsquo;attaque a eu lieu tard dans la nuit, en plein \u00e9t\u00e9, alors que l&rsquo;air \u00e9tait immobile. Le choix du moment n&rsquo;\u00e9tait pas fortuit : les bombes ont \u00e9t\u00e9 largu\u00e9es \u00e0 1h20 [&hellip;]<\/p>\n","protected":false},"author":1,"featured_media":2519,"comment_status":"open","ping_status":"closed","sticky":false,"template":"","format":"standard","meta":{"footnotes":""},"categories":[49],"tags":[],"class_list":["post-2504","post","type-post","status-publish","format-standard","has-post-thumbnail","hentry","category-recits-et-temoignages"],"yoast_head":"<!-- This site is optimized with the Yoast SEO plugin v27.5 - https:\/\/yoast.com\/product\/yoast-seo-wordpress\/ -->\n<title>Je suis Haytham Al-Badawi, originaire de Jobar. Au moment de la terrible attaque chimique - Association of Victims of Chemical Weapons<\/title>\n<meta name=\"robots\" content=\"index, follow, max-snippet:-1, max-image-preview:large, max-video-preview:-1\" \/>\n<link rel=\"canonical\" href=\"https:\/\/avcw.org\/fr\/recits-et-temoignages\/je-suis-haytham-al-badawi-originaire-de-jobar-au-moment-de-la-terrible-attaque-chimique\/\" \/>\n<meta property=\"og:locale\" content=\"fr_FR\" \/>\n<meta property=\"og:type\" content=\"article\" \/>\n<meta property=\"og:title\" content=\"Je suis Haytham Al-Badawi, originaire de Jobar. Au moment de la terrible attaque chimique - Association of Victims of Chemical Weapons\" \/>\n<meta property=\"og:description\" content=\"Je suis Haytham Al-Badawi, originaire de Jobar. Au moment de la terrible attaque chimique du 21 ao\u00fbt 2013, je travaillais dans un centre m\u00e9dical. L&rsquo;attaque a eu lieu tard dans la nuit, en plein \u00e9t\u00e9, alors que l&rsquo;air \u00e9tait immobile. Le choix du moment n&rsquo;\u00e9tait pas fortuit : les bombes ont \u00e9t\u00e9 largu\u00e9es \u00e0 1h20 [&hellip;]\" \/>\n<meta property=\"og:url\" content=\"https:\/\/avcw.org\/fr\/recits-et-temoignages\/je-suis-haytham-al-badawi-originaire-de-jobar-au-moment-de-la-terrible-attaque-chimique\/\" \/>\n<meta property=\"og:site_name\" content=\"Association of Victims of Chemical Weapons\" \/>\n<meta property=\"article:publisher\" content=\"https:\/\/www.facebook.com\/AVCW.NGO\/\" \/>\n<meta property=\"article:published_time\" content=\"2024-03-08T21:54:41+00:00\" \/>\n<meta property=\"article:modified_time\" content=\"2024-03-08T22:11:36+00:00\" \/>\n<meta property=\"og:image\" content=\"https:\/\/avcw.org\/wp-content\/uploads\/2024\/03\/survivor_M-1.webp\" \/>\n\t<meta property=\"og:image:width\" content=\"510\" \/>\n\t<meta property=\"og:image:height\" content=\"628\" \/>\n\t<meta property=\"og:image:type\" content=\"image\/webp\" \/>\n<meta name=\"author\" content=\"surround\" \/>\n<meta name=\"twitter:card\" content=\"summary_large_image\" \/>\n<meta name=\"twitter:creator\" content=\"@avcw_org\" \/>\n<meta name=\"twitter:site\" content=\"@avcw_org\" \/>\n<meta name=\"twitter:label1\" content=\"\u00c9crit par\" \/>\n\t<meta name=\"twitter:data1\" content=\"surround\" \/>\n\t<meta name=\"twitter:label2\" content=\"Dur\u00e9e de lecture estim\u00e9e\" \/>\n\t<meta name=\"twitter:data2\" content=\"5 minutes\" \/>\n<script type=\"application\/ld+json\" class=\"yoast-schema-graph\">{\"@context\":\"https:\\\/\\\/schema.org\",\"@graph\":[{\"@type\":\"Article\",\"@id\":\"https:\\\/\\\/avcw.org\\\/fr\\\/recits-et-temoignages\\\/je-suis-haytham-al-badawi-originaire-de-jobar-au-moment-de-la-terrible-attaque-chimique\\\/#article\",\"isPartOf\":{\"@id\":\"https:\\\/\\\/avcw.org\\\/fr\\\/recits-et-temoignages\\\/je-suis-haytham-al-badawi-originaire-de-jobar-au-moment-de-la-terrible-attaque-chimique\\\/\"},\"author\":{\"name\":\"surround\",\"@id\":\"https:\\\/\\\/avcw.org\\\/#\\\/schema\\\/person\\\/b3476fa296fba9be4d80a28ffca93f5e\"},\"headline\":\"Je suis Haytham Al-Badawi, originaire de Jobar. Au moment de la terrible attaque chimique\",\"datePublished\":\"2024-03-08T21:54:41+00:00\",\"dateModified\":\"2024-03-08T22:11:36+00:00\",\"mainEntityOfPage\":{\"@id\":\"https:\\\/\\\/avcw.org\\\/fr\\\/recits-et-temoignages\\\/je-suis-haytham-al-badawi-originaire-de-jobar-au-moment-de-la-terrible-attaque-chimique\\\/\"},\"wordCount\":1123,\"commentCount\":0,\"publisher\":{\"@id\":\"https:\\\/\\\/avcw.org\\\/#organization\"},\"image\":{\"@id\":\"https:\\\/\\\/avcw.org\\\/fr\\\/recits-et-temoignages\\\/je-suis-haytham-al-badawi-originaire-de-jobar-au-moment-de-la-terrible-attaque-chimique\\\/#primaryimage\"},\"thumbnailUrl\":\"https:\\\/\\\/avcw.org\\\/wp-content\\\/uploads\\\/2024\\\/03\\\/survivor_M-1.webp\",\"articleSection\":[\"R\u00e9cits et t\u00e9moignages\"],\"inLanguage\":\"fr-FR\",\"potentialAction\":[{\"@type\":\"CommentAction\",\"name\":\"Comment\",\"target\":[\"https:\\\/\\\/avcw.org\\\/fr\\\/recits-et-temoignages\\\/je-suis-haytham-al-badawi-originaire-de-jobar-au-moment-de-la-terrible-attaque-chimique\\\/#respond\"]}]},{\"@type\":\"WebPage\",\"@id\":\"https:\\\/\\\/avcw.org\\\/fr\\\/recits-et-temoignages\\\/je-suis-haytham-al-badawi-originaire-de-jobar-au-moment-de-la-terrible-attaque-chimique\\\/\",\"url\":\"https:\\\/\\\/avcw.org\\\/fr\\\/recits-et-temoignages\\\/je-suis-haytham-al-badawi-originaire-de-jobar-au-moment-de-la-terrible-attaque-chimique\\\/\",\"name\":\"Je suis Haytham Al-Badawi, originaire de Jobar. Au moment de la terrible attaque chimique - Association of Victims of Chemical Weapons\",\"isPartOf\":{\"@id\":\"https:\\\/\\\/avcw.org\\\/#website\"},\"primaryImageOfPage\":{\"@id\":\"https:\\\/\\\/avcw.org\\\/fr\\\/recits-et-temoignages\\\/je-suis-haytham-al-badawi-originaire-de-jobar-au-moment-de-la-terrible-attaque-chimique\\\/#primaryimage\"},\"image\":{\"@id\":\"https:\\\/\\\/avcw.org\\\/fr\\\/recits-et-temoignages\\\/je-suis-haytham-al-badawi-originaire-de-jobar-au-moment-de-la-terrible-attaque-chimique\\\/#primaryimage\"},\"thumbnailUrl\":\"https:\\\/\\\/avcw.org\\\/wp-content\\\/uploads\\\/2024\\\/03\\\/survivor_M-1.webp\",\"datePublished\":\"2024-03-08T21:54:41+00:00\",\"dateModified\":\"2024-03-08T22:11:36+00:00\",\"breadcrumb\":{\"@id\":\"https:\\\/\\\/avcw.org\\\/fr\\\/recits-et-temoignages\\\/je-suis-haytham-al-badawi-originaire-de-jobar-au-moment-de-la-terrible-attaque-chimique\\\/#breadcrumb\"},\"inLanguage\":\"fr-FR\",\"potentialAction\":[{\"@type\":\"ReadAction\",\"target\":[\"https:\\\/\\\/avcw.org\\\/fr\\\/recits-et-temoignages\\\/je-suis-haytham-al-badawi-originaire-de-jobar-au-moment-de-la-terrible-attaque-chimique\\\/\"]}]},{\"@type\":\"ImageObject\",\"inLanguage\":\"fr-FR\",\"@id\":\"https:\\\/\\\/avcw.org\\\/fr\\\/recits-et-temoignages\\\/je-suis-haytham-al-badawi-originaire-de-jobar-au-moment-de-la-terrible-attaque-chimique\\\/#primaryimage\",\"url\":\"https:\\\/\\\/avcw.org\\\/wp-content\\\/uploads\\\/2024\\\/03\\\/survivor_M-1.webp\",\"contentUrl\":\"https:\\\/\\\/avcw.org\\\/wp-content\\\/uploads\\\/2024\\\/03\\\/survivor_M-1.webp\",\"width\":510,\"height\":628},{\"@type\":\"BreadcrumbList\",\"@id\":\"https:\\\/\\\/avcw.org\\\/fr\\\/recits-et-temoignages\\\/je-suis-haytham-al-badawi-originaire-de-jobar-au-moment-de-la-terrible-attaque-chimique\\\/#breadcrumb\",\"itemListElement\":[{\"@type\":\"ListItem\",\"position\":1,\"name\":\"Home\",\"item\":\"https:\\\/\\\/avcw.org\\\/\"},{\"@type\":\"ListItem\",\"position\":2,\"name\":\"Je suis Haytham Al-Badawi, originaire de Jobar. Au moment de la terrible attaque chimique\"}]},{\"@type\":\"WebSite\",\"@id\":\"https:\\\/\\\/avcw.org\\\/#website\",\"url\":\"https:\\\/\\\/avcw.org\\\/\",\"name\":\"Association of Victims of Chemical Weapons\",\"description\":\"\",\"publisher\":{\"@id\":\"https:\\\/\\\/avcw.org\\\/#organization\"},\"potentialAction\":[{\"@type\":\"SearchAction\",\"target\":{\"@type\":\"EntryPoint\",\"urlTemplate\":\"https:\\\/\\\/avcw.org\\\/?s={search_term_string}\"},\"query-input\":{\"@type\":\"PropertyValueSpecification\",\"valueRequired\":true,\"valueName\":\"search_term_string\"}}],\"inLanguage\":\"fr-FR\"},{\"@type\":\"Organization\",\"@id\":\"https:\\\/\\\/avcw.org\\\/#organization\",\"name\":\"Association of Victims of Chemical Weapons\",\"url\":\"https:\\\/\\\/avcw.org\\\/\",\"logo\":{\"@type\":\"ImageObject\",\"inLanguage\":\"fr-FR\",\"@id\":\"https:\\\/\\\/avcw.org\\\/#\\\/schema\\\/logo\\\/image\\\/\",\"url\":\"https:\\\/\\\/avcw.org\\\/wp-content\\\/uploads\\\/2023\\\/07\\\/cropped-signal-2023-07-03-144739_002.jpg\",\"contentUrl\":\"https:\\\/\\\/avcw.org\\\/wp-content\\\/uploads\\\/2023\\\/07\\\/cropped-signal-2023-07-03-144739_002.jpg\",\"width\":512,\"height\":512,\"caption\":\"Association of Victims of Chemical Weapons\"},\"image\":{\"@id\":\"https:\\\/\\\/avcw.org\\\/#\\\/schema\\\/logo\\\/image\\\/\"},\"sameAs\":[\"https:\\\/\\\/www.facebook.com\\\/AVCW.NGO\\\/\",\"https:\\\/\\\/x.com\\\/avcw_org\",\"https:\\\/\\\/www.youtube.com\\\/@avcw2013\",\"https:\\\/\\\/www.instagram.com\\\/avcw_org\\\/\"]},{\"@type\":\"Person\",\"@id\":\"https:\\\/\\\/avcw.org\\\/#\\\/schema\\\/person\\\/b3476fa296fba9be4d80a28ffca93f5e\",\"name\":\"surround\",\"image\":{\"@type\":\"ImageObject\",\"inLanguage\":\"fr-FR\",\"@id\":\"https:\\\/\\\/secure.gravatar.com\\\/avatar\\\/3aa39b4a8dc3a55febf7c9498cc5df0b3007386896275110c56938375c6cb42d?s=96&d=mm&r=g\",\"url\":\"https:\\\/\\\/secure.gravatar.com\\\/avatar\\\/3aa39b4a8dc3a55febf7c9498cc5df0b3007386896275110c56938375c6cb42d?s=96&d=mm&r=g\",\"contentUrl\":\"https:\\\/\\\/secure.gravatar.com\\\/avatar\\\/3aa39b4a8dc3a55febf7c9498cc5df0b3007386896275110c56938375c6cb42d?s=96&d=mm&r=g\",\"caption\":\"surround\"},\"sameAs\":[\"https:\\\/\\\/avcw.org\"],\"url\":\"https:\\\/\\\/avcw.org\\\/fr\\\/author\\\/surround\\\/\"}]}<\/script>\n<!-- \/ Yoast SEO plugin. -->","yoast_head_json":{"title":"Je suis Haytham Al-Badawi, originaire de Jobar. Au moment de la terrible attaque chimique - Association of Victims of Chemical Weapons","robots":{"index":"index","follow":"follow","max-snippet":"max-snippet:-1","max-image-preview":"max-image-preview:large","max-video-preview":"max-video-preview:-1"},"canonical":"https:\/\/avcw.org\/fr\/recits-et-temoignages\/je-suis-haytham-al-badawi-originaire-de-jobar-au-moment-de-la-terrible-attaque-chimique\/","og_locale":"fr_FR","og_type":"article","og_title":"Je suis Haytham Al-Badawi, originaire de Jobar. Au moment de la terrible attaque chimique - Association of Victims of Chemical Weapons","og_description":"Je suis Haytham Al-Badawi, originaire de Jobar. Au moment de la terrible attaque chimique du 21 ao\u00fbt 2013, je travaillais dans un centre m\u00e9dical. L&rsquo;attaque a eu lieu tard dans la nuit, en plein \u00e9t\u00e9, alors que l&rsquo;air \u00e9tait immobile. Le choix du moment n&rsquo;\u00e9tait pas fortuit : les bombes ont \u00e9t\u00e9 largu\u00e9es \u00e0 1h20 [&hellip;]","og_url":"https:\/\/avcw.org\/fr\/recits-et-temoignages\/je-suis-haytham-al-badawi-originaire-de-jobar-au-moment-de-la-terrible-attaque-chimique\/","og_site_name":"Association of Victims of Chemical Weapons","article_publisher":"https:\/\/www.facebook.com\/AVCW.NGO\/","article_published_time":"2024-03-08T21:54:41+00:00","article_modified_time":"2024-03-08T22:11:36+00:00","og_image":[{"width":510,"height":628,"url":"https:\/\/avcw.org\/wp-content\/uploads\/2024\/03\/survivor_M-1.webp","type":"image\/webp"}],"author":"surround","twitter_card":"summary_large_image","twitter_creator":"@avcw_org","twitter_site":"@avcw_org","twitter_misc":{"\u00c9crit par":"surround","Dur\u00e9e de lecture estim\u00e9e":"5 minutes"},"schema":{"@context":"https:\/\/schema.org","@graph":[{"@type":"Article","@id":"https:\/\/avcw.org\/fr\/recits-et-temoignages\/je-suis-haytham-al-badawi-originaire-de-jobar-au-moment-de-la-terrible-attaque-chimique\/#article","isPartOf":{"@id":"https:\/\/avcw.org\/fr\/recits-et-temoignages\/je-suis-haytham-al-badawi-originaire-de-jobar-au-moment-de-la-terrible-attaque-chimique\/"},"author":{"name":"surround","@id":"https:\/\/avcw.org\/#\/schema\/person\/b3476fa296fba9be4d80a28ffca93f5e"},"headline":"Je suis Haytham Al-Badawi, originaire de Jobar. Au moment de la terrible attaque chimique","datePublished":"2024-03-08T21:54:41+00:00","dateModified":"2024-03-08T22:11:36+00:00","mainEntityOfPage":{"@id":"https:\/\/avcw.org\/fr\/recits-et-temoignages\/je-suis-haytham-al-badawi-originaire-de-jobar-au-moment-de-la-terrible-attaque-chimique\/"},"wordCount":1123,"commentCount":0,"publisher":{"@id":"https:\/\/avcw.org\/#organization"},"image":{"@id":"https:\/\/avcw.org\/fr\/recits-et-temoignages\/je-suis-haytham-al-badawi-originaire-de-jobar-au-moment-de-la-terrible-attaque-chimique\/#primaryimage"},"thumbnailUrl":"https:\/\/avcw.org\/wp-content\/uploads\/2024\/03\/survivor_M-1.webp","articleSection":["R\u00e9cits et t\u00e9moignages"],"inLanguage":"fr-FR","potentialAction":[{"@type":"CommentAction","name":"Comment","target":["https:\/\/avcw.org\/fr\/recits-et-temoignages\/je-suis-haytham-al-badawi-originaire-de-jobar-au-moment-de-la-terrible-attaque-chimique\/#respond"]}]},{"@type":"WebPage","@id":"https:\/\/avcw.org\/fr\/recits-et-temoignages\/je-suis-haytham-al-badawi-originaire-de-jobar-au-moment-de-la-terrible-attaque-chimique\/","url":"https:\/\/avcw.org\/fr\/recits-et-temoignages\/je-suis-haytham-al-badawi-originaire-de-jobar-au-moment-de-la-terrible-attaque-chimique\/","name":"Je suis Haytham Al-Badawi, originaire de Jobar. Au moment de la terrible attaque chimique - Association of Victims of Chemical Weapons","isPartOf":{"@id":"https:\/\/avcw.org\/#website"},"primaryImageOfPage":{"@id":"https:\/\/avcw.org\/fr\/recits-et-temoignages\/je-suis-haytham-al-badawi-originaire-de-jobar-au-moment-de-la-terrible-attaque-chimique\/#primaryimage"},"image":{"@id":"https:\/\/avcw.org\/fr\/recits-et-temoignages\/je-suis-haytham-al-badawi-originaire-de-jobar-au-moment-de-la-terrible-attaque-chimique\/#primaryimage"},"thumbnailUrl":"https:\/\/avcw.org\/wp-content\/uploads\/2024\/03\/survivor_M-1.webp","datePublished":"2024-03-08T21:54:41+00:00","dateModified":"2024-03-08T22:11:36+00:00","breadcrumb":{"@id":"https:\/\/avcw.org\/fr\/recits-et-temoignages\/je-suis-haytham-al-badawi-originaire-de-jobar-au-moment-de-la-terrible-attaque-chimique\/#breadcrumb"},"inLanguage":"fr-FR","potentialAction":[{"@type":"ReadAction","target":["https:\/\/avcw.org\/fr\/recits-et-temoignages\/je-suis-haytham-al-badawi-originaire-de-jobar-au-moment-de-la-terrible-attaque-chimique\/"]}]},{"@type":"ImageObject","inLanguage":"fr-FR","@id":"https:\/\/avcw.org\/fr\/recits-et-temoignages\/je-suis-haytham-al-badawi-originaire-de-jobar-au-moment-de-la-terrible-attaque-chimique\/#primaryimage","url":"https:\/\/avcw.org\/wp-content\/uploads\/2024\/03\/survivor_M-1.webp","contentUrl":"https:\/\/avcw.org\/wp-content\/uploads\/2024\/03\/survivor_M-1.webp","width":510,"height":628},{"@type":"BreadcrumbList","@id":"https:\/\/avcw.org\/fr\/recits-et-temoignages\/je-suis-haytham-al-badawi-originaire-de-jobar-au-moment-de-la-terrible-attaque-chimique\/#breadcrumb","itemListElement":[{"@type":"ListItem","position":1,"name":"Home","item":"https:\/\/avcw.org\/"},{"@type":"ListItem","position":2,"name":"Je suis Haytham Al-Badawi, originaire de Jobar. Au moment de la terrible attaque chimique"}]},{"@type":"WebSite","@id":"https:\/\/avcw.org\/#website","url":"https:\/\/avcw.org\/","name":"Association of Victims of Chemical Weapons","description":"","publisher":{"@id":"https:\/\/avcw.org\/#organization"},"potentialAction":[{"@type":"SearchAction","target":{"@type":"EntryPoint","urlTemplate":"https:\/\/avcw.org\/?s={search_term_string}"},"query-input":{"@type":"PropertyValueSpecification","valueRequired":true,"valueName":"search_term_string"}}],"inLanguage":"fr-FR"},{"@type":"Organization","@id":"https:\/\/avcw.org\/#organization","name":"Association of Victims of Chemical Weapons","url":"https:\/\/avcw.org\/","logo":{"@type":"ImageObject","inLanguage":"fr-FR","@id":"https:\/\/avcw.org\/#\/schema\/logo\/image\/","url":"https:\/\/avcw.org\/wp-content\/uploads\/2023\/07\/cropped-signal-2023-07-03-144739_002.jpg","contentUrl":"https:\/\/avcw.org\/wp-content\/uploads\/2023\/07\/cropped-signal-2023-07-03-144739_002.jpg","width":512,"height":512,"caption":"Association of Victims of Chemical Weapons"},"image":{"@id":"https:\/\/avcw.org\/#\/schema\/logo\/image\/"},"sameAs":["https:\/\/www.facebook.com\/AVCW.NGO\/","https:\/\/x.com\/avcw_org","https:\/\/www.youtube.com\/@avcw2013","https:\/\/www.instagram.com\/avcw_org\/"]},{"@type":"Person","@id":"https:\/\/avcw.org\/#\/schema\/person\/b3476fa296fba9be4d80a28ffca93f5e","name":"surround","image":{"@type":"ImageObject","inLanguage":"fr-FR","@id":"https:\/\/secure.gravatar.com\/avatar\/3aa39b4a8dc3a55febf7c9498cc5df0b3007386896275110c56938375c6cb42d?s=96&d=mm&r=g","url":"https:\/\/secure.gravatar.com\/avatar\/3aa39b4a8dc3a55febf7c9498cc5df0b3007386896275110c56938375c6cb42d?s=96&d=mm&r=g","contentUrl":"https:\/\/secure.gravatar.com\/avatar\/3aa39b4a8dc3a55febf7c9498cc5df0b3007386896275110c56938375c6cb42d?s=96&d=mm&r=g","caption":"surround"},"sameAs":["https:\/\/avcw.org"],"url":"https:\/\/avcw.org\/fr\/author\/surround\/"}]}},"_links":{"self":[{"href":"https:\/\/avcw.org\/fr\/wp-json\/wp\/v2\/posts\/2504","targetHints":{"allow":["GET"]}}],"collection":[{"href":"https:\/\/avcw.org\/fr\/wp-json\/wp\/v2\/posts"}],"about":[{"href":"https:\/\/avcw.org\/fr\/wp-json\/wp\/v2\/types\/post"}],"author":[{"embeddable":true,"href":"https:\/\/avcw.org\/fr\/wp-json\/wp\/v2\/users\/1"}],"replies":[{"embeddable":true,"href":"https:\/\/avcw.org\/fr\/wp-json\/wp\/v2\/comments?post=2504"}],"version-history":[{"count":1,"href":"https:\/\/avcw.org\/fr\/wp-json\/wp\/v2\/posts\/2504\/revisions"}],"predecessor-version":[{"id":2505,"href":"https:\/\/avcw.org\/fr\/wp-json\/wp\/v2\/posts\/2504\/revisions\/2505"}],"wp:featuredmedia":[{"embeddable":true,"href":"https:\/\/avcw.org\/fr\/wp-json\/wp\/v2\/media\/2519"}],"wp:attachment":[{"href":"https:\/\/avcw.org\/fr\/wp-json\/wp\/v2\/media?parent=2504"}],"wp:term":[{"taxonomy":"category","embeddable":true,"href":"https:\/\/avcw.org\/fr\/wp-json\/wp\/v2\/categories?post=2504"},{"taxonomy":"post_tag","embeddable":true,"href":"https:\/\/avcw.org\/fr\/wp-json\/wp\/v2\/tags?post=2504"}],"curies":[{"name":"wp","href":"https:\/\/api.w.org\/{rel}","templated":true}]}}