{"id":2512,"date":"2024-03-08T21:59:15","date_gmt":"2024-03-08T21:59:15","guid":{"rendered":"https:\/\/avcw.org\/?p=2512"},"modified":"2024-03-08T22:10:48","modified_gmt":"2024-03-08T22:10:48","slug":"je-mappelle-n-h-et-je-viens-de-la-ghouta-orientale-plus-precisement-dain-tarma","status":"publish","type":"post","link":"https:\/\/avcw.org\/fr\/recits-et-temoignages\/je-mappelle-n-h-et-je-viens-de-la-ghouta-orientale-plus-precisement-dain-tarma\/","title":{"rendered":"Je m&rsquo;appelle \u00ab\u00a0N.H.\u00a0\u00bb et je viens de la Ghouta orientale, plus pr\u00e9cis\u00e9ment d&rsquo;A\u00efn Tarma."},"content":{"rendered":"\n<p>Je m&rsquo;appelle \u00ab\u00a0N.H.\u00a0\u00bb et je viens de la Ghouta orientale, plus pr\u00e9cis\u00e9ment d&rsquo;A\u00efn Tarma. Actuellement, je vis en dehors de la Syrie et je poursuis mes \u00e9tudes universitaires. Avant 2010, ma vie se r\u00e9sumait \u00e0 l&rsquo;\u00e9cole et \u00e0 la maison. Avec le d\u00e9but de la r\u00e9volution syrienne et les bombardements sur ma ville, j&rsquo;ai \u00e9t\u00e9 contrainte de fuir vers le quartier de Jobar. Face \u00e0 l&rsquo;escalade des \u00e9v\u00e9nements l\u00e0-bas, j&rsquo;ai d\u00fb d\u00e9m\u00e9nager \u00e0 Nabk, puis au Liban, cherchant \u00e0 \u00e9chapper \u00e0 l&rsquo;horreur qui a marqu\u00e9 nos vies depuis 2011 : les bombardements incessants, les explosions, et parfois la n\u00e9cessit\u00e9 de se r\u00e9fugier dans les mosqu\u00e9es pour \u00e9chapper aux attaques.<\/p>\n\n\n\n<p>Nous avons fui en raison des attaques de l&rsquo;arm\u00e9e syrienne et de ses forces de s\u00e9curit\u00e9, qui ont violemment r\u00e9prim\u00e9 les manifestants, causant de nombreuses victimes dans chaque r\u00e9gion. En outre, les pratiques inhumaines aux barrages de contr\u00f4le du r\u00e9gime et l&rsquo;utilisation de tireurs d&rsquo;\u00e9lite ont contribu\u00e9 \u00e0 l&rsquo;ins\u00e9curit\u00e9 g\u00e9n\u00e9ralis\u00e9e.<\/p>\n\n\n\n<p>L&rsquo;\u00e9v\u00e9nement le plus marquant qui a boulevers\u00e9 ma vie s&rsquo;est d\u00e9roul\u00e9 le soir du 21 ao\u00fbt 2013. J&rsquo;\u00e9tais alors enceinte de sept mois et partageais une maison avec sept familles. La situation \u00e0 l&rsquo;int\u00e9rieur de la maison \u00e9tait chaotique, et j&rsquo;\u00e9tais personnellement \u00e9puis\u00e9e mentalement par les nouvelles des bombardements et des pertes humaines.<\/p>\n\n\n\n<p>Nous n&rsquo;avions jamais imagin\u00e9 l&rsquo;existence d&rsquo;une arme telle que le sarin. Le jour du massacre, j&rsquo;ai \u00e9t\u00e9 r\u00e9veill\u00e9e par le bruit fort de la t\u00e9l\u00e9vision diffusant les actualit\u00e9s. En me dirigeant vers la pi\u00e8ce o\u00f9 se trouvait la t\u00e9l\u00e9vision, la premi\u00e8re image que j&rsquo;ai vue \u00e9tait celle de mon grand fr\u00e8re allong\u00e9 sans vie \u00e0 l&rsquo;\u00e9cran. Puis, j&rsquo;ai aper\u00e7u un homme portant le fils de mon petit fr\u00e8re, \u00e2g\u00e9 de quelques mois \u00e0 peine.<\/p>\n\n\n\n<p>J&rsquo;\u00e9tais boulevers\u00e9e. J&rsquo;ai essay\u00e9 d&rsquo;appeler en Syrie, mais personne n&rsquo;a r\u00e9pondu, m\u00eame mon mari qui \u00e9tait au travail. Environ une demi-heure plus tard, mon mari est rentr\u00e9 et m&rsquo;a appris que mon deuxi\u00e8me fr\u00e8re lui avait racont\u00e9 ce qui s&rsquo;\u00e9tait pass\u00e9 : toute ma famille qui se trouvait au m\u00eame endroit avait \u00e9t\u00e9 tu\u00e9e apr\u00e8s qu&rsquo;une roquette transportant du gaz sarin soit tomb\u00e9e sur le b\u00e2timent o\u00f9 ils vivaient. Une autre roquette avait frapp\u00e9 le b\u00e2timent abritant d&rsquo;autres membres de ma famille.<\/p>\n\n\n\n<p>J&rsquo;ai appris que ma m\u00e8re, mon p\u00e8re, mes fr\u00e8res et s\u0153urs et leurs conjoints et enfants avaient tous \u00e9t\u00e9 tu\u00e9s par l&rsquo;arme chimique et transf\u00e9r\u00e9s \u00e0 la ville de Hamouriyah pour y \u00eatre enterr\u00e9s. Deux jours plus tard, j&rsquo;ai appris que ma petite s\u0153ur et mon fr\u00e8re \u00e9taient en vie mais qu&rsquo;ils \u00e9taient port\u00e9s disparus, mais tous les autres avaient \u00e9t\u00e9 tu\u00e9s.<\/p>\n\n\n\n<p>Dix enfants de ma famille sont morts, quinze femmes ont \u00e9t\u00e9 tu\u00e9es, et parmi les hommes, mon p\u00e8re, mon fr\u00e8re, mon oncle et trois des fils de mes tantes ont \u00e9t\u00e9 tu\u00e9s. Je me souviens actuellement de sept personnes, mais le nombre \u00e9tait beaucoup plus \u00e9lev\u00e9.<\/p>\n\n\n\n<p>Mon fr\u00e8re m&rsquo;a racont\u00e9 que les bombardements avaient eu lieu pendant la nuit, alors que tout le monde dormait. Quand ils sont arriv\u00e9s \u00e0 la maison de ma famille, ils les ont trouv\u00e9s en train de tenter de sortir, mais le temps leur a manqu\u00e9. Mon p\u00e8re a \u00e9t\u00e9 retrouv\u00e9 sur les escaliers de la maison, tandis que la femme de mon fr\u00e8re et sa m\u00e8re \u00e9taient tomb\u00e9es en descendant les escaliers en tenant leurs deux filles. Je pense que ma s\u0153ur qui a surv\u00e9cu \u00e9tait dans la cave, mais elle souffre actuellement de pertes de m\u00e9moire partielle. Mon fr\u00e8re avait r\u00e9ussi \u00e0 sortir dans la rue, juste en face de la maison.<\/p>\n\n\n\n<p>Je tiens le r\u00e9gime syrien, dirig\u00e9 par Bachar al-Assad, enti\u00e8rement responsable de cette trag\u00e9die. La zone bombard\u00e9e \u00e9tait dens\u00e9ment peupl\u00e9e de civils, d&rsquo;enfants et de non-combattants, et pourtant elle a \u00e9t\u00e9 d\u00e9lib\u00e9r\u00e9ment cibl\u00e9e.<\/p>\n","protected":false},"excerpt":{"rendered":"<p>Je m&rsquo;appelle \u00ab\u00a0N.H.\u00a0\u00bb et je viens de la Ghouta orientale, plus pr\u00e9cis\u00e9ment d&rsquo;A\u00efn Tarma. Actuellement, je vis en dehors de la Syrie et je poursuis mes \u00e9tudes universitaires. Avant 2010, ma vie se r\u00e9sumait \u00e0 l&rsquo;\u00e9cole et \u00e0 la maison. Avec le d\u00e9but de la r\u00e9volution syrienne et les bombardements sur ma ville, j&rsquo;ai \u00e9t\u00e9 [&hellip;]<\/p>\n","protected":false},"author":1,"featured_media":2516,"comment_status":"open","ping_status":"closed","sticky":false,"template":"","format":"standard","meta":{"footnotes":""},"categories":[49],"tags":[],"class_list":["post-2512","post","type-post","status-publish","format-standard","has-post-thumbnail","hentry","category-recits-et-temoignages"],"yoast_head":"<!-- This site is optimized with the Yoast SEO plugin v27.5 - https:\/\/yoast.com\/product\/yoast-seo-wordpress\/ -->\n<title>Je m&#039;appelle &quot;N.H.&quot; et je viens de la Ghouta orientale, plus pr\u00e9cis\u00e9ment d&#039;A\u00efn Tarma. - Association of Victims of Chemical Weapons<\/title>\n<meta name=\"robots\" content=\"index, follow, max-snippet:-1, max-image-preview:large, max-video-preview:-1\" \/>\n<link rel=\"canonical\" href=\"https:\/\/avcw.org\/fr\/recits-et-temoignages\/je-mappelle-n-h-et-je-viens-de-la-ghouta-orientale-plus-precisement-dain-tarma\/\" \/>\n<meta property=\"og:locale\" content=\"fr_FR\" \/>\n<meta property=\"og:type\" content=\"article\" \/>\n<meta property=\"og:title\" content=\"Je m&#039;appelle &quot;N.H.&quot; et je viens de la Ghouta orientale, plus pr\u00e9cis\u00e9ment d&#039;A\u00efn Tarma. - Association of Victims of Chemical Weapons\" \/>\n<meta property=\"og:description\" content=\"Je m&rsquo;appelle \u00ab\u00a0N.H.\u00a0\u00bb et je viens de la Ghouta orientale, plus pr\u00e9cis\u00e9ment d&rsquo;A\u00efn Tarma. Actuellement, je vis en dehors de la Syrie et je poursuis mes \u00e9tudes universitaires. Avant 2010, ma vie se r\u00e9sumait \u00e0 l&rsquo;\u00e9cole et \u00e0 la maison. Avec le d\u00e9but de la r\u00e9volution syrienne et les bombardements sur ma ville, j&rsquo;ai \u00e9t\u00e9 [&hellip;]\" \/>\n<meta property=\"og:url\" content=\"https:\/\/avcw.org\/fr\/recits-et-temoignages\/je-mappelle-n-h-et-je-viens-de-la-ghouta-orientale-plus-precisement-dain-tarma\/\" \/>\n<meta property=\"og:site_name\" content=\"Association of Victims of Chemical Weapons\" \/>\n<meta property=\"article:publisher\" content=\"https:\/\/www.facebook.com\/AVCW.NGO\/\" \/>\n<meta property=\"article:published_time\" content=\"2024-03-08T21:59:15+00:00\" \/>\n<meta property=\"article:modified_time\" content=\"2024-03-08T22:10:48+00:00\" \/>\n<meta property=\"og:image\" content=\"https:\/\/avcw.org\/wp-content\/uploads\/2024\/03\/survivor_F-1.webp\" \/>\n\t<meta property=\"og:image:width\" content=\"510\" \/>\n\t<meta property=\"og:image:height\" content=\"628\" \/>\n\t<meta property=\"og:image:type\" content=\"image\/webp\" \/>\n<meta name=\"author\" content=\"surround\" \/>\n<meta name=\"twitter:card\" content=\"summary_large_image\" \/>\n<meta name=\"twitter:creator\" content=\"@avcw_org\" \/>\n<meta name=\"twitter:site\" content=\"@avcw_org\" \/>\n<meta name=\"twitter:label1\" content=\"\u00c9crit par\" \/>\n\t<meta name=\"twitter:data1\" content=\"surround\" \/>\n\t<meta name=\"twitter:label2\" content=\"Dur\u00e9e de lecture estim\u00e9e\" \/>\n\t<meta name=\"twitter:data2\" content=\"3 minutes\" \/>\n<script type=\"application\/ld+json\" class=\"yoast-schema-graph\">{\"@context\":\"https:\\\/\\\/schema.org\",\"@graph\":[{\"@type\":\"Article\",\"@id\":\"https:\\\/\\\/avcw.org\\\/fr\\\/recits-et-temoignages\\\/je-mappelle-n-h-et-je-viens-de-la-ghouta-orientale-plus-precisement-dain-tarma\\\/#article\",\"isPartOf\":{\"@id\":\"https:\\\/\\\/avcw.org\\\/fr\\\/recits-et-temoignages\\\/je-mappelle-n-h-et-je-viens-de-la-ghouta-orientale-plus-precisement-dain-tarma\\\/\"},\"author\":{\"name\":\"surround\",\"@id\":\"https:\\\/\\\/avcw.org\\\/#\\\/schema\\\/person\\\/b3476fa296fba9be4d80a28ffca93f5e\"},\"headline\":\"Je m&rsquo;appelle \u00ab\u00a0N.H.\u00a0\u00bb et je viens de la Ghouta orientale, plus pr\u00e9cis\u00e9ment d&rsquo;A\u00efn Tarma.\",\"datePublished\":\"2024-03-08T21:59:15+00:00\",\"dateModified\":\"2024-03-08T22:10:48+00:00\",\"mainEntityOfPage\":{\"@id\":\"https:\\\/\\\/avcw.org\\\/fr\\\/recits-et-temoignages\\\/je-mappelle-n-h-et-je-viens-de-la-ghouta-orientale-plus-precisement-dain-tarma\\\/\"},\"wordCount\":750,\"commentCount\":0,\"publisher\":{\"@id\":\"https:\\\/\\\/avcw.org\\\/#organization\"},\"image\":{\"@id\":\"https:\\\/\\\/avcw.org\\\/fr\\\/recits-et-temoignages\\\/je-mappelle-n-h-et-je-viens-de-la-ghouta-orientale-plus-precisement-dain-tarma\\\/#primaryimage\"},\"thumbnailUrl\":\"https:\\\/\\\/avcw.org\\\/wp-content\\\/uploads\\\/2024\\\/03\\\/survivor_F-1.webp\",\"articleSection\":[\"R\u00e9cits et t\u00e9moignages\"],\"inLanguage\":\"fr-FR\",\"potentialAction\":[{\"@type\":\"CommentAction\",\"name\":\"Comment\",\"target\":[\"https:\\\/\\\/avcw.org\\\/fr\\\/recits-et-temoignages\\\/je-mappelle-n-h-et-je-viens-de-la-ghouta-orientale-plus-precisement-dain-tarma\\\/#respond\"]}]},{\"@type\":\"WebPage\",\"@id\":\"https:\\\/\\\/avcw.org\\\/fr\\\/recits-et-temoignages\\\/je-mappelle-n-h-et-je-viens-de-la-ghouta-orientale-plus-precisement-dain-tarma\\\/\",\"url\":\"https:\\\/\\\/avcw.org\\\/fr\\\/recits-et-temoignages\\\/je-mappelle-n-h-et-je-viens-de-la-ghouta-orientale-plus-precisement-dain-tarma\\\/\",\"name\":\"Je m'appelle \\\"N.H.\\\" et je viens de la Ghouta orientale, plus pr\u00e9cis\u00e9ment d'A\u00efn Tarma. - Association of Victims of Chemical Weapons\",\"isPartOf\":{\"@id\":\"https:\\\/\\\/avcw.org\\\/#website\"},\"primaryImageOfPage\":{\"@id\":\"https:\\\/\\\/avcw.org\\\/fr\\\/recits-et-temoignages\\\/je-mappelle-n-h-et-je-viens-de-la-ghouta-orientale-plus-precisement-dain-tarma\\\/#primaryimage\"},\"image\":{\"@id\":\"https:\\\/\\\/avcw.org\\\/fr\\\/recits-et-temoignages\\\/je-mappelle-n-h-et-je-viens-de-la-ghouta-orientale-plus-precisement-dain-tarma\\\/#primaryimage\"},\"thumbnailUrl\":\"https:\\\/\\\/avcw.org\\\/wp-content\\\/uploads\\\/2024\\\/03\\\/survivor_F-1.webp\",\"datePublished\":\"2024-03-08T21:59:15+00:00\",\"dateModified\":\"2024-03-08T22:10:48+00:00\",\"breadcrumb\":{\"@id\":\"https:\\\/\\\/avcw.org\\\/fr\\\/recits-et-temoignages\\\/je-mappelle-n-h-et-je-viens-de-la-ghouta-orientale-plus-precisement-dain-tarma\\\/#breadcrumb\"},\"inLanguage\":\"fr-FR\",\"potentialAction\":[{\"@type\":\"ReadAction\",\"target\":[\"https:\\\/\\\/avcw.org\\\/fr\\\/recits-et-temoignages\\\/je-mappelle-n-h-et-je-viens-de-la-ghouta-orientale-plus-precisement-dain-tarma\\\/\"]}]},{\"@type\":\"ImageObject\",\"inLanguage\":\"fr-FR\",\"@id\":\"https:\\\/\\\/avcw.org\\\/fr\\\/recits-et-temoignages\\\/je-mappelle-n-h-et-je-viens-de-la-ghouta-orientale-plus-precisement-dain-tarma\\\/#primaryimage\",\"url\":\"https:\\\/\\\/avcw.org\\\/wp-content\\\/uploads\\\/2024\\\/03\\\/survivor_F-1.webp\",\"contentUrl\":\"https:\\\/\\\/avcw.org\\\/wp-content\\\/uploads\\\/2024\\\/03\\\/survivor_F-1.webp\",\"width\":510,\"height\":628},{\"@type\":\"BreadcrumbList\",\"@id\":\"https:\\\/\\\/avcw.org\\\/fr\\\/recits-et-temoignages\\\/je-mappelle-n-h-et-je-viens-de-la-ghouta-orientale-plus-precisement-dain-tarma\\\/#breadcrumb\",\"itemListElement\":[{\"@type\":\"ListItem\",\"position\":1,\"name\":\"Home\",\"item\":\"https:\\\/\\\/avcw.org\\\/\"},{\"@type\":\"ListItem\",\"position\":2,\"name\":\"Je m&rsquo;appelle \u00ab\u00a0N.H.\u00a0\u00bb et je viens de la Ghouta orientale, plus pr\u00e9cis\u00e9ment d&rsquo;A\u00efn Tarma.\"}]},{\"@type\":\"WebSite\",\"@id\":\"https:\\\/\\\/avcw.org\\\/#website\",\"url\":\"https:\\\/\\\/avcw.org\\\/\",\"name\":\"Association of Victims of Chemical Weapons\",\"description\":\"\",\"publisher\":{\"@id\":\"https:\\\/\\\/avcw.org\\\/#organization\"},\"potentialAction\":[{\"@type\":\"SearchAction\",\"target\":{\"@type\":\"EntryPoint\",\"urlTemplate\":\"https:\\\/\\\/avcw.org\\\/?s={search_term_string}\"},\"query-input\":{\"@type\":\"PropertyValueSpecification\",\"valueRequired\":true,\"valueName\":\"search_term_string\"}}],\"inLanguage\":\"fr-FR\"},{\"@type\":\"Organization\",\"@id\":\"https:\\\/\\\/avcw.org\\\/#organization\",\"name\":\"Association of Victims of Chemical Weapons\",\"url\":\"https:\\\/\\\/avcw.org\\\/\",\"logo\":{\"@type\":\"ImageObject\",\"inLanguage\":\"fr-FR\",\"@id\":\"https:\\\/\\\/avcw.org\\\/#\\\/schema\\\/logo\\\/image\\\/\",\"url\":\"https:\\\/\\\/avcw.org\\\/wp-content\\\/uploads\\\/2023\\\/07\\\/cropped-signal-2023-07-03-144739_002.jpg\",\"contentUrl\":\"https:\\\/\\\/avcw.org\\\/wp-content\\\/uploads\\\/2023\\\/07\\\/cropped-signal-2023-07-03-144739_002.jpg\",\"width\":512,\"height\":512,\"caption\":\"Association of Victims of Chemical Weapons\"},\"image\":{\"@id\":\"https:\\\/\\\/avcw.org\\\/#\\\/schema\\\/logo\\\/image\\\/\"},\"sameAs\":[\"https:\\\/\\\/www.facebook.com\\\/AVCW.NGO\\\/\",\"https:\\\/\\\/x.com\\\/avcw_org\",\"https:\\\/\\\/www.youtube.com\\\/@avcw2013\",\"https:\\\/\\\/www.instagram.com\\\/avcw_org\\\/\"]},{\"@type\":\"Person\",\"@id\":\"https:\\\/\\\/avcw.org\\\/#\\\/schema\\\/person\\\/b3476fa296fba9be4d80a28ffca93f5e\",\"name\":\"surround\",\"image\":{\"@type\":\"ImageObject\",\"inLanguage\":\"fr-FR\",\"@id\":\"https:\\\/\\\/secure.gravatar.com\\\/avatar\\\/3aa39b4a8dc3a55febf7c9498cc5df0b3007386896275110c56938375c6cb42d?s=96&d=mm&r=g\",\"url\":\"https:\\\/\\\/secure.gravatar.com\\\/avatar\\\/3aa39b4a8dc3a55febf7c9498cc5df0b3007386896275110c56938375c6cb42d?s=96&d=mm&r=g\",\"contentUrl\":\"https:\\\/\\\/secure.gravatar.com\\\/avatar\\\/3aa39b4a8dc3a55febf7c9498cc5df0b3007386896275110c56938375c6cb42d?s=96&d=mm&r=g\",\"caption\":\"surround\"},\"sameAs\":[\"https:\\\/\\\/avcw.org\"],\"url\":\"https:\\\/\\\/avcw.org\\\/fr\\\/author\\\/surround\\\/\"}]}<\/script>\n<!-- \/ Yoast SEO plugin. -->","yoast_head_json":{"title":"Je m'appelle \"N.H.\" et je viens de la Ghouta orientale, plus pr\u00e9cis\u00e9ment d'A\u00efn Tarma. - Association of Victims of Chemical Weapons","robots":{"index":"index","follow":"follow","max-snippet":"max-snippet:-1","max-image-preview":"max-image-preview:large","max-video-preview":"max-video-preview:-1"},"canonical":"https:\/\/avcw.org\/fr\/recits-et-temoignages\/je-mappelle-n-h-et-je-viens-de-la-ghouta-orientale-plus-precisement-dain-tarma\/","og_locale":"fr_FR","og_type":"article","og_title":"Je m'appelle \"N.H.\" et je viens de la Ghouta orientale, plus pr\u00e9cis\u00e9ment d'A\u00efn Tarma. - Association of Victims of Chemical Weapons","og_description":"Je m&rsquo;appelle \u00ab\u00a0N.H.\u00a0\u00bb et je viens de la Ghouta orientale, plus pr\u00e9cis\u00e9ment d&rsquo;A\u00efn Tarma. Actuellement, je vis en dehors de la Syrie et je poursuis mes \u00e9tudes universitaires. Avant 2010, ma vie se r\u00e9sumait \u00e0 l&rsquo;\u00e9cole et \u00e0 la maison. Avec le d\u00e9but de la r\u00e9volution syrienne et les bombardements sur ma ville, j&rsquo;ai \u00e9t\u00e9 [&hellip;]","og_url":"https:\/\/avcw.org\/fr\/recits-et-temoignages\/je-mappelle-n-h-et-je-viens-de-la-ghouta-orientale-plus-precisement-dain-tarma\/","og_site_name":"Association of Victims of Chemical Weapons","article_publisher":"https:\/\/www.facebook.com\/AVCW.NGO\/","article_published_time":"2024-03-08T21:59:15+00:00","article_modified_time":"2024-03-08T22:10:48+00:00","og_image":[{"width":510,"height":628,"url":"https:\/\/avcw.org\/wp-content\/uploads\/2024\/03\/survivor_F-1.webp","type":"image\/webp"}],"author":"surround","twitter_card":"summary_large_image","twitter_creator":"@avcw_org","twitter_site":"@avcw_org","twitter_misc":{"\u00c9crit par":"surround","Dur\u00e9e de lecture estim\u00e9e":"3 minutes"},"schema":{"@context":"https:\/\/schema.org","@graph":[{"@type":"Article","@id":"https:\/\/avcw.org\/fr\/recits-et-temoignages\/je-mappelle-n-h-et-je-viens-de-la-ghouta-orientale-plus-precisement-dain-tarma\/#article","isPartOf":{"@id":"https:\/\/avcw.org\/fr\/recits-et-temoignages\/je-mappelle-n-h-et-je-viens-de-la-ghouta-orientale-plus-precisement-dain-tarma\/"},"author":{"name":"surround","@id":"https:\/\/avcw.org\/#\/schema\/person\/b3476fa296fba9be4d80a28ffca93f5e"},"headline":"Je m&rsquo;appelle \u00ab\u00a0N.H.\u00a0\u00bb et je viens de la Ghouta orientale, plus pr\u00e9cis\u00e9ment d&rsquo;A\u00efn Tarma.","datePublished":"2024-03-08T21:59:15+00:00","dateModified":"2024-03-08T22:10:48+00:00","mainEntityOfPage":{"@id":"https:\/\/avcw.org\/fr\/recits-et-temoignages\/je-mappelle-n-h-et-je-viens-de-la-ghouta-orientale-plus-precisement-dain-tarma\/"},"wordCount":750,"commentCount":0,"publisher":{"@id":"https:\/\/avcw.org\/#organization"},"image":{"@id":"https:\/\/avcw.org\/fr\/recits-et-temoignages\/je-mappelle-n-h-et-je-viens-de-la-ghouta-orientale-plus-precisement-dain-tarma\/#primaryimage"},"thumbnailUrl":"https:\/\/avcw.org\/wp-content\/uploads\/2024\/03\/survivor_F-1.webp","articleSection":["R\u00e9cits et t\u00e9moignages"],"inLanguage":"fr-FR","potentialAction":[{"@type":"CommentAction","name":"Comment","target":["https:\/\/avcw.org\/fr\/recits-et-temoignages\/je-mappelle-n-h-et-je-viens-de-la-ghouta-orientale-plus-precisement-dain-tarma\/#respond"]}]},{"@type":"WebPage","@id":"https:\/\/avcw.org\/fr\/recits-et-temoignages\/je-mappelle-n-h-et-je-viens-de-la-ghouta-orientale-plus-precisement-dain-tarma\/","url":"https:\/\/avcw.org\/fr\/recits-et-temoignages\/je-mappelle-n-h-et-je-viens-de-la-ghouta-orientale-plus-precisement-dain-tarma\/","name":"Je m'appelle \"N.H.\" et je viens de la Ghouta orientale, plus pr\u00e9cis\u00e9ment d'A\u00efn Tarma. - Association of Victims of Chemical Weapons","isPartOf":{"@id":"https:\/\/avcw.org\/#website"},"primaryImageOfPage":{"@id":"https:\/\/avcw.org\/fr\/recits-et-temoignages\/je-mappelle-n-h-et-je-viens-de-la-ghouta-orientale-plus-precisement-dain-tarma\/#primaryimage"},"image":{"@id":"https:\/\/avcw.org\/fr\/recits-et-temoignages\/je-mappelle-n-h-et-je-viens-de-la-ghouta-orientale-plus-precisement-dain-tarma\/#primaryimage"},"thumbnailUrl":"https:\/\/avcw.org\/wp-content\/uploads\/2024\/03\/survivor_F-1.webp","datePublished":"2024-03-08T21:59:15+00:00","dateModified":"2024-03-08T22:10:48+00:00","breadcrumb":{"@id":"https:\/\/avcw.org\/fr\/recits-et-temoignages\/je-mappelle-n-h-et-je-viens-de-la-ghouta-orientale-plus-precisement-dain-tarma\/#breadcrumb"},"inLanguage":"fr-FR","potentialAction":[{"@type":"ReadAction","target":["https:\/\/avcw.org\/fr\/recits-et-temoignages\/je-mappelle-n-h-et-je-viens-de-la-ghouta-orientale-plus-precisement-dain-tarma\/"]}]},{"@type":"ImageObject","inLanguage":"fr-FR","@id":"https:\/\/avcw.org\/fr\/recits-et-temoignages\/je-mappelle-n-h-et-je-viens-de-la-ghouta-orientale-plus-precisement-dain-tarma\/#primaryimage","url":"https:\/\/avcw.org\/wp-content\/uploads\/2024\/03\/survivor_F-1.webp","contentUrl":"https:\/\/avcw.org\/wp-content\/uploads\/2024\/03\/survivor_F-1.webp","width":510,"height":628},{"@type":"BreadcrumbList","@id":"https:\/\/avcw.org\/fr\/recits-et-temoignages\/je-mappelle-n-h-et-je-viens-de-la-ghouta-orientale-plus-precisement-dain-tarma\/#breadcrumb","itemListElement":[{"@type":"ListItem","position":1,"name":"Home","item":"https:\/\/avcw.org\/"},{"@type":"ListItem","position":2,"name":"Je m&rsquo;appelle \u00ab\u00a0N.H.\u00a0\u00bb et je viens de la Ghouta orientale, plus pr\u00e9cis\u00e9ment d&rsquo;A\u00efn Tarma."}]},{"@type":"WebSite","@id":"https:\/\/avcw.org\/#website","url":"https:\/\/avcw.org\/","name":"Association of Victims of Chemical Weapons","description":"","publisher":{"@id":"https:\/\/avcw.org\/#organization"},"potentialAction":[{"@type":"SearchAction","target":{"@type":"EntryPoint","urlTemplate":"https:\/\/avcw.org\/?s={search_term_string}"},"query-input":{"@type":"PropertyValueSpecification","valueRequired":true,"valueName":"search_term_string"}}],"inLanguage":"fr-FR"},{"@type":"Organization","@id":"https:\/\/avcw.org\/#organization","name":"Association of Victims of Chemical Weapons","url":"https:\/\/avcw.org\/","logo":{"@type":"ImageObject","inLanguage":"fr-FR","@id":"https:\/\/avcw.org\/#\/schema\/logo\/image\/","url":"https:\/\/avcw.org\/wp-content\/uploads\/2023\/07\/cropped-signal-2023-07-03-144739_002.jpg","contentUrl":"https:\/\/avcw.org\/wp-content\/uploads\/2023\/07\/cropped-signal-2023-07-03-144739_002.jpg","width":512,"height":512,"caption":"Association of Victims of Chemical Weapons"},"image":{"@id":"https:\/\/avcw.org\/#\/schema\/logo\/image\/"},"sameAs":["https:\/\/www.facebook.com\/AVCW.NGO\/","https:\/\/x.com\/avcw_org","https:\/\/www.youtube.com\/@avcw2013","https:\/\/www.instagram.com\/avcw_org\/"]},{"@type":"Person","@id":"https:\/\/avcw.org\/#\/schema\/person\/b3476fa296fba9be4d80a28ffca93f5e","name":"surround","image":{"@type":"ImageObject","inLanguage":"fr-FR","@id":"https:\/\/secure.gravatar.com\/avatar\/3aa39b4a8dc3a55febf7c9498cc5df0b3007386896275110c56938375c6cb42d?s=96&d=mm&r=g","url":"https:\/\/secure.gravatar.com\/avatar\/3aa39b4a8dc3a55febf7c9498cc5df0b3007386896275110c56938375c6cb42d?s=96&d=mm&r=g","contentUrl":"https:\/\/secure.gravatar.com\/avatar\/3aa39b4a8dc3a55febf7c9498cc5df0b3007386896275110c56938375c6cb42d?s=96&d=mm&r=g","caption":"surround"},"sameAs":["https:\/\/avcw.org"],"url":"https:\/\/avcw.org\/fr\/author\/surround\/"}]}},"_links":{"self":[{"href":"https:\/\/avcw.org\/fr\/wp-json\/wp\/v2\/posts\/2512","targetHints":{"allow":["GET"]}}],"collection":[{"href":"https:\/\/avcw.org\/fr\/wp-json\/wp\/v2\/posts"}],"about":[{"href":"https:\/\/avcw.org\/fr\/wp-json\/wp\/v2\/types\/post"}],"author":[{"embeddable":true,"href":"https:\/\/avcw.org\/fr\/wp-json\/wp\/v2\/users\/1"}],"replies":[{"embeddable":true,"href":"https:\/\/avcw.org\/fr\/wp-json\/wp\/v2\/comments?post=2512"}],"version-history":[{"count":1,"href":"https:\/\/avcw.org\/fr\/wp-json\/wp\/v2\/posts\/2512\/revisions"}],"predecessor-version":[{"id":2513,"href":"https:\/\/avcw.org\/fr\/wp-json\/wp\/v2\/posts\/2512\/revisions\/2513"}],"wp:featuredmedia":[{"embeddable":true,"href":"https:\/\/avcw.org\/fr\/wp-json\/wp\/v2\/media\/2516"}],"wp:attachment":[{"href":"https:\/\/avcw.org\/fr\/wp-json\/wp\/v2\/media?parent=2512"}],"wp:term":[{"taxonomy":"category","embeddable":true,"href":"https:\/\/avcw.org\/fr\/wp-json\/wp\/v2\/categories?post=2512"},{"taxonomy":"post_tag","embeddable":true,"href":"https:\/\/avcw.org\/fr\/wp-json\/wp\/v2\/tags?post=2512"}],"curies":[{"name":"wp","href":"https:\/\/api.w.org\/{rel}","templated":true}]}}